{"id":38393,"date":"2023-08-22T19:47:37","date_gmt":"2023-08-22T22:47:37","guid":{"rendered":"http:\/\/www.rtvnoticias.com.ar\/?p=38393"},"modified":"2023-08-22T19:47:41","modified_gmt":"2023-08-22T22:47:41","slug":"una-nina-de-12-anos-le-saco-el-auto-al-padre-choco-y-murio","status":"publish","type":"post","link":"http:\/\/www.rtvnoticias.com.ar\/?p=38393","title":{"rendered":"Una ni\u00f1a de 12 a\u00f1os le sac\u00f3 el auto al padre, choc\u00f3 y muri\u00f3"},"content":{"rendered":"\n<p>Una ni\u00f1a de 12 a\u00f1os le sac\u00f3 el auto a su padre, choc\u00f3 y falleci\u00f3 en el barrio Villa Posse, de la ciudad de C\u00f3rdoba. Sus hermanos de 11, 6 y 5 a\u00f1os que iban en el auto resultaron ilesos. Seg\u00fan se conoci\u00f3 el pap\u00e1 le hab\u00eda dicho que no saque el veh\u00edculo hasta que no llegue a la casa, pero la ni\u00f1a no habr\u00eda hecho caso, tom\u00f3 el veh\u00edculo y sali\u00f3 con sus hermanos.<\/p>\n\n\n\n<h5 class=\"wp-block-heading\"><em>\u00a0<\/em><\/h5>\n\n\n\n<figure class=\"wp-block-image\"><img decoding=\"async\" src=\"https:\/\/www.cadena3.com\/admin\/playerswf\/fotos\/ARCHI_1018252.jpg\" alt=\"FOTO: Una ni\u00f1a de 12 a\u00f1os tom\u00f3 el auto de su padre, choc\u00f3 y muri\u00f3.\"\/><\/figure>\n\n\n\n<figure class=\"wp-block-image\"><img decoding=\"async\" src=\"https:\/\/www.cadena3.com\/admin\/playerswf\/fotos\/ARCHI_1018251.jpg\" alt=\"FOTO: Una ni\u00f1a de 12 a\u00f1os tom\u00f3 el auto de su padre, choc\u00f3 y muri\u00f3.\"\/><\/figure>\n\n\n\n<p><\/p>\n\n\n\n<figure class=\"wp-block-image\"><img decoding=\"async\" src=\"https:\/\/www.cadena3.com\/admin\/playerswf\/fotos\/ARCHI_1018254.jpg\" alt=\"FOTO: Una ni\u00f1a de 12 a\u00f1os tom\u00f3 el auto de su padre, choc\u00f3 y muri\u00f3.\"\/><\/figure>\n\n\n\n<p>La menor viajaba en un Renault Sandero negro con sus hermanos de 11, 6 y 5 a\u00f1os, que resultaron ilesos. A la altura del kil\u00f3metro cuatro, perdi\u00f3 el control del autom\u00f3vil y arranc\u00f3 un poste tras el impacto.<\/p>\n\n\n\n<p>El padre indic\u00f3 fuera de micr\u00f3fonos a\u00a0Cadena 3\u00a0que no estaba en su casa y que le hab\u00eda dicho a su hija que no saque el auto y que esperaran a que llegue para llevarlos al club Banfield.\u00a0<\/p>\n\n\n\n<figure class=\"wp-block-image\"><img decoding=\"async\" src=\"https:\/\/www.cadena3.com\/admin\/playerswf\/fotos\/ARCHI_1018251.jpg\" alt=\"\"\/><\/figure>\n\n\n\n<p>Sin embargo, la chica hizo caso omiso y tom\u00f3 el veh\u00edculo. Seg\u00fan indicaron desde la Polic\u00eda, estaba aprendiendo a manejar y en algunas ocasiones llevaba el veh\u00edculo a lavar a muy pocos metros de la casa.&nbsp;<\/p>\n\n\n\n<p>El comisario inspector Daniel Segura dijo a\u00a0Cadena 3\u00a0que los otros tres menores est\u00e1n sin lesiones de consideraci\u00f3n, \u00abapenas raspones y traumatismo. \u00abUn testigo presenci\u00f3 el siniestro, no hay otro veh\u00edculo involucrado. Habr\u00eda venido a velocidad y habr\u00eda perdido el control en la calle de tierra. Derrap\u00f3 y le dio al poste\u00bb, precis\u00f3.<\/p>\n\n\n\n<p>El oficial indic\u00f3 que el padre le cont\u00f3 a la fuerza que le hab\u00eda ordenado a su hija que se quede en el domicilio.<\/p>\n\n\n\n<p>Fuente: Cadena 3<\/p>\n<div class=\"sharedaddy sd-sharing-enabled\"><div class=\"robots-nocontent sd-block sd-social sd-social-icon sd-sharing\"><h3 class=\"sd-title\">Comparte esto:<\/h3><div class=\"sd-content\"><ul><li class=\"share-twitter\"><a rel=\"nofollow noopener noreferrer\" data-shared=\"sharing-twitter-38393\" class=\"share-twitter sd-button share-icon no-text\" href=\"http:\/\/www.rtvnoticias.com.ar\/?p=38393&amp;share=twitter\" target=\"_blank\" title=\"Haz clic para compartir en Twitter\"><span><\/span><span class=\"sharing-screen-reader-text\">Haz clic para compartir en Twitter (Se abre en una ventana nueva)<\/span><\/a><\/li><li class=\"share-facebook\"><a rel=\"nofollow noopener noreferrer\" data-shared=\"sharing-facebook-38393\" class=\"share-facebook sd-button share-icon no-text\" href=\"http:\/\/www.rtvnoticias.com.ar\/?p=38393&amp;share=facebook\" target=\"_blank\" title=\"Haz clic para compartir en Facebook\"><span><\/span><span class=\"sharing-screen-reader-text\">Haz clic para compartir en Facebook (Se abre en una ventana nueva)<\/span><\/a><\/li><li class=\"share-jetpack-whatsapp\"><a rel=\"nofollow noopener noreferrer\" data-shared=\"\" class=\"share-jetpack-whatsapp sd-button share-icon no-text\" href=\"http:\/\/www.rtvnoticias.com.ar\/?p=38393&amp;share=jetpack-whatsapp\" target=\"_blank\" title=\"Haz clic para compartir en WhatsApp\"><span><\/span><span class=\"sharing-screen-reader-text\">Haz clic para compartir en WhatsApp (Se abre en una ventana nueva)<\/span><\/a><\/li><li class=\"share-telegram\"><a rel=\"nofollow noopener noreferrer\" data-shared=\"\" class=\"share-telegram sd-button share-icon no-text\" href=\"http:\/\/www.rtvnoticias.com.ar\/?p=38393&amp;share=telegram\" target=\"_blank\" title=\"Haz clic para compartir en Telegram\"><span><\/span><span class=\"sharing-screen-reader-text\">Haz clic para compartir en Telegram (Se abre en una ventana nueva)<\/span><\/a><\/li><li class=\"share-end\"><\/li><\/ul><\/div><\/div><\/div>","protected":false},"excerpt":{"rendered":"<p>Una ni\u00f1a de 12 a\u00f1os le sac\u00f3 el auto a su padre, choc\u00f3 y falleci\u00f3 en el barrio Villa Posse, de la ciudad de C\u00f3rdoba.<\/p>\n<div class=\"sharedaddy sd-sharing-enabled\"><div class=\"robots-nocontent sd-block sd-social sd-social-icon sd-sharing\"><h3 class=\"sd-title\">Comparte esto:<\/h3><div class=\"sd-content\"><ul><li class=\"share-twitter\"><a rel=\"nofollow noopener noreferrer\" data-shared=\"sharing-twitter-38393\" class=\"share-twitter sd-button share-icon no-text\" href=\"http:\/\/www.rtvnoticias.com.ar\/?p=38393&amp;share=twitter\" target=\"_blank\" title=\"Haz clic para compartir en Twitter\"><span><\/span><span class=\"sharing-screen-reader-text\">Haz clic para compartir en Twitter (Se abre en una ventana nueva)<\/span><\/a><\/li><li class=\"share-facebook\"><a rel=\"nofollow noopener noreferrer\" data-shared=\"sharing-facebook-38393\" class=\"share-facebook sd-button share-icon no-text\" href=\"http:\/\/www.rtvnoticias.com.ar\/?p=38393&amp;share=facebook\" target=\"_blank\" title=\"Haz clic para compartir en Facebook\"><span><\/span><span class=\"sharing-screen-reader-text\">Haz clic para compartir en Facebook (Se abre en una ventana nueva)<\/span><\/a><\/li><li class=\"share-jetpack-whatsapp\"><a rel=\"nofollow noopener noreferrer\" data-shared=\"\" class=\"share-jetpack-whatsapp sd-button share-icon no-text\" href=\"http:\/\/www.rtvnoticias.com.ar\/?p=38393&amp;share=jetpack-whatsapp\" target=\"_blank\" title=\"Haz clic para compartir en WhatsApp\"><span><\/span><span class=\"sharing-screen-reader-text\">Haz clic para compartir en WhatsApp (Se abre en una ventana nueva)<\/span><\/a><\/li><li class=\"share-telegram\"><a rel=\"nofollow noopener noreferrer\" data-shared=\"\" class=\"share-telegram sd-button share-icon no-text\" href=\"http:\/\/www.rtvnoticias.com.ar\/?p=38393&amp;share=telegram\" target=\"_blank\" title=\"Haz clic para compartir en Telegram\"><span><\/span><span class=\"sharing-screen-reader-text\">Haz clic para compartir en Telegram (Se abre en una ventana nueva)<\/span><\/a><\/li><li class=\"share-end\"><\/li><\/ul><\/div><\/div><\/div>","protected":false},"author":5,"featured_media":38394,"comment_status":"closed","ping_status":"closed","sticky":false,"template":"","format":"standard","meta":{"spay_email":"","jetpack_publicize_message":"","jetpack_is_tweetstorm":false,"jetpack_publicize_feature_enabled":true},"categories":[5],"tags":[4239],"jetpack_featured_media_url":"http:\/\/www.rtvnoticias.com.ar\/wp-content\/uploads\/2023\/08\/accidente-cordoba.jpg","jetpack_publicize_connections":[],"jetpack_sharing_enabled":true,"_links":{"self":[{"href":"http:\/\/www.rtvnoticias.com.ar\/index.php?rest_route=\/wp\/v2\/posts\/38393"}],"collection":[{"href":"http:\/\/www.rtvnoticias.com.ar\/index.php?rest_route=\/wp\/v2\/posts"}],"about":[{"href":"http:\/\/www.rtvnoticias.com.ar\/index.php?rest_route=\/wp\/v2\/types\/post"}],"author":[{"embeddable":true,"href":"http:\/\/www.rtvnoticias.com.ar\/index.php?rest_route=\/wp\/v2\/users\/5"}],"replies":[{"embeddable":true,"href":"http:\/\/www.rtvnoticias.com.ar\/index.php?rest_route=%2Fwp%2Fv2%2Fcomments&post=38393"}],"version-history":[{"count":1,"href":"http:\/\/www.rtvnoticias.com.ar\/index.php?rest_route=\/wp\/v2\/posts\/38393\/revisions"}],"predecessor-version":[{"id":38395,"href":"http:\/\/www.rtvnoticias.com.ar\/index.php?rest_route=\/wp\/v2\/posts\/38393\/revisions\/38395"}],"wp:featuredmedia":[{"embeddable":true,"href":"http:\/\/www.rtvnoticias.com.ar\/index.php?rest_route=\/wp\/v2\/media\/38394"}],"wp:attachment":[{"href":"http:\/\/www.rtvnoticias.com.ar\/index.php?rest_route=%2Fwp%2Fv2%2Fmedia&parent=38393"}],"wp:term":[{"taxonomy":"category","embeddable":true,"href":"http:\/\/www.rtvnoticias.com.ar\/index.php?rest_route=%2Fwp%2Fv2%2Fcategories&post=38393"},{"taxonomy":"post_tag","embeddable":true,"href":"http:\/\/www.rtvnoticias.com.ar\/index.php?rest_route=%2Fwp%2Fv2%2Ftags&post=38393"}],"curies":[{"name":"wp","href":"https:\/\/api.w.org\/{rel}","templated":true}]}}