{"id":38405,"date":"2023-08-23T12:02:13","date_gmt":"2023-08-23T15:02:13","guid":{"rendered":"http:\/\/www.rtvnoticias.com.ar\/?p=38405"},"modified":"2023-08-23T12:02:17","modified_gmt":"2023-08-23T15:02:17","slug":"no-hay-saqueos-son-robos-organizados-que-buscan-desestabilizar-aseguro-alicia-mayoral","status":"publish","type":"post","link":"http:\/\/www.rtvnoticias.com.ar\/?p=38405","title":{"rendered":"\u201cNo hay saqueos, son robos organizados que buscan desestabilizar\u201d, asegur\u00f3 Alicia Mayoral"},"content":{"rendered":"\n<p><strong><em>La diputada provincial y vicegobernadora electa, Alicia Mayoral, dijo que no hay saqueos sino que son \u201crobos organizados que buscan desestabilizar\u201d. Confi\u00f3 que Uni\u00f3n por la Patria podr\u00e1 \u201cdar vuelta\u201d la elecci\u00f3n en octubre y sostuvo que \u201chay que salir a buscar a cada elector que no fue a votar\u201d.<\/em><\/strong><\/p>\n\n\n\n<p>\u201cInvito a reflexionar. Qu\u00e9 nos est\u00e1n diciendo si no hay m\u00e1s salud p\u00fablica y si no hay m\u00e1s educaci\u00f3n. No subestimo al votante, pero Milei capt\u00f3 el voto bronca, la pobreza y el maltrago econ\u00f3mico en que nuestro gobierno est\u00e1 atrapado\u201d, analiz\u00f3.<\/p>\n\n\n\n<p>\u201cNo nos olvidemos lo que cost\u00f3 la democracia, una forma de defenderla es ir a votar\u201d, remarc\u00f3 y asegur\u00f3 que no tiene dudas que Uni\u00f3n por la Patria \u201ctiene la capacidad para dar vuelta la elecci\u00f3n\u201d en octubre.<\/p>\n\n\n\n<p>\u201cHay que salir a buscar a cada elector que no fue a votar\u201d, dijo, y admiti\u00f3 que \u201ccuesta la realidad social, ir a encontrarse con los vecinos y seducirlos desde esta realidad econ\u00f3mica\u201d.<\/p>\n\n\n\n<p>Aclar\u00f3 que no fueron saqueos a supermercados los que se produjeron en algunas ciudades del pa\u00eds, sino \u201crobos organizados que buscan desestabilizar\u201d. Y cruz\u00f3 a la vocera del Gobierno, Gabriela Cerrutti, quien hab\u00eda responsabilizado a Milei por los robos.<\/p>\n\n\n\n<p>\u201cNo fomentemos m\u00e1s la violencia, ni la grieta. Seamos responsables y tom\u00e9moslo como robos organizados\u201d, agreg\u00f3.<\/p>\n\n\n\n<p>Fuente: diariotextual<\/p>\n<div class=\"sharedaddy sd-sharing-enabled\"><div class=\"robots-nocontent sd-block sd-social sd-social-icon sd-sharing\"><h3 class=\"sd-title\">Comparte esto:<\/h3><div class=\"sd-content\"><ul><li class=\"share-twitter\"><a rel=\"nofollow noopener noreferrer\" data-shared=\"sharing-twitter-38405\" class=\"share-twitter sd-button share-icon no-text\" href=\"http:\/\/www.rtvnoticias.com.ar\/?p=38405&amp;share=twitter\" target=\"_blank\" title=\"Haz clic para compartir en Twitter\"><span><\/span><span class=\"sharing-screen-reader-text\">Haz clic para compartir en Twitter (Se abre en una ventana nueva)<\/span><\/a><\/li><li class=\"share-facebook\"><a rel=\"nofollow noopener noreferrer\" data-shared=\"sharing-facebook-38405\" class=\"share-facebook sd-button share-icon no-text\" href=\"http:\/\/www.rtvnoticias.com.ar\/?p=38405&amp;share=facebook\" target=\"_blank\" title=\"Haz clic para compartir en Facebook\"><span><\/span><span class=\"sharing-screen-reader-text\">Haz clic para compartir en Facebook (Se abre en una ventana nueva)<\/span><\/a><\/li><li class=\"share-jetpack-whatsapp\"><a rel=\"nofollow noopener noreferrer\" data-shared=\"\" class=\"share-jetpack-whatsapp sd-button share-icon no-text\" href=\"http:\/\/www.rtvnoticias.com.ar\/?p=38405&amp;share=jetpack-whatsapp\" target=\"_blank\" title=\"Haz clic para compartir en WhatsApp\"><span><\/span><span class=\"sharing-screen-reader-text\">Haz clic para compartir en WhatsApp (Se abre en una ventana nueva)<\/span><\/a><\/li><li class=\"share-telegram\"><a rel=\"nofollow noopener noreferrer\" data-shared=\"\" class=\"share-telegram sd-button share-icon no-text\" href=\"http:\/\/www.rtvnoticias.com.ar\/?p=38405&amp;share=telegram\" target=\"_blank\" title=\"Haz clic para compartir en Telegram\"><span><\/span><span class=\"sharing-screen-reader-text\">Haz clic para compartir en Telegram (Se abre en una ventana nueva)<\/span><\/a><\/li><li class=\"share-end\"><\/li><\/ul><\/div><\/div><\/div>","protected":false},"excerpt":{"rendered":"<p>La diputada provincial y vicegobernadora electa, Alicia Mayoral, dijo que no hay saqueos sino que son \u201crobos organizados que buscan desestabilizar\u201d. Confi\u00f3 que Uni\u00f3n por<\/p>\n<div class=\"sharedaddy sd-sharing-enabled\"><div class=\"robots-nocontent sd-block sd-social sd-social-icon sd-sharing\"><h3 class=\"sd-title\">Comparte esto:<\/h3><div class=\"sd-content\"><ul><li class=\"share-twitter\"><a rel=\"nofollow noopener noreferrer\" data-shared=\"sharing-twitter-38405\" class=\"share-twitter sd-button share-icon no-text\" href=\"http:\/\/www.rtvnoticias.com.ar\/?p=38405&amp;share=twitter\" target=\"_blank\" title=\"Haz clic para compartir en Twitter\"><span><\/span><span class=\"sharing-screen-reader-text\">Haz clic para compartir en Twitter (Se abre en una ventana nueva)<\/span><\/a><\/li><li class=\"share-facebook\"><a rel=\"nofollow noopener noreferrer\" data-shared=\"sharing-facebook-38405\" class=\"share-facebook sd-button share-icon no-text\" href=\"http:\/\/www.rtvnoticias.com.ar\/?p=38405&amp;share=facebook\" target=\"_blank\" title=\"Haz clic para compartir en Facebook\"><span><\/span><span class=\"sharing-screen-reader-text\">Haz clic para compartir en Facebook (Se abre en una ventana nueva)<\/span><\/a><\/li><li class=\"share-jetpack-whatsapp\"><a rel=\"nofollow noopener noreferrer\" data-shared=\"\" class=\"share-jetpack-whatsapp sd-button share-icon no-text\" href=\"http:\/\/www.rtvnoticias.com.ar\/?p=38405&amp;share=jetpack-whatsapp\" target=\"_blank\" title=\"Haz clic para compartir en WhatsApp\"><span><\/span><span class=\"sharing-screen-reader-text\">Haz clic para compartir en WhatsApp (Se abre en una ventana nueva)<\/span><\/a><\/li><li class=\"share-telegram\"><a rel=\"nofollow noopener noreferrer\" data-shared=\"\" class=\"share-telegram sd-button share-icon no-text\" href=\"http:\/\/www.rtvnoticias.com.ar\/?p=38405&amp;share=telegram\" target=\"_blank\" title=\"Haz clic para compartir en Telegram\"><span><\/span><span class=\"sharing-screen-reader-text\">Haz clic para compartir en Telegram (Se abre en una ventana nueva)<\/span><\/a><\/li><li class=\"share-end\"><\/li><\/ul><\/div><\/div><\/div>","protected":false},"author":5,"featured_media":18932,"comment_status":"closed","ping_status":"closed","sticky":false,"template":"","format":"standard","meta":{"spay_email":"","jetpack_publicize_message":"","jetpack_is_tweetstorm":false,"jetpack_publicize_feature_enabled":true},"categories":[4],"tags":[4241],"jetpack_featured_media_url":"http:\/\/www.rtvnoticias.com.ar\/wp-content\/uploads\/2020\/03\/mayoral-alicia.jpg","jetpack_publicize_connections":[],"jetpack_sharing_enabled":true,"_links":{"self":[{"href":"http:\/\/www.rtvnoticias.com.ar\/index.php?rest_route=\/wp\/v2\/posts\/38405"}],"collection":[{"href":"http:\/\/www.rtvnoticias.com.ar\/index.php?rest_route=\/wp\/v2\/posts"}],"about":[{"href":"http:\/\/www.rtvnoticias.com.ar\/index.php?rest_route=\/wp\/v2\/types\/post"}],"author":[{"embeddable":true,"href":"http:\/\/www.rtvnoticias.com.ar\/index.php?rest_route=\/wp\/v2\/users\/5"}],"replies":[{"embeddable":true,"href":"http:\/\/www.rtvnoticias.com.ar\/index.php?rest_route=%2Fwp%2Fv2%2Fcomments&post=38405"}],"version-history":[{"count":1,"href":"http:\/\/www.rtvnoticias.com.ar\/index.php?rest_route=\/wp\/v2\/posts\/38405\/revisions"}],"predecessor-version":[{"id":38406,"href":"http:\/\/www.rtvnoticias.com.ar\/index.php?rest_route=\/wp\/v2\/posts\/38405\/revisions\/38406"}],"wp:featuredmedia":[{"embeddable":true,"href":"http:\/\/www.rtvnoticias.com.ar\/index.php?rest_route=\/wp\/v2\/media\/18932"}],"wp:attachment":[{"href":"http:\/\/www.rtvnoticias.com.ar\/index.php?rest_route=%2Fwp%2Fv2%2Fmedia&parent=38405"}],"wp:term":[{"taxonomy":"category","embeddable":true,"href":"http:\/\/www.rtvnoticias.com.ar\/index.php?rest_route=%2Fwp%2Fv2%2Fcategories&post=38405"},{"taxonomy":"post_tag","embeddable":true,"href":"http:\/\/www.rtvnoticias.com.ar\/index.php?rest_route=%2Fwp%2Fv2%2Ftags&post=38405"}],"curies":[{"name":"wp","href":"https:\/\/api.w.org\/{rel}","templated":true}]}}