{"id":38415,"date":"2023-08-23T12:48:18","date_gmt":"2023-08-23T15:48:18","guid":{"rendered":"http:\/\/www.rtvnoticias.com.ar\/?p=38415"},"modified":"2023-08-23T12:51:16","modified_gmt":"2023-08-23T15:51:16","slug":"ziliotto-convoco-a-los-pampeanos-a-defender-lo-conseguido","status":"publish","type":"post","link":"http:\/\/www.rtvnoticias.com.ar\/?p=38415","title":{"rendered":"Ziliotto convoc\u00f3 a los pampeanos a \u00abdefender lo conseguido\u00bb"},"content":{"rendered":"\n<p>El gobernador de La Pampa, Sergio Ziliotto afirm\u00f3 que la campa\u00f1a de Uni\u00f3n por la Patria en La Pampa \u00a0debe basarse en \u00abdefender lo conseguido\u00bb ante el avance de los antiderechos. A modo de ejemplo cit\u00f3: que en materia de Salud sigan las \u00abvacunas gratuitas, los medicamentos gratuitos, adem\u00e1s de atenci\u00f3n, internaci\u00f3n gratuita y cirug\u00edas gratuitas\u00bb. <\/p>\n\n\n\n<p>\u00abQue el Estado garantice a ni\u00f1os, ni\u00f1as y adolescentes de bajos recursos no solo educaci\u00f3n p\u00fablica, sino que tambi\u00e9n los lleve a la escuela, y si es necesario reciban guardapolvos, zapatillas, la comida, la merienda, el desayuno en la escuela p\u00fablica\u00bb, afirm\u00f3. \u00a0Ziliotto hizo declaraciones a la prensa luego de recibir el diploma como Gobernador electo en un acto desarrollado en el Centro Cultural Medasur de Santa Rosa.<\/p>\n\n\n\n<p><strong>-\u00bfLos desaf\u00edos para los pr\u00f3ximos cuatro a\u00f1os se van a modificar o van a cambiar? \u00bfDepende del 10 de diciembre, de qu\u00e9 color pol\u00edtico haya a nivel nacional?<\/strong><\/p>\n\n\n\n<p>-S\u00ed, por supuesto. La pregunta a tu pregunta es analizar los dos espejos que tenemos para mirarnos, \u00bfno? Estos cuatro a\u00f1os de un gobierno federal y cuatro a\u00f1os anteriores de una derecha centralista.<\/p>\n\n\n\n<p>Por eso cuando hablamos de que est\u00e1 en juego el futuro de la provincia de La Pampa no es una chicana, no es meter miedo, es describir la realidad, nada m\u00e1s. Y creo que nuestro deber como dirigentes pol\u00edticos es llevar el mensaje a la sociedad, que la sociedad tenga los mayores elementos para discernir, para elegir su voto y tranquilamente, en democracia, sin presiones defina qu\u00e9 futuro quiere para la provincia de La Pampa.<\/p>\n\n\n\n<p><strong>-\u00bfC\u00f3mo se instala la campa\u00f1a del miedo? \u00bfSe puede compartir con propuestas? \u00bfC\u00f3mo van a afrontar esto?<\/strong><\/p>\n\n\n\n<p>La campa\u00f1a es la realidad. Nosotros vamos a plantear una campa\u00f1a muy clara que es defender lo conseguido. Yo quiero seguir defendiendo que una persona vaya al hospital p\u00fablico, que tenga vacunas gratuitas, medicamentos gratuitos, atenci\u00f3n e internaci\u00f3n gratuita, cirug\u00edas gratuitas. Quiero que los trabajadores de los frigor\u00edficos pampeanos, que es una industria que ha crecido exponencialmente, siga teniendo trabajo porque podemos seguir exportando a China y a Brasil. Quiero que los ni\u00f1os, ni\u00f1as y adolescentes de bajos recursos tengan la posibilidad de que el Estado no solo les d\u00e9 educaci\u00f3n p\u00fablica, sino que tambi\u00e9n los pase a buscar, los lleve a la escuela, y si es necesario reciban guardapolvos, zapatillas, la comida, la merienda, el desayuno en la escuela p\u00fablica. La campa\u00f1a debe ser positiva. En La Pampa es defender lo conseguido y mostrar que la continuidad de una gesti\u00f3n eficiente la podemos tener \u00fanicamente con un gobierno federal, un Gobierno que mira todas las provincias de la misma manera. Porque la base es la gesti\u00f3n, con un Estado presente. Seguramente se va a discutir tambi\u00e9n si Estado o mercado, veremos cu\u00e1les son los beneficios que da el Estado, un Estado presente, eficiente, y cu\u00e1les son los beneficios que puede dar el mercado. Claramente, la diferencia va a ser donde va a estar la gente, si adentro o afuera.<br><br><strong>&#8211; \u00bfC\u00f3mo considera las declaraciones de Filguera Lima, un doctor que fue funcionario de un gobierno peronista y ahora quiere privatizar una salud p\u00fablica de la que fue parte?<\/strong><\/p>\n\n\n\n<p>&#8211; No lo enmarco en las personas, sino en las ideolog\u00edas, hoy quieren que el mercado defina todo, son antiderechos, les molesta que los que menos tienen tengan derechos.<\/p>\n\n\n\n<p><strong>&#8211; \u00bfHoy hay infiltrados?<\/strong><\/p>\n\n\n\n<p>&#8211;\u00a0 Hoy todos los que est\u00e1n, est\u00e1n trabajando de la misma manera. Ustedes saben bien que nosotros tuvimos un sesgo ideol\u00f3gico en la d\u00e9cada de los 90, de un Gobierno que no miraba a los que menos tienen como se debe mirarlo a partir de la doctrina y las banderas del justicialismo.<br>Nosotros vamos a hacer un gran llamado a la sociedad pampeana para que elija su futuro y plantearle realmente cu\u00e1l es el futuro seg\u00fan cada propuesta, qu\u00e9 significa votar a un candidato que es el \u00fanico, que es Sergio Massa, que defiende los derechos adquiridos, y el resto, la derecha centralista. Aquella que ya nos discrimin\u00f3 una vez y que realmente no solo lo est\u00e1 prometiendo, sino que lo va a volver a hacer. Si ustedes me dicen que hay un candidato que va a eliminar la coparticipaci\u00f3n, que hay otro sector pol\u00edtico de derecha que ya le quit\u00f3 a las provincias para darle a la ciudad de Buenos Aires, o sea, para centralizar m\u00e1s la riqueza, claramente creo que tenemos que tenerlo muy en cuenta.<\/p>\n\n\n\n<p><strong>&#8211; \u00bfNo hace falta m\u00e1s una exposici\u00f3n p\u00fablica mayor de Uni\u00f3n por la Patria?<\/strong><\/p>\n\n\n\n<p>Nosotros tenemos la responsabilidad de gobernar. Yo la semana pasada estuve con Sergio Massa y lo que menos hablamos fue de campa\u00f1a electoral. Yo creo que hoy lo que tenemos que hacer es ver de qu\u00e9 manera, a trav\u00e9s de todos los instrumentos p\u00fablicos, a trav\u00e9s del Estado presente, le damos respuesta, principalmente a los que menos tienen, por lo que signific\u00f3 la devaluaci\u00f3n impuesta por el FMI. Una devaluaci\u00f3n impuesta por el FMI que trajo la derecha a la Argentina, no para crecer, sino para fugar el dinero fuera del pa\u00eds. Principalmente, los amigos del poder.<br><br><strong>&#8211; \u00bfMilei es Macri?<\/strong><\/p>\n\n\n\n<p>&#8211; La derecha es antiderechos. M\u00e1s all\u00e1 de los nombres propios es la derecha, la que nos quiere quitar todo lo conseguido.<\/p>\n<div class=\"sharedaddy sd-sharing-enabled\"><div class=\"robots-nocontent sd-block sd-social sd-social-icon sd-sharing\"><h3 class=\"sd-title\">Comparte esto:<\/h3><div class=\"sd-content\"><ul><li class=\"share-twitter\"><a rel=\"nofollow noopener noreferrer\" data-shared=\"sharing-twitter-38415\" class=\"share-twitter sd-button share-icon no-text\" href=\"http:\/\/www.rtvnoticias.com.ar\/?p=38415&amp;share=twitter\" target=\"_blank\" title=\"Haz clic para compartir en Twitter\"><span><\/span><span class=\"sharing-screen-reader-text\">Haz clic para compartir en Twitter (Se abre en una ventana nueva)<\/span><\/a><\/li><li class=\"share-facebook\"><a rel=\"nofollow noopener noreferrer\" data-shared=\"sharing-facebook-38415\" class=\"share-facebook sd-button share-icon no-text\" href=\"http:\/\/www.rtvnoticias.com.ar\/?p=38415&amp;share=facebook\" target=\"_blank\" title=\"Haz clic para compartir en Facebook\"><span><\/span><span class=\"sharing-screen-reader-text\">Haz clic para compartir en Facebook (Se abre en una ventana nueva)<\/span><\/a><\/li><li class=\"share-jetpack-whatsapp\"><a rel=\"nofollow noopener noreferrer\" data-shared=\"\" class=\"share-jetpack-whatsapp sd-button share-icon no-text\" href=\"http:\/\/www.rtvnoticias.com.ar\/?p=38415&amp;share=jetpack-whatsapp\" target=\"_blank\" title=\"Haz clic para compartir en WhatsApp\"><span><\/span><span class=\"sharing-screen-reader-text\">Haz clic para compartir en WhatsApp (Se abre en una ventana nueva)<\/span><\/a><\/li><li class=\"share-telegram\"><a rel=\"nofollow noopener noreferrer\" data-shared=\"\" class=\"share-telegram sd-button share-icon no-text\" href=\"http:\/\/www.rtvnoticias.com.ar\/?p=38415&amp;share=telegram\" target=\"_blank\" title=\"Haz clic para compartir en Telegram\"><span><\/span><span class=\"sharing-screen-reader-text\">Haz clic para compartir en Telegram (Se abre en una ventana nueva)<\/span><\/a><\/li><li class=\"share-end\"><\/li><\/ul><\/div><\/div><\/div>","protected":false},"excerpt":{"rendered":"<p>El gobernador de La Pampa, Sergio Ziliotto afirm\u00f3 que la campa\u00f1a de Uni\u00f3n por la Patria en La Pampa \u00a0debe basarse en \u00abdefender lo conseguido\u00bb<\/p>\n<div class=\"sharedaddy sd-sharing-enabled\"><div class=\"robots-nocontent sd-block sd-social sd-social-icon sd-sharing\"><h3 class=\"sd-title\">Comparte esto:<\/h3><div class=\"sd-content\"><ul><li class=\"share-twitter\"><a rel=\"nofollow noopener noreferrer\" data-shared=\"sharing-twitter-38415\" class=\"share-twitter sd-button share-icon no-text\" href=\"http:\/\/www.rtvnoticias.com.ar\/?p=38415&amp;share=twitter\" target=\"_blank\" title=\"Haz clic para compartir en Twitter\"><span><\/span><span class=\"sharing-screen-reader-text\">Haz clic para compartir en Twitter (Se abre en una ventana nueva)<\/span><\/a><\/li><li class=\"share-facebook\"><a rel=\"nofollow noopener noreferrer\" data-shared=\"sharing-facebook-38415\" class=\"share-facebook sd-button share-icon no-text\" href=\"http:\/\/www.rtvnoticias.com.ar\/?p=38415&amp;share=facebook\" target=\"_blank\" title=\"Haz clic para compartir en Facebook\"><span><\/span><span class=\"sharing-screen-reader-text\">Haz clic para compartir en Facebook (Se abre en una ventana nueva)<\/span><\/a><\/li><li class=\"share-jetpack-whatsapp\"><a rel=\"nofollow noopener noreferrer\" data-shared=\"\" class=\"share-jetpack-whatsapp sd-button share-icon no-text\" href=\"http:\/\/www.rtvnoticias.com.ar\/?p=38415&amp;share=jetpack-whatsapp\" target=\"_blank\" title=\"Haz clic para compartir en WhatsApp\"><span><\/span><span class=\"sharing-screen-reader-text\">Haz clic para compartir en WhatsApp (Se abre en una ventana nueva)<\/span><\/a><\/li><li class=\"share-telegram\"><a rel=\"nofollow noopener noreferrer\" data-shared=\"\" class=\"share-telegram sd-button share-icon no-text\" href=\"http:\/\/www.rtvnoticias.com.ar\/?p=38415&amp;share=telegram\" target=\"_blank\" title=\"Haz clic para compartir en Telegram\"><span><\/span><span class=\"sharing-screen-reader-text\">Haz clic para compartir en Telegram (Se abre en una ventana nueva)<\/span><\/a><\/li><li class=\"share-end\"><\/li><\/ul><\/div><\/div><\/div>","protected":false},"author":5,"featured_media":38416,"comment_status":"closed","ping_status":"closed","sticky":false,"template":"","format":"standard","meta":{"spay_email":"","jetpack_publicize_message":"","jetpack_is_tweetstorm":false,"jetpack_publicize_feature_enabled":true},"categories":[4],"tags":[4243],"jetpack_featured_media_url":"http:\/\/www.rtvnoticias.com.ar\/wp-content\/uploads\/2023\/08\/ziliotto-diploma.jpg","jetpack_publicize_connections":[],"jetpack_sharing_enabled":true,"_links":{"self":[{"href":"http:\/\/www.rtvnoticias.com.ar\/index.php?rest_route=\/wp\/v2\/posts\/38415"}],"collection":[{"href":"http:\/\/www.rtvnoticias.com.ar\/index.php?rest_route=\/wp\/v2\/posts"}],"about":[{"href":"http:\/\/www.rtvnoticias.com.ar\/index.php?rest_route=\/wp\/v2\/types\/post"}],"author":[{"embeddable":true,"href":"http:\/\/www.rtvnoticias.com.ar\/index.php?rest_route=\/wp\/v2\/users\/5"}],"replies":[{"embeddable":true,"href":"http:\/\/www.rtvnoticias.com.ar\/index.php?rest_route=%2Fwp%2Fv2%2Fcomments&post=38415"}],"version-history":[{"count":2,"href":"http:\/\/www.rtvnoticias.com.ar\/index.php?rest_route=\/wp\/v2\/posts\/38415\/revisions"}],"predecessor-version":[{"id":38418,"href":"http:\/\/www.rtvnoticias.com.ar\/index.php?rest_route=\/wp\/v2\/posts\/38415\/revisions\/38418"}],"wp:featuredmedia":[{"embeddable":true,"href":"http:\/\/www.rtvnoticias.com.ar\/index.php?rest_route=\/wp\/v2\/media\/38416"}],"wp:attachment":[{"href":"http:\/\/www.rtvnoticias.com.ar\/index.php?rest_route=%2Fwp%2Fv2%2Fmedia&parent=38415"}],"wp:term":[{"taxonomy":"category","embeddable":true,"href":"http:\/\/www.rtvnoticias.com.ar\/index.php?rest_route=%2Fwp%2Fv2%2Fcategories&post=38415"},{"taxonomy":"post_tag","embeddable":true,"href":"http:\/\/www.rtvnoticias.com.ar\/index.php?rest_route=%2Fwp%2Fv2%2Ftags&post=38415"}],"curies":[{"name":"wp","href":"https:\/\/api.w.org\/{rel}","templated":true}]}}