{"id":38419,"date":"2023-08-23T20:31:23","date_gmt":"2023-08-23T23:31:23","guid":{"rendered":"http:\/\/www.rtvnoticias.com.ar\/?p=38419"},"modified":"2023-08-23T20:31:26","modified_gmt":"2023-08-23T23:31:26","slug":"massa-anuncio-compensaciones-para-los-comerciantes-que-sufrieron-robos-masivos","status":"publish","type":"post","link":"http:\/\/www.rtvnoticias.com.ar\/?p=38419","title":{"rendered":"Massa anunci\u00f3 compensaciones para los comerciantes que sufrieron robos masivos"},"content":{"rendered":"\n<p>El ministro de Econom\u00eda y candidato presidencial de Uni\u00f3n por la Patria (UxP), Sergio Massa, anunci\u00f3 este mi\u00e9rcoles a la noche que habr\u00e1 \u00abreembolsos\u00bb para los comerciantes que en los \u00faltimos d\u00edas sufrieron robos en distintos puntos del pa\u00eds y pidi\u00f3 a los jueces y fiscales que \u00abapliquen el C\u00f3digo Penal en su plenitud\u00bb para que los detenidos por estos ataques \u00abno entren por una puerta y salgan por la otra\u00bb.<\/p>\n\n\n\n<p>Consultado en Washington por los ataques organizados contra comercios en los \u00faltimos d\u00edas en distintas provincias, Massa afirm\u00f3 que \u00abuno de los planos\u00bb de esos hechos es \u00abla causa y el origen\u00bb de esos delitos, por lo que \u00abser\u00e1 responsabilidad de jueces y fiscales buscar si se trata de delincuentes o de delincuentes instigados\u00bb.<\/p>\n\n\n\n<p>El \u00absegundo plano\u00bb, describi\u00f3, est\u00e1 conformado por la \u00abgente de laburo\u00bb, en referencia al \u00absupermercadista que trabaja todos los d\u00edas, levanta la persiana y fue v\u00edctima de un delito\u00bb.<\/p>\n\n\n\n<p>En conferencia de prensa, Massa anunci\u00f3 que instruy\u00f3 a la Secretar\u00eda de Industria de la cartera econ\u00f3mica para que a \u00abcada uno de los comerciantes atacados en Neuqu\u00e9n, Buenos Aires, R\u00edo Negro, C\u00f3rdoba y Mendoza, y que tengan la denuncia realizada y una constataci\u00f3n de las p\u00e9rdidas, se les haga un aporte no reembolsable de hasta 7 millones de pesos para recuperar el capital de trabajo\u00bb.<\/p>\n\n\n\n<p>El funcionario se\u00f1al\u00f3 que \u00abla gente de trabajo, que fue v\u00edctima de un delito, tiene que ver en el Estado su capacidad de respuesta y protecci\u00f3n\u00bb.<\/p>\n\n\n\n<p>FOTO: El ministro de Econom\u00eda, Sergio Massa, dio una conferencia tras reunirse con el FMI.<br>FOTO: El ministro de Econom\u00eda, Sergio Massa, dio una conferencia tras reunirse con el FMI.<\/p>\n\n\n\n<p>\u2039\u203a<\/p>\n\n\n\n<p>El ministro de Econom\u00eda y candidato presidencial de Uni\u00f3n por la Patria (UxP), Sergio Massa, anunci\u00f3 este mi\u00e9rcoles a la noche que habr\u00e1 \u00abreembolsos\u00bb para los comerciantes que en los \u00faltimos d\u00edas sufrieron robos en distintos puntos del pa\u00eds y pidi\u00f3 a los jueces y fiscales que \u00abapliquen el C\u00f3digo Penal en su plenitud\u00bb para que los detenidos por estos ataques \u00abno entren por una puerta y salgan por la otra\u00bb.<\/p>\n\n\n\n<p>Consultado en Washington por los ataques organizados contra comercios en los \u00faltimos d\u00edas en distintas provincias, Massa afirm\u00f3 que \u00abuno de los planos\u00bb de esos hechos es \u00abla causa y el origen\u00bb de esos delitos, por lo que \u00abser\u00e1 responsabilidad de jueces y fiscales buscar si se trata de delincuentes o de delincuentes instigados\u00bb.<\/p>\n\n\n\n<p>Tensi\u00f3n social<\/p>\n\n\n\n<p>El Presidente habl\u00f3 de los robos masivos: \u00abLes pido que cuidemos la paz social\u00bb<br>El \u00absegundo plano\u00bb, describi\u00f3, est\u00e1 conformado por la \u00abgente de laburo\u00bb, en referencia al \u00absupermercadista que trabaja todos los d\u00edas, levanta la persiana y fue v\u00edctima de un delito\u00bb.<\/p>\n\n\n\n<p>En conferencia de prensa, Massa anunci\u00f3 que instruy\u00f3 a la Secretar\u00eda de Industria de la cartera econ\u00f3mica para que a \u00abcada uno de los comerciantes atacados en Neuqu\u00e9n, Buenos Aires, R\u00edo Negro, C\u00f3rdoba y Mendoza, y que tengan la denuncia realizada y una constataci\u00f3n de las p\u00e9rdidas, se les haga un aporte no reembolsable de hasta 7 millones de pesos para recuperar el capital de trabajo\u00bb.<\/p>\n\n\n\n<p>El funcionario se\u00f1al\u00f3 que \u00abla gente de trabajo, que fue v\u00edctima de un delito, tiene que ver en el Estado su capacidad de respuesta y protecci\u00f3n\u00bb.<\/p>\n\n\n\n<p>Elecciones 2023<\/p>\n\n\n\n<p>El Gobierno insiste en que los responsables de los saqueos son Bullrich y Milei<br>Por otro lado, Massa indic\u00f3 que pidi\u00f3 a la Secretar\u00eda de Legal y T\u00e9cnica del Ministerio de Econom\u00eda que \u00abarme un equipo de seguimiento\u00bb porque, dijo, \u00abno puede pasar\u00bb que los detenidos por esos ataques \u00abentren por una puerta y salgan por la otra\u00bb.<\/p>\n\n\n\n<p>\u00abVamos a estar controlando a esos jueces y fiscales para que apliquen el C\u00f3digo Penal en su plenitud\u00bb, adelant\u00f3.<\/p>\n\n\n\n<p>Y advirti\u00f3: \u201cPara quienes no apliquen la ley, armamos un equipo de abogados que va a denunciarlos y pedir el juicio pol\u00edtico\u00bb.<\/p>\n\n\n\n<p>El Gobierno nacional y autoridades provinciales advirtieron este mi\u00e9rcoles sobre la acci\u00f3n de grupos de instigadores que buscan alterar la paz social en medio del proceso eleccionario y aseguraron que \u00abcaer\u00e1 el peso de la ley\u00bb sobre los responsables de una serie de robos organizados e intentos de asalto contra comercios en distintas partes del pa\u00eds, con un resultado de al menos 100 detenidos.<\/p>\n<div class=\"sharedaddy sd-sharing-enabled\"><div class=\"robots-nocontent sd-block sd-social sd-social-icon sd-sharing\"><h3 class=\"sd-title\">Comparte esto:<\/h3><div class=\"sd-content\"><ul><li class=\"share-twitter\"><a rel=\"nofollow noopener noreferrer\" data-shared=\"sharing-twitter-38419\" class=\"share-twitter sd-button share-icon no-text\" href=\"http:\/\/www.rtvnoticias.com.ar\/?p=38419&amp;share=twitter\" target=\"_blank\" title=\"Haz clic para compartir en Twitter\"><span><\/span><span class=\"sharing-screen-reader-text\">Haz clic para compartir en Twitter (Se abre en una ventana nueva)<\/span><\/a><\/li><li class=\"share-facebook\"><a rel=\"nofollow noopener noreferrer\" data-shared=\"sharing-facebook-38419\" class=\"share-facebook sd-button share-icon no-text\" href=\"http:\/\/www.rtvnoticias.com.ar\/?p=38419&amp;share=facebook\" target=\"_blank\" title=\"Haz clic para compartir en Facebook\"><span><\/span><span class=\"sharing-screen-reader-text\">Haz clic para compartir en Facebook (Se abre en una ventana nueva)<\/span><\/a><\/li><li class=\"share-jetpack-whatsapp\"><a rel=\"nofollow noopener noreferrer\" data-shared=\"\" class=\"share-jetpack-whatsapp sd-button share-icon no-text\" href=\"http:\/\/www.rtvnoticias.com.ar\/?p=38419&amp;share=jetpack-whatsapp\" target=\"_blank\" title=\"Haz clic para compartir en WhatsApp\"><span><\/span><span class=\"sharing-screen-reader-text\">Haz clic para compartir en WhatsApp (Se abre en una ventana nueva)<\/span><\/a><\/li><li class=\"share-telegram\"><a rel=\"nofollow noopener noreferrer\" data-shared=\"\" class=\"share-telegram sd-button share-icon no-text\" href=\"http:\/\/www.rtvnoticias.com.ar\/?p=38419&amp;share=telegram\" target=\"_blank\" title=\"Haz clic para compartir en Telegram\"><span><\/span><span class=\"sharing-screen-reader-text\">Haz clic para compartir en Telegram (Se abre en una ventana nueva)<\/span><\/a><\/li><li class=\"share-end\"><\/li><\/ul><\/div><\/div><\/div>","protected":false},"excerpt":{"rendered":"<p>El ministro de Econom\u00eda y candidato presidencial de Uni\u00f3n por la Patria (UxP), Sergio Massa, anunci\u00f3 este mi\u00e9rcoles a la noche que habr\u00e1 \u00abreembolsos\u00bb para<\/p>\n<div class=\"sharedaddy sd-sharing-enabled\"><div class=\"robots-nocontent sd-block sd-social sd-social-icon sd-sharing\"><h3 class=\"sd-title\">Comparte esto:<\/h3><div class=\"sd-content\"><ul><li class=\"share-twitter\"><a rel=\"nofollow noopener noreferrer\" data-shared=\"sharing-twitter-38419\" class=\"share-twitter sd-button share-icon no-text\" href=\"http:\/\/www.rtvnoticias.com.ar\/?p=38419&amp;share=twitter\" target=\"_blank\" title=\"Haz clic para compartir en Twitter\"><span><\/span><span class=\"sharing-screen-reader-text\">Haz clic para compartir en Twitter (Se abre en una ventana nueva)<\/span><\/a><\/li><li class=\"share-facebook\"><a rel=\"nofollow noopener noreferrer\" data-shared=\"sharing-facebook-38419\" class=\"share-facebook sd-button share-icon no-text\" href=\"http:\/\/www.rtvnoticias.com.ar\/?p=38419&amp;share=facebook\" target=\"_blank\" title=\"Haz clic para compartir en Facebook\"><span><\/span><span class=\"sharing-screen-reader-text\">Haz clic para compartir en Facebook (Se abre en una ventana nueva)<\/span><\/a><\/li><li class=\"share-jetpack-whatsapp\"><a rel=\"nofollow noopener noreferrer\" data-shared=\"\" class=\"share-jetpack-whatsapp sd-button share-icon no-text\" href=\"http:\/\/www.rtvnoticias.com.ar\/?p=38419&amp;share=jetpack-whatsapp\" target=\"_blank\" title=\"Haz clic para compartir en WhatsApp\"><span><\/span><span class=\"sharing-screen-reader-text\">Haz clic para compartir en WhatsApp (Se abre en una ventana nueva)<\/span><\/a><\/li><li class=\"share-telegram\"><a rel=\"nofollow noopener noreferrer\" data-shared=\"\" class=\"share-telegram sd-button share-icon no-text\" href=\"http:\/\/www.rtvnoticias.com.ar\/?p=38419&amp;share=telegram\" target=\"_blank\" title=\"Haz clic para compartir en Telegram\"><span><\/span><span class=\"sharing-screen-reader-text\">Haz clic para compartir en Telegram (Se abre en una ventana nueva)<\/span><\/a><\/li><li class=\"share-end\"><\/li><\/ul><\/div><\/div><\/div>","protected":false},"author":7,"featured_media":37926,"comment_status":"closed","ping_status":"closed","sticky":false,"template":"","format":"standard","meta":{"spay_email":"","jetpack_publicize_message":"","jetpack_is_tweetstorm":false,"jetpack_publicize_feature_enabled":true},"categories":[1],"tags":[],"jetpack_featured_media_url":"http:\/\/www.rtvnoticias.com.ar\/wp-content\/uploads\/2023\/07\/massa-anuncios.jpg","jetpack_publicize_connections":[],"jetpack_sharing_enabled":true,"_links":{"self":[{"href":"http:\/\/www.rtvnoticias.com.ar\/index.php?rest_route=\/wp\/v2\/posts\/38419"}],"collection":[{"href":"http:\/\/www.rtvnoticias.com.ar\/index.php?rest_route=\/wp\/v2\/posts"}],"about":[{"href":"http:\/\/www.rtvnoticias.com.ar\/index.php?rest_route=\/wp\/v2\/types\/post"}],"author":[{"embeddable":true,"href":"http:\/\/www.rtvnoticias.com.ar\/index.php?rest_route=\/wp\/v2\/users\/7"}],"replies":[{"embeddable":true,"href":"http:\/\/www.rtvnoticias.com.ar\/index.php?rest_route=%2Fwp%2Fv2%2Fcomments&post=38419"}],"version-history":[{"count":1,"href":"http:\/\/www.rtvnoticias.com.ar\/index.php?rest_route=\/wp\/v2\/posts\/38419\/revisions"}],"predecessor-version":[{"id":38420,"href":"http:\/\/www.rtvnoticias.com.ar\/index.php?rest_route=\/wp\/v2\/posts\/38419\/revisions\/38420"}],"wp:featuredmedia":[{"embeddable":true,"href":"http:\/\/www.rtvnoticias.com.ar\/index.php?rest_route=\/wp\/v2\/media\/37926"}],"wp:attachment":[{"href":"http:\/\/www.rtvnoticias.com.ar\/index.php?rest_route=%2Fwp%2Fv2%2Fmedia&parent=38419"}],"wp:term":[{"taxonomy":"category","embeddable":true,"href":"http:\/\/www.rtvnoticias.com.ar\/index.php?rest_route=%2Fwp%2Fv2%2Fcategories&post=38419"},{"taxonomy":"post_tag","embeddable":true,"href":"http:\/\/www.rtvnoticias.com.ar\/index.php?rest_route=%2Fwp%2Fv2%2Ftags&post=38419"}],"curies":[{"name":"wp","href":"https:\/\/api.w.org\/{rel}","templated":true}]}}