{"id":38421,"date":"2023-08-24T06:33:00","date_gmt":"2023-08-24T09:33:00","guid":{"rendered":"http:\/\/www.rtvnoticias.com.ar\/?p=38421"},"modified":"2023-08-23T20:38:13","modified_gmt":"2023-08-23T23:38:13","slug":"tres-empresas-se-presentaron-en-la-licitacion-de-la-ampliacion-y-refaccion-del-hospital-de-victorica","status":"publish","type":"post","link":"http:\/\/www.rtvnoticias.com.ar\/?p=38421","title":{"rendered":"Tres empresas se presentaron en la licitaci\u00f3n de la ampliaci\u00f3n y refacci\u00f3n del Hospital de Victorica"},"content":{"rendered":"\n<p>Se llev\u00f3 a cabo en el Ministerio de Obras y Servicios P\u00fablicos la licitaci\u00f3n de \u201cAmpliaci\u00f3n y refacci\u00f3n del Hospital Luisa P. Pistarini \u2013 Victorica\u201d. Tres empresas presentaron ofertas para realizar la obra que cuenta con un presupuesto oficial, actualizado al mes de julio pasado, de $ 2.054.281.425,67.<\/p>\n\n\n\n<p>La jornada estuvo encabezada por los ministros de Obras y Servicios P\u00fablicos y de Salud, Julio Rojo y Mario Kohan respectivamente, y estuvieron acompa\u00f1ados por el intendente de Victorica, Hugo Kenny y la directora del Hospital \u00abLuisa P. Pistarini\u00bb, Nerina Hecker.<\/p>\n\n\n\n<p>El ministro de Obras y Servicios P\u00fablicos, Julio Rojo, destac\u00f3 que \u201ces un d\u00eda muy especial para la localidad ya que se da inicio al proceso de una obra que es muy solicitada desde el \u00e1rea de Salud y que venimos trabajando desde hace tiempo en el proceso t\u00e9cnico de documentaci\u00f3n de la obra; un Hospital muy importante para la regi\u00f3n, no solamente para Victorica, ya que mucha gente del sur de San Luis visita el Hospital de Nivel 4 que cuenta con todas las prestaciones de esa categor\u00eda\u201d, indic\u00f3.<\/p>\n\n\n\n<p>\u201cEl Establecimiento necesita algunos trabajos de refacci\u00f3n sin interrumpir las prestaciones del Hospital, funcionando simult\u00e1neamente. Es por eso la importancia de coordinar con la Direcci\u00f3n del Hospital y el Ministerio de Salud, de qu\u00e9 manera podemos avanzar con la obra sin generar interferencias en la prestaci\u00f3n de este servicio que es fundamental. Se presentaron tres empresas locales a la licitaci\u00f3n las cuales ser\u00e1n evaluadas dentro de la comisi\u00f3n a cargo, pero los valores presentados son razonables\u201d, concluy\u00f3.<\/p>\n\n\n\n<p>El ministro de Salud, Mario Kohan, indic\u00f3 que \u201cdesde Salud celebramos la continuaci\u00f3n de un plan de trabajo que persigue como objetivo elaborar una red de Salud provincial conc\u00e9ntricas, lo que significa desde los costados hacia el centro. Hace poco instalamos un tom\u00f3grafo de alta complejidad en Victorica para conectarlo en red a todo el sistema de Salud de la Provincia. En este caso de obra pasa de igual forma, no hay m\u00e1s hospitales o centros de salud aislados gracias a la Ley de Telemedicina otorgada por el Gobierno, y la historia cl\u00ednica digital \u00fanica que nos permite una autopista de permanente intercambio de informaci\u00f3n\u201d, destac\u00f3.<\/p>\n\n\n\n<p>Para finalizar, Kohan realiz\u00f3 un balance de las obras en proceso y concluidas en materia de centros hospitalarios en el territorio provincial. \u201cHoy contamos con obras como la de 25 Mayo, La Adela con otro Hospital nivel 4, Santa Isabel con nivel 3, Catril\u00f3, ahora Victorica y Realic\u00f3 ya finalizado. Lo importante de entender es que son obras que se integran entre s\u00ed\u201d, concluy\u00f3.<\/p>\n\n\n\n<p><strong>CONCEPTOS DEL INTENDENTE HUGO KENNY<\/strong><\/p>\n\n\n\n<p>Consultado sobre la importancia que difiere la obra en la localidad, el jefe comunal indic\u00f3 que \u201ces muy importante para toda la regi\u00f3n porque el Hospital de Victorica es cabecera y poderlo renovar y ampliar es muy importante. Le hace falta tambi\u00e9n porque es un Hospital que m\u00e1s all\u00e1 de la mucha actividad que tiene, es un edificio de muchos a\u00f1os, y que siempre se le hace algo. Pero cuando es una obra integral y de esta magnitud, es mucho m\u00e1s trascendente. Se le ha incorporado much\u00edsimo equipamiento tambi\u00e9n durante todo este tiempo, pero esto es distinto, es ampliar lo edilicio, as\u00ed que la verdad que contentos\u201d, indic\u00f3.<\/p>\n\n\n\n<p>En relaci\u00f3n a la generaci\u00f3n de mano de obra y el recurso humano a desarrollarse con el hospital ampliado, Kenny dijo que \u201cespero que hoy se pueda concretar y que las ofertas sean, o que est\u00e9n a la altura del pliego, para que se pueda ir avanzando en este proceso. Casi siempre las empresas que llegan a construir necesitan de recursos humanos, se instalan en la localidad, generan trabajo que hoy no est\u00e1 mal, que hace mucha falta. Asociado a otras obras que se est\u00e1n desarrollando en Victorica, como en el Campo Solar, la verdad que van desandando por ah\u00ed la situaci\u00f3n econ\u00f3mica que no es la ideal en casas de familias\u201d, continu\u00f3.<\/p>\n\n\n\n<p>\u201cEl Gobierno provincial siempre est\u00e1 acompa\u00f1ando y viendo en qu\u00e9 va avanzando, solucionando problemas, en este otro caso de la energ\u00eda solar, generando un cambio radical de dar vuelta a la matriz, y seguir hacia la generaci\u00f3n de energ\u00eda alternativa que es important\u00edsimo ya como Provincia y como colaborador al ambiente\u201d, concluy\u00f3.<\/p>\n\n\n\n<p><strong>OFERTAS<\/strong><\/p>\n\n\n\n<p>Tres empresas cotizaron la construcci\u00f3n de la obra. Se trata de las firmas Innokonst S.A.,Grupo Rigem y Bepha Construcciones, cuyas ofertas ser\u00e1n evaluadas por la comisi\u00f3n respectiva.<\/p>\n<div class=\"sharedaddy sd-sharing-enabled\"><div class=\"robots-nocontent sd-block sd-social sd-social-icon sd-sharing\"><h3 class=\"sd-title\">Comparte esto:<\/h3><div class=\"sd-content\"><ul><li class=\"share-twitter\"><a rel=\"nofollow noopener noreferrer\" data-shared=\"sharing-twitter-38421\" class=\"share-twitter sd-button share-icon no-text\" href=\"http:\/\/www.rtvnoticias.com.ar\/?p=38421&amp;share=twitter\" target=\"_blank\" title=\"Haz clic para compartir en Twitter\"><span><\/span><span class=\"sharing-screen-reader-text\">Haz clic para compartir en Twitter (Se abre en una ventana nueva)<\/span><\/a><\/li><li class=\"share-facebook\"><a rel=\"nofollow noopener noreferrer\" data-shared=\"sharing-facebook-38421\" class=\"share-facebook sd-button share-icon no-text\" href=\"http:\/\/www.rtvnoticias.com.ar\/?p=38421&amp;share=facebook\" target=\"_blank\" title=\"Haz clic para compartir en Facebook\"><span><\/span><span class=\"sharing-screen-reader-text\">Haz clic para compartir en Facebook (Se abre en una ventana nueva)<\/span><\/a><\/li><li class=\"share-jetpack-whatsapp\"><a rel=\"nofollow noopener noreferrer\" data-shared=\"\" class=\"share-jetpack-whatsapp sd-button share-icon no-text\" href=\"http:\/\/www.rtvnoticias.com.ar\/?p=38421&amp;share=jetpack-whatsapp\" target=\"_blank\" title=\"Haz clic para compartir en WhatsApp\"><span><\/span><span class=\"sharing-screen-reader-text\">Haz clic para compartir en WhatsApp (Se abre en una ventana nueva)<\/span><\/a><\/li><li class=\"share-telegram\"><a rel=\"nofollow noopener noreferrer\" data-shared=\"\" class=\"share-telegram sd-button share-icon no-text\" href=\"http:\/\/www.rtvnoticias.com.ar\/?p=38421&amp;share=telegram\" target=\"_blank\" title=\"Haz clic para compartir en Telegram\"><span><\/span><span class=\"sharing-screen-reader-text\">Haz clic para compartir en Telegram (Se abre en una ventana nueva)<\/span><\/a><\/li><li class=\"share-end\"><\/li><\/ul><\/div><\/div><\/div>","protected":false},"excerpt":{"rendered":"<p>Se llev\u00f3 a cabo en el Ministerio de Obras y Servicios P\u00fablicos la licitaci\u00f3n de \u201cAmpliaci\u00f3n y refacci\u00f3n del Hospital Luisa P. Pistarini \u2013 Victorica\u201d.<\/p>\n<div class=\"sharedaddy sd-sharing-enabled\"><div class=\"robots-nocontent sd-block sd-social sd-social-icon sd-sharing\"><h3 class=\"sd-title\">Comparte esto:<\/h3><div class=\"sd-content\"><ul><li class=\"share-twitter\"><a rel=\"nofollow noopener noreferrer\" data-shared=\"sharing-twitter-38421\" class=\"share-twitter sd-button share-icon no-text\" href=\"http:\/\/www.rtvnoticias.com.ar\/?p=38421&amp;share=twitter\" target=\"_blank\" title=\"Haz clic para compartir en Twitter\"><span><\/span><span class=\"sharing-screen-reader-text\">Haz clic para compartir en Twitter (Se abre en una ventana nueva)<\/span><\/a><\/li><li class=\"share-facebook\"><a rel=\"nofollow noopener noreferrer\" data-shared=\"sharing-facebook-38421\" class=\"share-facebook sd-button share-icon no-text\" href=\"http:\/\/www.rtvnoticias.com.ar\/?p=38421&amp;share=facebook\" target=\"_blank\" title=\"Haz clic para compartir en Facebook\"><span><\/span><span class=\"sharing-screen-reader-text\">Haz clic para compartir en Facebook (Se abre en una ventana nueva)<\/span><\/a><\/li><li class=\"share-jetpack-whatsapp\"><a rel=\"nofollow noopener noreferrer\" data-shared=\"\" class=\"share-jetpack-whatsapp sd-button share-icon no-text\" href=\"http:\/\/www.rtvnoticias.com.ar\/?p=38421&amp;share=jetpack-whatsapp\" target=\"_blank\" title=\"Haz clic para compartir en WhatsApp\"><span><\/span><span class=\"sharing-screen-reader-text\">Haz clic para compartir en WhatsApp (Se abre en una ventana nueva)<\/span><\/a><\/li><li class=\"share-telegram\"><a rel=\"nofollow noopener noreferrer\" data-shared=\"\" class=\"share-telegram sd-button share-icon no-text\" href=\"http:\/\/www.rtvnoticias.com.ar\/?p=38421&amp;share=telegram\" target=\"_blank\" title=\"Haz clic para compartir en Telegram\"><span><\/span><span class=\"sharing-screen-reader-text\">Haz clic para compartir en Telegram (Se abre en una ventana nueva)<\/span><\/a><\/li><li class=\"share-end\"><\/li><\/ul><\/div><\/div><\/div>","protected":false},"author":5,"featured_media":38422,"comment_status":"closed","ping_status":"closed","sticky":false,"template":"","format":"standard","meta":{"spay_email":"","jetpack_publicize_message":"","jetpack_is_tweetstorm":false,"jetpack_publicize_feature_enabled":true},"categories":[4],"tags":[4244],"jetpack_featured_media_url":"http:\/\/www.rtvnoticias.com.ar\/wp-content\/uploads\/2023\/08\/licitacion-victorica.jpg","jetpack_publicize_connections":[],"jetpack_sharing_enabled":true,"_links":{"self":[{"href":"http:\/\/www.rtvnoticias.com.ar\/index.php?rest_route=\/wp\/v2\/posts\/38421"}],"collection":[{"href":"http:\/\/www.rtvnoticias.com.ar\/index.php?rest_route=\/wp\/v2\/posts"}],"about":[{"href":"http:\/\/www.rtvnoticias.com.ar\/index.php?rest_route=\/wp\/v2\/types\/post"}],"author":[{"embeddable":true,"href":"http:\/\/www.rtvnoticias.com.ar\/index.php?rest_route=\/wp\/v2\/users\/5"}],"replies":[{"embeddable":true,"href":"http:\/\/www.rtvnoticias.com.ar\/index.php?rest_route=%2Fwp%2Fv2%2Fcomments&post=38421"}],"version-history":[{"count":1,"href":"http:\/\/www.rtvnoticias.com.ar\/index.php?rest_route=\/wp\/v2\/posts\/38421\/revisions"}],"predecessor-version":[{"id":38423,"href":"http:\/\/www.rtvnoticias.com.ar\/index.php?rest_route=\/wp\/v2\/posts\/38421\/revisions\/38423"}],"wp:featuredmedia":[{"embeddable":true,"href":"http:\/\/www.rtvnoticias.com.ar\/index.php?rest_route=\/wp\/v2\/media\/38422"}],"wp:attachment":[{"href":"http:\/\/www.rtvnoticias.com.ar\/index.php?rest_route=%2Fwp%2Fv2%2Fmedia&parent=38421"}],"wp:term":[{"taxonomy":"category","embeddable":true,"href":"http:\/\/www.rtvnoticias.com.ar\/index.php?rest_route=%2Fwp%2Fv2%2Fcategories&post=38421"},{"taxonomy":"post_tag","embeddable":true,"href":"http:\/\/www.rtvnoticias.com.ar\/index.php?rest_route=%2Fwp%2Fv2%2Ftags&post=38421"}],"curies":[{"name":"wp","href":"https:\/\/api.w.org\/{rel}","templated":true}]}}