{"id":38424,"date":"2023-08-24T06:10:00","date_gmt":"2023-08-24T09:10:00","guid":{"rendered":"http:\/\/www.rtvnoticias.com.ar\/?p=38424"},"modified":"2023-08-24T00:04:00","modified_gmt":"2023-08-24T03:04:00","slug":"imputaron-a-la-vocera-presidencial-gabriela-cerruti-por-omision-de-denuncia-e-incitacion-a-la-violencia","status":"publish","type":"post","link":"http:\/\/www.rtvnoticias.com.ar\/?p=38424","title":{"rendered":"Imputaron a la vocera presidencial Gabriela Cerruti por omisi\u00f3n de denuncia e incitaci\u00f3n a la violencia"},"content":{"rendered":"\n<p>El fiscal federal Guillermo Marijuan imput\u00f3 este mi\u00e9rcoles a la vocera presidencial, Gabriela Cerruti, por omisi\u00f3n de denuncia e incitaci\u00f3n a la violencia tras los saqueos que se registraron en las \u00faltimas horas en distintos puntos del pa\u00eds.<\/p>\n\n\n\n<p>En ese sentido, Marijuan bas\u00f3 su postura en una afirmaci\u00f3n de Cerruti, quien dijo p\u00fablicamente que ten\u00eda informaci\u00f3n sobre esos hechos, pero no efectu\u00f3 la denuncia correspondiente.<\/p>\n\n\n\n<p>Asimismo, el fiscal inst\u00f3 al presidente Alberto Fern\u00e1ndez y tambi\u00e9n a los gobernadores que proporcionen los informes de inteligencia que se pudieran haber labrado por los incidentes.<\/p>\n\n\n\n<p>La denuncia hab\u00eda sido presentada por dos dirigentes de La Libertad Avanza: Nahuel Sotelo, legislador bonaerense, y el abogado Francisco Oneto, candidato a vicegobernador de Carolina Piparo en la provincia de Buenos Aires.<\/p>\n\n\n\n<p>La portavoz del presidente Fern\u00e1ndez, por su parte, hab\u00eda asegurado que hay cuentas de redes sociales ligadas a Javier Milei y Patricia Bullrich, los dos representantes de la oposici\u00f3n, que incentivaron los saqueos.<\/p>\n\n\n\n<p>En declaraciones radiales, Cerruti asever\u00f3: \u00abEl clima en las redes sociales lo fueron generando las cuentas ligadas a La Libertad Avanza y a grupos de (Patricia) Bullrich sobre algo que quer\u00edan que sucediera\u00bb.<\/p>\n\n\n\n<p>Adem\u00e1s, remarc\u00f3: \u00abEstaba claro que esto era organizado y que se armaba algo cuando todav\u00eda no hab\u00eda sucedido nada\u00bb.<\/p>\n\n\n\n<p>La causa recay\u00f3 en la jueza Mar\u00eda Eugenia Capuchetti, quien est\u00e1 a cargo interinamente del Juzgado Federal n\u00famero 9.<\/p>\n<div class=\"sharedaddy sd-sharing-enabled\"><div class=\"robots-nocontent sd-block sd-social sd-social-icon sd-sharing\"><h3 class=\"sd-title\">Comparte esto:<\/h3><div class=\"sd-content\"><ul><li class=\"share-twitter\"><a rel=\"nofollow noopener noreferrer\" data-shared=\"sharing-twitter-38424\" class=\"share-twitter sd-button share-icon no-text\" href=\"http:\/\/www.rtvnoticias.com.ar\/?p=38424&amp;share=twitter\" target=\"_blank\" title=\"Haz clic para compartir en Twitter\"><span><\/span><span class=\"sharing-screen-reader-text\">Haz clic para compartir en Twitter (Se abre en una ventana nueva)<\/span><\/a><\/li><li class=\"share-facebook\"><a rel=\"nofollow noopener noreferrer\" data-shared=\"sharing-facebook-38424\" class=\"share-facebook sd-button share-icon no-text\" href=\"http:\/\/www.rtvnoticias.com.ar\/?p=38424&amp;share=facebook\" target=\"_blank\" title=\"Haz clic para compartir en Facebook\"><span><\/span><span class=\"sharing-screen-reader-text\">Haz clic para compartir en Facebook (Se abre en una ventana nueva)<\/span><\/a><\/li><li class=\"share-jetpack-whatsapp\"><a rel=\"nofollow noopener noreferrer\" data-shared=\"\" class=\"share-jetpack-whatsapp sd-button share-icon no-text\" href=\"http:\/\/www.rtvnoticias.com.ar\/?p=38424&amp;share=jetpack-whatsapp\" target=\"_blank\" title=\"Haz clic para compartir en WhatsApp\"><span><\/span><span class=\"sharing-screen-reader-text\">Haz clic para compartir en WhatsApp (Se abre en una ventana nueva)<\/span><\/a><\/li><li class=\"share-telegram\"><a rel=\"nofollow noopener noreferrer\" data-shared=\"\" class=\"share-telegram sd-button share-icon no-text\" href=\"http:\/\/www.rtvnoticias.com.ar\/?p=38424&amp;share=telegram\" target=\"_blank\" title=\"Haz clic para compartir en Telegram\"><span><\/span><span class=\"sharing-screen-reader-text\">Haz clic para compartir en Telegram (Se abre en una ventana nueva)<\/span><\/a><\/li><li class=\"share-end\"><\/li><\/ul><\/div><\/div><\/div>","protected":false},"excerpt":{"rendered":"<p>El fiscal federal Guillermo Marijuan imput\u00f3 este mi\u00e9rcoles a la vocera presidencial, Gabriela Cerruti, por omisi\u00f3n de denuncia e incitaci\u00f3n a la violencia tras los<\/p>\n<div class=\"sharedaddy sd-sharing-enabled\"><div class=\"robots-nocontent sd-block sd-social sd-social-icon sd-sharing\"><h3 class=\"sd-title\">Comparte esto:<\/h3><div class=\"sd-content\"><ul><li class=\"share-twitter\"><a rel=\"nofollow noopener noreferrer\" data-shared=\"sharing-twitter-38424\" class=\"share-twitter sd-button share-icon no-text\" href=\"http:\/\/www.rtvnoticias.com.ar\/?p=38424&amp;share=twitter\" target=\"_blank\" title=\"Haz clic para compartir en Twitter\"><span><\/span><span class=\"sharing-screen-reader-text\">Haz clic para compartir en Twitter (Se abre en una ventana nueva)<\/span><\/a><\/li><li class=\"share-facebook\"><a rel=\"nofollow noopener noreferrer\" data-shared=\"sharing-facebook-38424\" class=\"share-facebook sd-button share-icon no-text\" href=\"http:\/\/www.rtvnoticias.com.ar\/?p=38424&amp;share=facebook\" target=\"_blank\" title=\"Haz clic para compartir en Facebook\"><span><\/span><span class=\"sharing-screen-reader-text\">Haz clic para compartir en Facebook (Se abre en una ventana nueva)<\/span><\/a><\/li><li class=\"share-jetpack-whatsapp\"><a rel=\"nofollow noopener noreferrer\" data-shared=\"\" class=\"share-jetpack-whatsapp sd-button share-icon no-text\" href=\"http:\/\/www.rtvnoticias.com.ar\/?p=38424&amp;share=jetpack-whatsapp\" target=\"_blank\" title=\"Haz clic para compartir en WhatsApp\"><span><\/span><span class=\"sharing-screen-reader-text\">Haz clic para compartir en WhatsApp (Se abre en una ventana nueva)<\/span><\/a><\/li><li class=\"share-telegram\"><a rel=\"nofollow noopener noreferrer\" data-shared=\"\" class=\"share-telegram sd-button share-icon no-text\" href=\"http:\/\/www.rtvnoticias.com.ar\/?p=38424&amp;share=telegram\" target=\"_blank\" title=\"Haz clic para compartir en Telegram\"><span><\/span><span class=\"sharing-screen-reader-text\">Haz clic para compartir en Telegram (Se abre en una ventana nueva)<\/span><\/a><\/li><li class=\"share-end\"><\/li><\/ul><\/div><\/div><\/div>","protected":false},"author":5,"featured_media":38425,"comment_status":"closed","ping_status":"closed","sticky":false,"template":"","format":"standard","meta":{"spay_email":"","jetpack_publicize_message":"","jetpack_is_tweetstorm":false,"jetpack_publicize_feature_enabled":true},"categories":[5],"tags":[4245],"jetpack_featured_media_url":"http:\/\/www.rtvnoticias.com.ar\/wp-content\/uploads\/2023\/08\/cerruti.jpg","jetpack_publicize_connections":[],"jetpack_sharing_enabled":true,"_links":{"self":[{"href":"http:\/\/www.rtvnoticias.com.ar\/index.php?rest_route=\/wp\/v2\/posts\/38424"}],"collection":[{"href":"http:\/\/www.rtvnoticias.com.ar\/index.php?rest_route=\/wp\/v2\/posts"}],"about":[{"href":"http:\/\/www.rtvnoticias.com.ar\/index.php?rest_route=\/wp\/v2\/types\/post"}],"author":[{"embeddable":true,"href":"http:\/\/www.rtvnoticias.com.ar\/index.php?rest_route=\/wp\/v2\/users\/5"}],"replies":[{"embeddable":true,"href":"http:\/\/www.rtvnoticias.com.ar\/index.php?rest_route=%2Fwp%2Fv2%2Fcomments&post=38424"}],"version-history":[{"count":1,"href":"http:\/\/www.rtvnoticias.com.ar\/index.php?rest_route=\/wp\/v2\/posts\/38424\/revisions"}],"predecessor-version":[{"id":38426,"href":"http:\/\/www.rtvnoticias.com.ar\/index.php?rest_route=\/wp\/v2\/posts\/38424\/revisions\/38426"}],"wp:featuredmedia":[{"embeddable":true,"href":"http:\/\/www.rtvnoticias.com.ar\/index.php?rest_route=\/wp\/v2\/media\/38425"}],"wp:attachment":[{"href":"http:\/\/www.rtvnoticias.com.ar\/index.php?rest_route=%2Fwp%2Fv2%2Fmedia&parent=38424"}],"wp:term":[{"taxonomy":"category","embeddable":true,"href":"http:\/\/www.rtvnoticias.com.ar\/index.php?rest_route=%2Fwp%2Fv2%2Fcategories&post=38424"},{"taxonomy":"post_tag","embeddable":true,"href":"http:\/\/www.rtvnoticias.com.ar\/index.php?rest_route=%2Fwp%2Fv2%2Ftags&post=38424"}],"curies":[{"name":"wp","href":"https:\/\/api.w.org\/{rel}","templated":true}]}}