{"id":38442,"date":"2023-08-24T22:18:54","date_gmt":"2023-08-25T01:18:54","guid":{"rendered":"http:\/\/www.rtvnoticias.com.ar\/?p=38442"},"modified":"2023-08-24T22:18:58","modified_gmt":"2023-08-25T01:18:58","slug":"ziliotto-entrego-37-camionetas-a-la-policia-de-la-pampa","status":"publish","type":"post","link":"http:\/\/www.rtvnoticias.com.ar\/?p=38442","title":{"rendered":"Ziliotto entreg\u00f3 37 camionetas a la Polic\u00eda de La Pampa"},"content":{"rendered":"\n<p>El gobernador Sergio Ziliotto entreg\u00f3 37 camionetas para la Polic\u00eda de La Pampa con una inversi\u00f3n de m\u00e1s de 550 millones de pesos. Anunci\u00f3 que desde el mes que viene funcionar\u00e1 un \u00e1rea espec\u00edfica para combatir el ciberdelito en la Provincia.<\/p>\n\n\n\n<p>En el marco del plan de fortalecimiento de las capacidades de seguridad en La Pampa, el gobernador Sergio Ziliotto encabez\u00f3 hoy el acto de entrega de 37 patrullas para divisiones y dependencias policiales de la Provincia. La inversi\u00f3n de $ 550.963.000 por parte del Estado provincial abarca tanto la adquisici\u00f3n de los veh\u00edculos como las adecuaciones necesarias de equipamiento y tecnolog\u00eda para las fuerzas de seguridad. Durante el acto, el Gobernador anunci\u00f3 la creaci\u00f3n de un \u00e1rea espec\u00edfica para la lucha contra el ciberdelito en la Provincia.<\/p>\n\n\n\n<p>\u00abEn estos cuatro a\u00f1os de Gobierno, acompa\u00f1ados por recursos nacionales, incrementamos en un 10% la flota de veh\u00edculos destinados a la seguridad ciudadana. Hemos aumentado un 7% el recurso humano de la Polic\u00eda, cuando el crecimiento de la poblaci\u00f3n supera apenas el 1%. Esto es un Estado presente\u00bb, asegur\u00f3 el Gobernador durante su discurso.<\/p>\n\n\n\n<p>La ceremonia se llev\u00f3 a cabo en la Avenida Spinetto, frente al Ministerio de Seguridad, y cont\u00f3 con la presencia del vicegobernador, Mariano Fern\u00e1ndez; la vicepresidenta de la Legislatura, Alicia Mayoral; el ministro de Gobierno, Justicia y Derechos Humanos, Ariel Rauschenberger; el ministro de Seguridad, Horacio di N\u00e1poli; y intendentes y presidentes de Comisiones de Fomento de las localidades beneficiarias; diputados y diputadas provinciales y representantes gubernamentales.<\/p>\n\n\n\n<p><strong>Fortaleza financiera y mirada federal<\/strong><\/p>\n\n\n\n<p>\u00abEstamos incorporando m\u00e1s equipamiento para llevar adelante el desaf\u00edo de garantizar la seguridad ciudadana. Esto no es casual, m\u00e1s de una vez anunciamos inversiones en infraestructura y m\u00e1s de una vez anunciamos la incorporaci\u00f3n de recurso humano. Esto tiene que ver con una decisi\u00f3n pol\u00edtica, con una convicci\u00f3n ideol\u00f3gica de cual debe ser el rol del Estado, pero tambi\u00e9n es posible porque estamos en La Pampa, Provincia que demostr\u00f3 hist\u00f3ricamente tener una enorme fortaleza financiera y porque en estos cuatro a\u00f1os estamos acompa\u00f1ados por un Gobierno nacional con una mirada federal\u00bb, explic\u00f3 el gobernador Ziliotto.<\/p>\n\n\n\n<p>\u00abLa seguridad ciudadana es un derecho que demanda la sociedad y es una obligaci\u00f3n del Estado de que cada ciudadano y ciudadana que viva en La Pampa goce de ese derecho\u00bb, destac\u00f3.<\/p>\n\n\n\n<p><strong>\u201cPeligra el esfuerzo de cada pampeana y pampeano\u201d<\/strong><\/p>\n\n\n\n<p>Agreg\u00f3 que \u00abesto no hubiera sido posible sino fuera a trav\u00e9s de la posibilidad de hacer una inversi\u00f3n p\u00fablica. Yo quiero seguir siendo Gobernador de la provincia los pr\u00f3ximos 4 a\u00f1os con un Gobierno nacional que ve la inversi\u00f3n p\u00fablica para mejorar la calidad de vida de argentinos y argentinas. Nada de esto podremos hacer si vuelve a gobernar la derecha, ya nos quitaron coparticipaci\u00f3n que nos corresponde a la Provincia llev\u00e1ndola al distrito m\u00e1s rico del pa\u00eds que es la ciudad de Buenos Aires. Ahora quieren eliminar la coparticipaci\u00f3n federal, nos quieren quitar lo que es nuestro, peligra el esfuerzo de cada pampeano y pampeana, el esfuerzo de cada emprendedor, de cada empresa, de generar riqueza en La Pampa para que el pa\u00eds pueda exportar y desarrollarse\u201d.<\/p>\n\n\n\n<p>\u201cLa inversi\u00f3n p\u00fablica en La Pampa es tangible, es mancomunada con un Gobierno federal, que no solo lo hace por convicci\u00f3n ideol\u00f3gica, sino porque respeta la Constituci\u00f3n Nacional, que dice que somos un pa\u00eds federal\u00bb, subray\u00f3.<\/p>\n\n\n\n<p><strong>\u00c1rea de ciberdelito<\/strong><\/p>\n\n\n\n<p>El gobernador Sergio Ziliotto anunci\u00f3 la creaci\u00f3n de un \u00e1rea dentro del Estado provincial que se dedicar\u00e1 a combatir el ciberdelito. \u00abEl pr\u00f3ximo mes estar\u00e1 funcionando en La Pampa un nuevo \u00e1rea dedicada exclusivamente y con el equipamiento tecnol\u00f3gico necesario para luchar contra el ciberdelito, contra las estafas telef\u00f3nicas, los secuestros virtuales, porque la delincuencia tiene nuevos m\u00e9todos para complicarle la vida al que trabaja\u00bb, explic\u00f3.<\/p>\n\n\n\n<p>\u00abVamos a seguir incorporando infraestructura, equipamiento, recursos humanos\u00bb, dijo y record\u00f3 que \u00abhace poco tiempo, licitamos la compra de 130 c\u00e1maras de seguridad para usar la tecnolog\u00eda al servicio de la seguridad ciudadana, y para poner en igualdad de condiciones al personal policial ante el enorme avance del ciberdelito\u00bb.<\/p>\n\n\n\n<p>\u00abEsta nueva entrega de patrulleros, que van a estar diseminados en toda la geograf\u00eda de la provincia de La Pampa, se complementa con una mirada de desarrollo arm\u00f3nico, de igualdad de oportunidades en la Provincia. Es lo que hicimos y lo que vamos a hacer, pero todo depende de nosotros, seamos consecuentes con nuestra historia, seamos responsables de elegir el mejor futuro para nosotros, para nuestra familia y para la pr\u00f3ximas generaciones, defendamos lo conseguido y el futuro de la provincia de La Pampa\u00bb, cerr\u00f3.<\/p>\n\n\n\n<p><strong>Caracter\u00edsticas de las patrullas<\/strong><\/p>\n\n\n\n<p>La asignaci\u00f3n de las 37 camionetas abarca 27 unidades de doble cabina marca Renault, modelo Alaskan tracci\u00f3n 4&#215;2, y 10 unidades de doble cabina marca Renault, modelo Alaskan tracci\u00f3n 4&#215;4. Estos veh\u00edculos fueron equipados con sistemas de comunicaci\u00f3n digital compatibles tanto con tecnolog\u00eda anal\u00f3gica como con luminarias tipo \u00abbusca huellas\u00bb, barras lum\u00ednicas y sirenas, asegurando as\u00ed su adecuaci\u00f3n \u00f3ptima para el servicio policial.<\/p>\n\n\n\n<p>Estas incorporaciones fortalecen la capacidad operativa de la Polic\u00eda, facilitando tanto la asistencia en emergencias como la ejecuci\u00f3n de programas de trabajo. Adem\u00e1s, contribuyen significativamente a la mejora de los servicios de seguridad brindados a la poblaci\u00f3n. La adici\u00f3n de veh\u00edculos al parque automotor policial desempe\u00f1a un rol crucial en la prevenci\u00f3n del delito, asegurando una respuesta inmediata y eficiente ante situaciones cr\u00edticas y garantizando un servicio de calidad para los ciudadanos.<\/p>\n\n\n\n<p>Esta adquisici\u00f3n es un testimonio del compromiso continuo del Gobierno de La Pampa con la seguridad p\u00fablica y la calidad de vida de sus ciudadanos. Adem\u00e1s, pr\u00f3ximamente se llevar\u00e1 a cabo una licitaci\u00f3n para la adquisici\u00f3n de 30 motocicletas que se distribuir\u00e1n estrat\u00e9gicamente en diferentes \u00e1reas de la Provincia, continuando con el fortalecimiento de las capacidades operativas y de prevenci\u00f3n.<\/p>\n\n\n\n<p><strong>Distribuci\u00f3n territorial<\/strong><\/p>\n\n\n\n<p>Las camionetas ser\u00e1n destinadas a la Comisar\u00eda de Eduardo Castex; Destacamento Anchorena; Comisar\u00eda Seccional Primera; Comisar\u00eda Seccional Segunda; Comisar\u00eda Seccional Tercera; Comisar\u00eda Seccional Cuarta; Comisar\u00eda Seccional Sexta; Destacamento Cereales; Bomberos Unidad Regional I (UR-I); Alcaid\u00eda UR-I; Subcomisar\u00eda Uriburu; Comisar\u00eda Victorica; Alcaid\u00eda Unidad Regional II (UR-II); Comisar\u00eda Tercera UR-II; Destacamento Santa Teresa; Destacamento Ataliva Roca; Comisar\u00eda Jacinto Arauz; Destacamento Unanue; Subcomisar\u00eda General Campos; Comisar\u00eda Departamental Bernasconi; Unidad Regional III (UR-III); Alcaid\u00eda UR-III; Destacamento Dorila; Subcomisar\u00eda Metileo; Unidad Regional IV (UR-IV); Comisar\u00eda Departamental La Reforma; Comisar\u00eda Colonia 25 de Mayo; Destacamento Algarrobo del \u00c1guila; Comisar\u00eda Puelches; Seguridad Rural UR-I; Seguridad Rural UR-II; Brigada de Investigaciones; Brigada de Investigaciones UR-II; Secci\u00f3n Canes; Secci\u00f3n Canes UR-II; y las dos restantes a Toxicoman\u00eda.<\/p>\n<div class=\"sharedaddy sd-sharing-enabled\"><div class=\"robots-nocontent sd-block sd-social sd-social-icon sd-sharing\"><h3 class=\"sd-title\">Comparte esto:<\/h3><div class=\"sd-content\"><ul><li class=\"share-twitter\"><a rel=\"nofollow noopener noreferrer\" data-shared=\"sharing-twitter-38442\" class=\"share-twitter sd-button share-icon no-text\" href=\"http:\/\/www.rtvnoticias.com.ar\/?p=38442&amp;share=twitter\" target=\"_blank\" title=\"Haz clic para compartir en Twitter\"><span><\/span><span class=\"sharing-screen-reader-text\">Haz clic para compartir en Twitter (Se abre en una ventana nueva)<\/span><\/a><\/li><li class=\"share-facebook\"><a rel=\"nofollow noopener noreferrer\" data-shared=\"sharing-facebook-38442\" class=\"share-facebook sd-button share-icon no-text\" href=\"http:\/\/www.rtvnoticias.com.ar\/?p=38442&amp;share=facebook\" target=\"_blank\" title=\"Haz clic para compartir en Facebook\"><span><\/span><span class=\"sharing-screen-reader-text\">Haz clic para compartir en Facebook (Se abre en una ventana nueva)<\/span><\/a><\/li><li class=\"share-jetpack-whatsapp\"><a rel=\"nofollow noopener noreferrer\" data-shared=\"\" class=\"share-jetpack-whatsapp sd-button share-icon no-text\" href=\"http:\/\/www.rtvnoticias.com.ar\/?p=38442&amp;share=jetpack-whatsapp\" target=\"_blank\" title=\"Haz clic para compartir en WhatsApp\"><span><\/span><span class=\"sharing-screen-reader-text\">Haz clic para compartir en WhatsApp (Se abre en una ventana nueva)<\/span><\/a><\/li><li class=\"share-telegram\"><a rel=\"nofollow noopener noreferrer\" data-shared=\"\" class=\"share-telegram sd-button share-icon no-text\" href=\"http:\/\/www.rtvnoticias.com.ar\/?p=38442&amp;share=telegram\" target=\"_blank\" title=\"Haz clic para compartir en Telegram\"><span><\/span><span class=\"sharing-screen-reader-text\">Haz clic para compartir en Telegram (Se abre en una ventana nueva)<\/span><\/a><\/li><li class=\"share-end\"><\/li><\/ul><\/div><\/div><\/div>","protected":false},"excerpt":{"rendered":"<p>El gobernador Sergio Ziliotto entreg\u00f3 37 camionetas para la Polic\u00eda de La Pampa con una inversi\u00f3n de m\u00e1s de 550 millones de pesos. Anunci\u00f3 que<\/p>\n<div class=\"sharedaddy sd-sharing-enabled\"><div class=\"robots-nocontent sd-block sd-social sd-social-icon sd-sharing\"><h3 class=\"sd-title\">Comparte esto:<\/h3><div class=\"sd-content\"><ul><li class=\"share-twitter\"><a rel=\"nofollow noopener noreferrer\" data-shared=\"sharing-twitter-38442\" class=\"share-twitter sd-button share-icon no-text\" href=\"http:\/\/www.rtvnoticias.com.ar\/?p=38442&amp;share=twitter\" target=\"_blank\" title=\"Haz clic para compartir en Twitter\"><span><\/span><span class=\"sharing-screen-reader-text\">Haz clic para compartir en Twitter (Se abre en una ventana nueva)<\/span><\/a><\/li><li class=\"share-facebook\"><a rel=\"nofollow noopener noreferrer\" data-shared=\"sharing-facebook-38442\" class=\"share-facebook sd-button share-icon no-text\" href=\"http:\/\/www.rtvnoticias.com.ar\/?p=38442&amp;share=facebook\" target=\"_blank\" title=\"Haz clic para compartir en Facebook\"><span><\/span><span class=\"sharing-screen-reader-text\">Haz clic para compartir en Facebook (Se abre en una ventana nueva)<\/span><\/a><\/li><li class=\"share-jetpack-whatsapp\"><a rel=\"nofollow noopener noreferrer\" data-shared=\"\" class=\"share-jetpack-whatsapp sd-button share-icon no-text\" href=\"http:\/\/www.rtvnoticias.com.ar\/?p=38442&amp;share=jetpack-whatsapp\" target=\"_blank\" title=\"Haz clic para compartir en WhatsApp\"><span><\/span><span class=\"sharing-screen-reader-text\">Haz clic para compartir en WhatsApp (Se abre en una ventana nueva)<\/span><\/a><\/li><li class=\"share-telegram\"><a rel=\"nofollow noopener noreferrer\" data-shared=\"\" class=\"share-telegram sd-button share-icon no-text\" href=\"http:\/\/www.rtvnoticias.com.ar\/?p=38442&amp;share=telegram\" target=\"_blank\" title=\"Haz clic para compartir en Telegram\"><span><\/span><span class=\"sharing-screen-reader-text\">Haz clic para compartir en Telegram (Se abre en una ventana nueva)<\/span><\/a><\/li><li class=\"share-end\"><\/li><\/ul><\/div><\/div><\/div>","protected":false},"author":5,"featured_media":38444,"comment_status":"closed","ping_status":"closed","sticky":false,"template":"","format":"standard","meta":{"spay_email":"","jetpack_publicize_message":"","jetpack_is_tweetstorm":false,"jetpack_publicize_feature_enabled":true},"categories":[4],"tags":[4249],"jetpack_featured_media_url":"http:\/\/www.rtvnoticias.com.ar\/wp-content\/uploads\/2023\/08\/ziliotto-policia-1.jpg","jetpack_publicize_connections":[],"jetpack_sharing_enabled":true,"_links":{"self":[{"href":"http:\/\/www.rtvnoticias.com.ar\/index.php?rest_route=\/wp\/v2\/posts\/38442"}],"collection":[{"href":"http:\/\/www.rtvnoticias.com.ar\/index.php?rest_route=\/wp\/v2\/posts"}],"about":[{"href":"http:\/\/www.rtvnoticias.com.ar\/index.php?rest_route=\/wp\/v2\/types\/post"}],"author":[{"embeddable":true,"href":"http:\/\/www.rtvnoticias.com.ar\/index.php?rest_route=\/wp\/v2\/users\/5"}],"replies":[{"embeddable":true,"href":"http:\/\/www.rtvnoticias.com.ar\/index.php?rest_route=%2Fwp%2Fv2%2Fcomments&post=38442"}],"version-history":[{"count":1,"href":"http:\/\/www.rtvnoticias.com.ar\/index.php?rest_route=\/wp\/v2\/posts\/38442\/revisions"}],"predecessor-version":[{"id":38445,"href":"http:\/\/www.rtvnoticias.com.ar\/index.php?rest_route=\/wp\/v2\/posts\/38442\/revisions\/38445"}],"wp:featuredmedia":[{"embeddable":true,"href":"http:\/\/www.rtvnoticias.com.ar\/index.php?rest_route=\/wp\/v2\/media\/38444"}],"wp:attachment":[{"href":"http:\/\/www.rtvnoticias.com.ar\/index.php?rest_route=%2Fwp%2Fv2%2Fmedia&parent=38442"}],"wp:term":[{"taxonomy":"category","embeddable":true,"href":"http:\/\/www.rtvnoticias.com.ar\/index.php?rest_route=%2Fwp%2Fv2%2Fcategories&post=38442"},{"taxonomy":"post_tag","embeddable":true,"href":"http:\/\/www.rtvnoticias.com.ar\/index.php?rest_route=%2Fwp%2Fv2%2Ftags&post=38442"}],"curies":[{"name":"wp","href":"https:\/\/api.w.org\/{rel}","templated":true}]}}