{"id":38446,"date":"2023-08-25T06:19:00","date_gmt":"2023-08-25T09:19:00","guid":{"rendered":"http:\/\/www.rtvnoticias.com.ar\/?p=38446"},"modified":"2023-08-24T22:23:58","modified_gmt":"2023-08-25T01:23:58","slug":"trenel-recibio-aportes-para-realizar-limpieza-de-canales-pluviales","status":"publish","type":"post","link":"http:\/\/www.rtvnoticias.com.ar\/?p=38446","title":{"rendered":"Trenel recibi\u00f3 aportes para realizar limpieza de canales pluviales"},"content":{"rendered":"\n<p><strong>El Ministerio de Obras y Servicios P\u00fablicos, a trav\u00e9s de la Administraci\u00f3n Provincial del Agua y en el marco del Programa Promanca, firm\u00f3 un convenio con la Municipalidad de Trenel para la realizaci\u00f3n de trabajos de limpieza y mantenimiento de aproximadamente 5.000 metros de canales pluviales, que evacuan los excedentes h\u00eddricos de la localidad norte\u00f1a. El aporte del Gobierno provincial es de $ 2.332.000 con un plazo de tareas de 60 d\u00edas corridos.<\/strong><\/p>\n\n\n\n<p>En el acto estuvieron presentes el ministro de Obras y Servicios P\u00fablicos, Julio Rojo, el intendente Horacio Lorenzo y el administrador Provincial del Agua, Fabricio Gonz\u00e1lez Mart\u00edn.<\/p>\n\n\n\n<p>Rojo detall\u00f3 a la Agencia Provincial de Noticias que \u201cestamos firmando un nuevo convenio, en este caso del Programa de limpieza de canales que tiene implementada la Provincia desde hace ya unos a\u00f1os atr\u00e1s y que es destinado a realizar trabajos de mantenimiento de los desag\u00fces pluviales en cada localidad\u201d.<\/p>\n\n\n\n<p>El ministro resalt\u00f3 que estos trabajos son muy importantes \u201cporque la Provincia tiene una geograf\u00eda bastante plana y en \u00e9pocas de lluvias excesivas hemos tenido inconvenientes, la \u00faltima fue en 2017 donde tuvimos problemas en la mayor\u00eda de las localidades que fueron afectadas por lluvias extraordinarias. Este Programa apunta a mantener esa posibilidad de un desague r\u00e1pido en caso de lluvias de las que ocurren eventualmente y nos garantiza tener a la localidad fuera de un problema de posible ingreso de las aguas y las consecuencias que eso trae tanto desde lo humano, econ\u00f3mico y dem\u00e1s\u201d, valor\u00f3 el funcionario provincial.<\/p>\n\n\n\n<p><strong>Conceptos del Intendente Horacio Lorenzo<\/strong> <\/p>\n\n\n\n<p>Por su parte el intendente municipal agradeci\u00f3 al Ministerio por la ayuda y colaboraci\u00f3n permanente y destac\u00f3 que \u201cestas obras son muy importantes porque nos da soluci\u00f3n a un problema a futuro\u201d.<\/p>\n\n\n\n<p>\u201cCon el crecimiento de la poblaci\u00f3n de la localidad nos otorga la posibilidad de estar m\u00e1s tranquilos e ir proyectando como estamos haciendo en este momento. Tambi\u00e9n el plan de desarrollo territorial es otra herramienta que nos da el Gobierno y tenemos la obligaci\u00f3n de llevarlo a cabo y aprovecharla, en estos casos es important\u00edsimo el aporte de la Provincia con los materiales y el municipio con la mano de obra porque le damos trabajo a la gente\u201d, ampli\u00f3 Lorenzo en di\u00e1logo con APN.<\/p>\n<div class=\"sharedaddy sd-sharing-enabled\"><div class=\"robots-nocontent sd-block sd-social sd-social-icon sd-sharing\"><h3 class=\"sd-title\">Comparte esto:<\/h3><div class=\"sd-content\"><ul><li class=\"share-twitter\"><a rel=\"nofollow noopener noreferrer\" data-shared=\"sharing-twitter-38446\" class=\"share-twitter sd-button share-icon no-text\" href=\"http:\/\/www.rtvnoticias.com.ar\/?p=38446&amp;share=twitter\" target=\"_blank\" title=\"Haz clic para compartir en Twitter\"><span><\/span><span class=\"sharing-screen-reader-text\">Haz clic para compartir en Twitter (Se abre en una ventana nueva)<\/span><\/a><\/li><li class=\"share-facebook\"><a rel=\"nofollow noopener noreferrer\" data-shared=\"sharing-facebook-38446\" class=\"share-facebook sd-button share-icon no-text\" href=\"http:\/\/www.rtvnoticias.com.ar\/?p=38446&amp;share=facebook\" target=\"_blank\" title=\"Haz clic para compartir en Facebook\"><span><\/span><span class=\"sharing-screen-reader-text\">Haz clic para compartir en Facebook (Se abre en una ventana nueva)<\/span><\/a><\/li><li class=\"share-jetpack-whatsapp\"><a rel=\"nofollow noopener noreferrer\" data-shared=\"\" class=\"share-jetpack-whatsapp sd-button share-icon no-text\" href=\"http:\/\/www.rtvnoticias.com.ar\/?p=38446&amp;share=jetpack-whatsapp\" target=\"_blank\" title=\"Haz clic para compartir en WhatsApp\"><span><\/span><span class=\"sharing-screen-reader-text\">Haz clic para compartir en WhatsApp (Se abre en una ventana nueva)<\/span><\/a><\/li><li class=\"share-telegram\"><a rel=\"nofollow noopener noreferrer\" data-shared=\"\" class=\"share-telegram sd-button share-icon no-text\" href=\"http:\/\/www.rtvnoticias.com.ar\/?p=38446&amp;share=telegram\" target=\"_blank\" title=\"Haz clic para compartir en Telegram\"><span><\/span><span class=\"sharing-screen-reader-text\">Haz clic para compartir en Telegram (Se abre en una ventana nueva)<\/span><\/a><\/li><li class=\"share-end\"><\/li><\/ul><\/div><\/div><\/div>","protected":false},"excerpt":{"rendered":"<p>El Ministerio de Obras y Servicios P\u00fablicos, a trav\u00e9s de la Administraci\u00f3n Provincial del Agua y en el marco del Programa Promanca, firm\u00f3 un convenio<\/p>\n<div class=\"sharedaddy sd-sharing-enabled\"><div class=\"robots-nocontent sd-block sd-social sd-social-icon sd-sharing\"><h3 class=\"sd-title\">Comparte esto:<\/h3><div class=\"sd-content\"><ul><li class=\"share-twitter\"><a rel=\"nofollow noopener noreferrer\" data-shared=\"sharing-twitter-38446\" class=\"share-twitter sd-button share-icon no-text\" href=\"http:\/\/www.rtvnoticias.com.ar\/?p=38446&amp;share=twitter\" target=\"_blank\" title=\"Haz clic para compartir en Twitter\"><span><\/span><span class=\"sharing-screen-reader-text\">Haz clic para compartir en Twitter (Se abre en una ventana nueva)<\/span><\/a><\/li><li class=\"share-facebook\"><a rel=\"nofollow noopener noreferrer\" data-shared=\"sharing-facebook-38446\" class=\"share-facebook sd-button share-icon no-text\" href=\"http:\/\/www.rtvnoticias.com.ar\/?p=38446&amp;share=facebook\" target=\"_blank\" title=\"Haz clic para compartir en Facebook\"><span><\/span><span class=\"sharing-screen-reader-text\">Haz clic para compartir en Facebook (Se abre en una ventana nueva)<\/span><\/a><\/li><li class=\"share-jetpack-whatsapp\"><a rel=\"nofollow noopener noreferrer\" data-shared=\"\" class=\"share-jetpack-whatsapp sd-button share-icon no-text\" href=\"http:\/\/www.rtvnoticias.com.ar\/?p=38446&amp;share=jetpack-whatsapp\" target=\"_blank\" title=\"Haz clic para compartir en WhatsApp\"><span><\/span><span class=\"sharing-screen-reader-text\">Haz clic para compartir en WhatsApp (Se abre en una ventana nueva)<\/span><\/a><\/li><li class=\"share-telegram\"><a rel=\"nofollow noopener noreferrer\" data-shared=\"\" class=\"share-telegram sd-button share-icon no-text\" href=\"http:\/\/www.rtvnoticias.com.ar\/?p=38446&amp;share=telegram\" target=\"_blank\" title=\"Haz clic para compartir en Telegram\"><span><\/span><span class=\"sharing-screen-reader-text\">Haz clic para compartir en Telegram (Se abre en una ventana nueva)<\/span><\/a><\/li><li class=\"share-end\"><\/li><\/ul><\/div><\/div><\/div>","protected":false},"author":5,"featured_media":38447,"comment_status":"closed","ping_status":"closed","sticky":false,"template":"","format":"standard","meta":{"spay_email":"","jetpack_publicize_message":"","jetpack_is_tweetstorm":false,"jetpack_publicize_feature_enabled":true},"categories":[3],"tags":[4250],"jetpack_featured_media_url":"http:\/\/www.rtvnoticias.com.ar\/wp-content\/uploads\/2023\/08\/trenel-obras.jpg","jetpack_publicize_connections":[],"jetpack_sharing_enabled":true,"_links":{"self":[{"href":"http:\/\/www.rtvnoticias.com.ar\/index.php?rest_route=\/wp\/v2\/posts\/38446"}],"collection":[{"href":"http:\/\/www.rtvnoticias.com.ar\/index.php?rest_route=\/wp\/v2\/posts"}],"about":[{"href":"http:\/\/www.rtvnoticias.com.ar\/index.php?rest_route=\/wp\/v2\/types\/post"}],"author":[{"embeddable":true,"href":"http:\/\/www.rtvnoticias.com.ar\/index.php?rest_route=\/wp\/v2\/users\/5"}],"replies":[{"embeddable":true,"href":"http:\/\/www.rtvnoticias.com.ar\/index.php?rest_route=%2Fwp%2Fv2%2Fcomments&post=38446"}],"version-history":[{"count":1,"href":"http:\/\/www.rtvnoticias.com.ar\/index.php?rest_route=\/wp\/v2\/posts\/38446\/revisions"}],"predecessor-version":[{"id":38448,"href":"http:\/\/www.rtvnoticias.com.ar\/index.php?rest_route=\/wp\/v2\/posts\/38446\/revisions\/38448"}],"wp:featuredmedia":[{"embeddable":true,"href":"http:\/\/www.rtvnoticias.com.ar\/index.php?rest_route=\/wp\/v2\/media\/38447"}],"wp:attachment":[{"href":"http:\/\/www.rtvnoticias.com.ar\/index.php?rest_route=%2Fwp%2Fv2%2Fmedia&parent=38446"}],"wp:term":[{"taxonomy":"category","embeddable":true,"href":"http:\/\/www.rtvnoticias.com.ar\/index.php?rest_route=%2Fwp%2Fv2%2Fcategories&post=38446"},{"taxonomy":"post_tag","embeddable":true,"href":"http:\/\/www.rtvnoticias.com.ar\/index.php?rest_route=%2Fwp%2Fv2%2Ftags&post=38446"}],"curies":[{"name":"wp","href":"https:\/\/api.w.org\/{rel}","templated":true}]}}