{"id":38453,"date":"2023-08-26T03:12:18","date_gmt":"2023-08-26T06:12:18","guid":{"rendered":"http:\/\/www.rtvnoticias.com.ar\/?p=38453"},"modified":"2023-08-26T03:12:21","modified_gmt":"2023-08-26T06:12:21","slug":"fernandez-visito-casa-de-piedra","status":"publish","type":"post","link":"http:\/\/www.rtvnoticias.com.ar\/?p=38453","title":{"rendered":"Fern\u00e1ndez visit\u00f3 Casa de Piedra"},"content":{"rendered":"\n<p>El Presidente, Alberto Fern\u00e1ndez&nbsp; y el&nbsp; gobernador, Sergio Ziliotto, estuvieron en Casa de Piedra donde recorrieron \u00e1reas de producci\u00f3n vitivin\u00edcola; la obra de nueva toma e impulsi\u00f3n para captar agua del rio Colorado y aumentar la superficie bajo riego y la Bodega boutique que construye el Gobierno Provincial en el lugar. \u201cQuer\u00edamos que el Presidente viera lo que La Pampa hace con el agua del rio Colorado para que entendiera el porqu\u00e9 de nuestra lucha\u201d, dijo Ziliotto y agreg\u00f3 \u201caqu\u00ed pudo comprobar que el laudo a favor de La Pampa fue ecu\u00e1nime, legal y gener\u00f3 justicia\u201d. &nbsp;Una vez finalizada la recorrida, Zillioto manifest\u00f3:&nbsp; \u00abquer\u00edamos que el Presidente viera cual era la problem\u00e1tica del r\u00edo Colorado y el litigio que tenemos con la provincia de Mendoza\u201d y refiri\u00e9ndose al laudo presidencial en favor de la realizaci\u00f3n de un estudio de impacto ambiental sobre toda la cuenca, el gobernador destac\u00f3, \u201c el presidente nos crey\u00f3&nbsp; y laud\u00f3 a favor de La Pampa, pero quer\u00edamos demostrarle que la lucha no es cualquier lucha, que la decisi\u00f3n tomada era una decisi\u00f3n ecu\u00e1nime, legal, que gener\u00f3 justicia. Hoy pudo ver personalmente el uso eficiente que hacemos del agua que es un recurso natural, en este caso,&nbsp; al servicio de la producci\u00f3n y el trabajo\u00bb.<br>Ziliotto revel\u00f3 que&nbsp; \u00abel presidente qued\u00f3 asombrado de lo que nosotros estamos logrando a partir del agua en la Provincia de La Pampa, principalmente por la presencia del Estado,&nbsp; solo es posible que haya producci\u00f3n&nbsp; privada a partir de un rol trascendental del&nbsp; Estado. Es lo que hablamos y ponemos en pr\u00e1ctica a diario: la sinergia publico privada\u201d.<br>Respecto de la Bodega el gobernador&nbsp; destac\u00f3 que \u201cla producci\u00f3n de vinos va a tener&nbsp; elaboraci\u00f3n en origen, vinos producidos a partir de cultivos locales de muy buena calidad que garantizan competitividad en un mercado muy eigente\u201d.<br>Por su parte la Ministra de la Producci\u00f3n dijo que \u00abla idea fue mostrarle al Presidente&nbsp; el proyecto del \u00e1rea demostrativa de producci\u00f3n, vemos que hubo inversores y superficie cultivada. Tambi\u00e9n recorri\u00f3 la bodega obra que avanza en cada visita, lo cual va a permitir dar el agregado de valor a todo lo que se est\u00e1 produciendo en la Villa\u00bb.<br>Gonz\u00e1lez destac\u00f3 finalmente que todos los proyectos tienen que ver con el uso del agua del rio Colorado, ya que es fundamental el caudal para promocionar estas obras y producciones.<br>Junto Fern\u00e1ndez y Ziliotto estuvieron la ministra de la Producci\u00f3n, Fernanda&nbsp; Gonz\u00e1lez, el ministro de Obras y Servicios P\u00fablicos, Julio Rojo, el presidente te de I-Comex, Sebasti\u00e1n Lastiri, quienes fueron recibidos por el jefe comunal local, Mart\u00edn Borthiry, el presidente&nbsp; del E.P.R.C , Enrique Schmidt, y el vice presidente, Roberto Bigorito<br><strong>La recorrida&nbsp;<\/strong><br>La recorrida tuvo como objetivo visitar la Bodega en construcci\u00f3n, al igual que la nueva obra de toma e impulsi\u00f3n para desarrollo productivo de la regi\u00f3n, la zona productiva de la Chacra Experimental del Ente Provincial del Rio&nbsp; Colorado. Adem\u00e1s,&nbsp; visit\u00f3 la Escuela N\u00aa 215 donde saludo y dialog\u00f3 con alumnos y docentes.<br>La obra de toma de agua&nbsp; permitir\u00e1 sumar nuevas hect\u00e1reas bajo riego, ya que con los servicios existentes, no ser\u00e1 suficiente para abastecer&nbsp; la demanda creciente de tierras para producci\u00f3n, sobre todo luego de la construcci\u00f3n de la Bodega.<br>La pol\u00edtica establecida por el Gobernador de&nbsp; potenciar y diversificar la matriz productiva de la Provincia,&nbsp; se demuestra a trav\u00e9s del&nbsp; incremento de la zona bajo riego en Casa de Piedra, donde inversores locales y de otras provincias tambi\u00e9n, deciden&nbsp; aumentar la superficie de producci\u00f3n, tanto de vides, como de otras especies tales como pistachos, almendros, avellanos, nogales y olivos.<br>Ante ello esta nueva&nbsp; obra de toma e impulsi\u00f3n, permitir\u00e1 dar respuesta tanto a los productores actuales que tienen pensado aumentar la superficie productiva, como&nbsp; tambi\u00e9n a nuevos proyectos de inversi\u00f3n que est\u00e9n interesados en la regi\u00f3n.<br>Esta obra se plantea en dos etapas, la primera para abastecer alrededor de 500 hect\u00e1reas de cultivo a corto plazo, y la etapa futura a otras 500 hect\u00e1reas, cubriendo as\u00ed un total de 1000 hect\u00e1reas.<br>En la primer etapa se ejecutaran dos estaciones de bombeo, una al lado de la otra y se instalar\u00e1n equipos de bombeo en una de ellas, 1.350 metros de ca\u00f1er\u00eda de impulsi\u00f3n y la ejecuci\u00f3n de una cisterna de 2500 m3, incluyendo todos los movimientos de suelos necesarios para la toma de agua del cauce.<br>La etapa futura incluye la instalaci\u00f3n de los equipos del segundo compartimento de bombeo, la ejecuci\u00f3n de una nueva impulsi\u00f3n, paralela a la que se ejecutar\u00e1 en la primera etapa, y otra cisterna de 2500 m3.<br>Respecto de la Bodega&nbsp; y planta de procesamiento de la vid que&nbsp; se ejecuta a la vera de la ruta provincial 34, a&nbsp; metros del cruce con la nacional 152,&nbsp; fue pensada con un doble objetivo: tanto para&nbsp; procesar la uva en territorio pampeano y de esta manera pueda salir con el sello de origen \u201cPatagonia\u201d, pero adem\u00e1s como una oferta tur\u00edstica m\u00e1s de&nbsp; la Villa.<\/p>\n<div class=\"sharedaddy sd-sharing-enabled\"><div class=\"robots-nocontent sd-block sd-social sd-social-icon sd-sharing\"><h3 class=\"sd-title\">Comparte esto:<\/h3><div class=\"sd-content\"><ul><li class=\"share-twitter\"><a rel=\"nofollow noopener noreferrer\" data-shared=\"sharing-twitter-38453\" class=\"share-twitter sd-button share-icon no-text\" href=\"http:\/\/www.rtvnoticias.com.ar\/?p=38453&amp;share=twitter\" target=\"_blank\" title=\"Haz clic para compartir en Twitter\"><span><\/span><span class=\"sharing-screen-reader-text\">Haz clic para compartir en Twitter (Se abre en una ventana nueva)<\/span><\/a><\/li><li class=\"share-facebook\"><a rel=\"nofollow noopener noreferrer\" data-shared=\"sharing-facebook-38453\" class=\"share-facebook sd-button share-icon no-text\" href=\"http:\/\/www.rtvnoticias.com.ar\/?p=38453&amp;share=facebook\" target=\"_blank\" title=\"Haz clic para compartir en Facebook\"><span><\/span><span class=\"sharing-screen-reader-text\">Haz clic para compartir en Facebook (Se abre en una ventana nueva)<\/span><\/a><\/li><li class=\"share-jetpack-whatsapp\"><a rel=\"nofollow noopener noreferrer\" data-shared=\"\" class=\"share-jetpack-whatsapp sd-button share-icon no-text\" href=\"http:\/\/www.rtvnoticias.com.ar\/?p=38453&amp;share=jetpack-whatsapp\" target=\"_blank\" title=\"Haz clic para compartir en WhatsApp\"><span><\/span><span class=\"sharing-screen-reader-text\">Haz clic para compartir en WhatsApp (Se abre en una ventana nueva)<\/span><\/a><\/li><li class=\"share-telegram\"><a rel=\"nofollow noopener noreferrer\" data-shared=\"\" class=\"share-telegram sd-button share-icon no-text\" href=\"http:\/\/www.rtvnoticias.com.ar\/?p=38453&amp;share=telegram\" target=\"_blank\" title=\"Haz clic para compartir en Telegram\"><span><\/span><span class=\"sharing-screen-reader-text\">Haz clic para compartir en Telegram (Se abre en una ventana nueva)<\/span><\/a><\/li><li class=\"share-end\"><\/li><\/ul><\/div><\/div><\/div>","protected":false},"excerpt":{"rendered":"<p>El Presidente, Alberto Fern\u00e1ndez&nbsp; y el&nbsp; gobernador, Sergio Ziliotto, estuvieron en Casa de Piedra donde recorrieron \u00e1reas de producci\u00f3n vitivin\u00edcola; la obra de nueva toma<\/p>\n<div class=\"sharedaddy sd-sharing-enabled\"><div class=\"robots-nocontent sd-block sd-social sd-social-icon sd-sharing\"><h3 class=\"sd-title\">Comparte esto:<\/h3><div class=\"sd-content\"><ul><li class=\"share-twitter\"><a rel=\"nofollow noopener noreferrer\" data-shared=\"sharing-twitter-38453\" class=\"share-twitter sd-button share-icon no-text\" href=\"http:\/\/www.rtvnoticias.com.ar\/?p=38453&amp;share=twitter\" target=\"_blank\" title=\"Haz clic para compartir en Twitter\"><span><\/span><span class=\"sharing-screen-reader-text\">Haz clic para compartir en Twitter (Se abre en una ventana nueva)<\/span><\/a><\/li><li class=\"share-facebook\"><a rel=\"nofollow noopener noreferrer\" data-shared=\"sharing-facebook-38453\" class=\"share-facebook sd-button share-icon no-text\" href=\"http:\/\/www.rtvnoticias.com.ar\/?p=38453&amp;share=facebook\" target=\"_blank\" title=\"Haz clic para compartir en Facebook\"><span><\/span><span class=\"sharing-screen-reader-text\">Haz clic para compartir en Facebook (Se abre en una ventana nueva)<\/span><\/a><\/li><li class=\"share-jetpack-whatsapp\"><a rel=\"nofollow noopener noreferrer\" data-shared=\"\" class=\"share-jetpack-whatsapp sd-button share-icon no-text\" href=\"http:\/\/www.rtvnoticias.com.ar\/?p=38453&amp;share=jetpack-whatsapp\" target=\"_blank\" title=\"Haz clic para compartir en WhatsApp\"><span><\/span><span class=\"sharing-screen-reader-text\">Haz clic para compartir en WhatsApp (Se abre en una ventana nueva)<\/span><\/a><\/li><li class=\"share-telegram\"><a rel=\"nofollow noopener noreferrer\" data-shared=\"\" class=\"share-telegram sd-button share-icon no-text\" href=\"http:\/\/www.rtvnoticias.com.ar\/?p=38453&amp;share=telegram\" target=\"_blank\" title=\"Haz clic para compartir en Telegram\"><span><\/span><span class=\"sharing-screen-reader-text\">Haz clic para compartir en Telegram (Se abre en una ventana nueva)<\/span><\/a><\/li><li class=\"share-end\"><\/li><\/ul><\/div><\/div><\/div>","protected":false},"author":5,"featured_media":0,"comment_status":"closed","ping_status":"closed","sticky":false,"template":"","format":"standard","meta":{"spay_email":"","jetpack_publicize_message":"","jetpack_is_tweetstorm":false,"jetpack_publicize_feature_enabled":true},"categories":[1],"tags":[],"jetpack_featured_media_url":"","jetpack_publicize_connections":[],"jetpack_sharing_enabled":true,"_links":{"self":[{"href":"http:\/\/www.rtvnoticias.com.ar\/index.php?rest_route=\/wp\/v2\/posts\/38453"}],"collection":[{"href":"http:\/\/www.rtvnoticias.com.ar\/index.php?rest_route=\/wp\/v2\/posts"}],"about":[{"href":"http:\/\/www.rtvnoticias.com.ar\/index.php?rest_route=\/wp\/v2\/types\/post"}],"author":[{"embeddable":true,"href":"http:\/\/www.rtvnoticias.com.ar\/index.php?rest_route=\/wp\/v2\/users\/5"}],"replies":[{"embeddable":true,"href":"http:\/\/www.rtvnoticias.com.ar\/index.php?rest_route=%2Fwp%2Fv2%2Fcomments&post=38453"}],"version-history":[{"count":1,"href":"http:\/\/www.rtvnoticias.com.ar\/index.php?rest_route=\/wp\/v2\/posts\/38453\/revisions"}],"predecessor-version":[{"id":38454,"href":"http:\/\/www.rtvnoticias.com.ar\/index.php?rest_route=\/wp\/v2\/posts\/38453\/revisions\/38454"}],"wp:attachment":[{"href":"http:\/\/www.rtvnoticias.com.ar\/index.php?rest_route=%2Fwp%2Fv2%2Fmedia&parent=38453"}],"wp:term":[{"taxonomy":"category","embeddable":true,"href":"http:\/\/www.rtvnoticias.com.ar\/index.php?rest_route=%2Fwp%2Fv2%2Fcategories&post=38453"},{"taxonomy":"post_tag","embeddable":true,"href":"http:\/\/www.rtvnoticias.com.ar\/index.php?rest_route=%2Fwp%2Fv2%2Ftags&post=38453"}],"curies":[{"name":"wp","href":"https:\/\/api.w.org\/{rel}","templated":true}]}}