{"id":38455,"date":"2023-08-26T03:20:57","date_gmt":"2023-08-26T06:20:57","guid":{"rendered":"http:\/\/www.rtvnoticias.com.ar\/?p=38455"},"modified":"2023-08-26T03:20:58","modified_gmt":"2023-08-26T06:20:58","slug":"congreso-de-veteranos-de-guerra-en-general-pico","status":"publish","type":"post","link":"http:\/\/www.rtvnoticias.com.ar\/?p=38455","title":{"rendered":"Congreso de Veteranos de Guerra en General Pico"},"content":{"rendered":"\n<p><br>Con la presencia de la intendenta Fernanda Alonso, se realiz\u00f3 en la Asociaci\u00f3n de Veteranos de Guerra de Malvinas \u201cAlberto Amesgaray\u201d el anuncio del 34\u00b0 Congreso de Veteranos de Guerra de la Rep\u00fablica Argentina. El mismo se desarrollar\u00e1\u00a0el 1 de septiembre a las 9:00horas en el Parque H\u00e9roes de Malvinas.<\/p>\n\n\n\n<p>Para ello, ya presentaron su confirmaci\u00f3n 20 delegados provinciales. Vale destacar que, desde&nbsp;el 31 de agosto&nbsp;los representantes de cada una de ellas ser\u00e1n recibidos por los veteranos locales, con quienes recorrer\u00e1n el museo, de&nbsp;calle 19 y 20, para luego visitar en el Palacio Municipal la sala de reuniones Alberto Amesgaray.&nbsp;&nbsp;<\/p>\n\n\n\n<p>Estuvieron presentes el secretario de Gobierno, Seguridad, Educaci\u00f3n y Cultura, Nicol\u00e1s Mendoza; el director de Cultura, Mat\u00edas Rach; el presidente de la Asociaci\u00f3n, Alejandro Pellitero y otros integrantes de esta instituci\u00f3n.<\/p>\n\n\n\n<p>La jefa comunal piquense se refiri\u00f3 a este significativo encuentro que tendr\u00e1 lugar en nuestra localidad: \u201cQuiero agradecer la confianza de proponer que Pico sea sede. Es un orgullo que seamos quienes recepcionen a los representantes del resto del pa\u00eds que nos visiten\u201d.&nbsp;<\/p>\n\n\n\n<p>\u201cNo dudamos en acompa\u00f1arlos. Es un momento que no debemos pasar por alto como ciudad y debemos aprovechar para dar a conocer nuestro monumento en uno de los accesos m\u00e1s importantes, as\u00ed como el trabajo de malvinizaci\u00f3n que han hecho en distintos \u00e1mbitos y que seguimos apoyando\u201d, a\u00f1adi\u00f3.<\/p>\n\n\n\n<p>Por \u00faltimo, se\u00f1al\u00f3 que se trata de \u201cun espacio soberano, pero no uno cualquiera, por lo que me parece m\u00e1s que oportuno en tiempos en que todo est\u00e1 puesto en duda\u201d.<\/p>\n\n\n\n<p>En relaci\u00f3n a ello, Pellitero destac\u00f3: \u201cEste evento se concretar\u00e1 en nombre de la Confederaci\u00f3n Argentina de Veteranos de Guerra, con m\u00e1s de 70 congresales y veteranos. Contamos con la colaboraci\u00f3n inestimable de la intendencia de General Pico, en nombre de Fernanda y su gabinete\u201d.<\/p>\n\n\n\n<p>Manifest\u00f3 que \u201cla cita comenzar\u00e1 con un acto homenaje en el monumento frente al Cementerio municipal donde recordaremos a los 632 ca\u00eddos. Luego seguir\u00e1 en MEDANO y v\u00eda zoom\u201d.<\/p>\n\n\n\n<p>\u201cSe van a tratar temas de actualidad. Esta es una manera m\u00e1s de renovar nuestro compromiso en la lucha cotidiana de la reafirmaci\u00f3n de los derechos sobre las Islas Malvinas e Islas del Atl\u00e1ntico Sur. Buscamos revalorizar los conceptos de soberan\u00eda en Argentina\u201d, dijo.<\/p>\n<div class=\"sharedaddy sd-sharing-enabled\"><div class=\"robots-nocontent sd-block sd-social sd-social-icon sd-sharing\"><h3 class=\"sd-title\">Comparte esto:<\/h3><div class=\"sd-content\"><ul><li class=\"share-twitter\"><a rel=\"nofollow noopener noreferrer\" data-shared=\"sharing-twitter-38455\" class=\"share-twitter sd-button share-icon no-text\" href=\"http:\/\/www.rtvnoticias.com.ar\/?p=38455&amp;share=twitter\" target=\"_blank\" title=\"Haz clic para compartir en Twitter\"><span><\/span><span class=\"sharing-screen-reader-text\">Haz clic para compartir en Twitter (Se abre en una ventana nueva)<\/span><\/a><\/li><li class=\"share-facebook\"><a rel=\"nofollow noopener noreferrer\" data-shared=\"sharing-facebook-38455\" class=\"share-facebook sd-button share-icon no-text\" href=\"http:\/\/www.rtvnoticias.com.ar\/?p=38455&amp;share=facebook\" target=\"_blank\" title=\"Haz clic para compartir en Facebook\"><span><\/span><span class=\"sharing-screen-reader-text\">Haz clic para compartir en Facebook (Se abre en una ventana nueva)<\/span><\/a><\/li><li class=\"share-jetpack-whatsapp\"><a rel=\"nofollow noopener noreferrer\" data-shared=\"\" class=\"share-jetpack-whatsapp sd-button share-icon no-text\" href=\"http:\/\/www.rtvnoticias.com.ar\/?p=38455&amp;share=jetpack-whatsapp\" target=\"_blank\" title=\"Haz clic para compartir en WhatsApp\"><span><\/span><span class=\"sharing-screen-reader-text\">Haz clic para compartir en WhatsApp (Se abre en una ventana nueva)<\/span><\/a><\/li><li class=\"share-telegram\"><a rel=\"nofollow noopener noreferrer\" data-shared=\"\" class=\"share-telegram sd-button share-icon no-text\" href=\"http:\/\/www.rtvnoticias.com.ar\/?p=38455&amp;share=telegram\" target=\"_blank\" title=\"Haz clic para compartir en Telegram\"><span><\/span><span class=\"sharing-screen-reader-text\">Haz clic para compartir en Telegram (Se abre en una ventana nueva)<\/span><\/a><\/li><li class=\"share-end\"><\/li><\/ul><\/div><\/div><\/div>","protected":false},"excerpt":{"rendered":"<p>Con la presencia de la intendenta Fernanda Alonso, se realiz\u00f3 en la Asociaci\u00f3n de Veteranos de Guerra de Malvinas \u201cAlberto Amesgaray\u201d el anuncio del 34\u00b0<\/p>\n<div class=\"sharedaddy sd-sharing-enabled\"><div class=\"robots-nocontent sd-block sd-social sd-social-icon sd-sharing\"><h3 class=\"sd-title\">Comparte esto:<\/h3><div class=\"sd-content\"><ul><li class=\"share-twitter\"><a rel=\"nofollow noopener noreferrer\" data-shared=\"sharing-twitter-38455\" class=\"share-twitter sd-button share-icon no-text\" href=\"http:\/\/www.rtvnoticias.com.ar\/?p=38455&amp;share=twitter\" target=\"_blank\" title=\"Haz clic para compartir en Twitter\"><span><\/span><span class=\"sharing-screen-reader-text\">Haz clic para compartir en Twitter (Se abre en una ventana nueva)<\/span><\/a><\/li><li class=\"share-facebook\"><a rel=\"nofollow noopener noreferrer\" data-shared=\"sharing-facebook-38455\" class=\"share-facebook sd-button share-icon no-text\" href=\"http:\/\/www.rtvnoticias.com.ar\/?p=38455&amp;share=facebook\" target=\"_blank\" title=\"Haz clic para compartir en Facebook\"><span><\/span><span class=\"sharing-screen-reader-text\">Haz clic para compartir en Facebook (Se abre en una ventana nueva)<\/span><\/a><\/li><li class=\"share-jetpack-whatsapp\"><a rel=\"nofollow noopener noreferrer\" data-shared=\"\" class=\"share-jetpack-whatsapp sd-button share-icon no-text\" href=\"http:\/\/www.rtvnoticias.com.ar\/?p=38455&amp;share=jetpack-whatsapp\" target=\"_blank\" title=\"Haz clic para compartir en WhatsApp\"><span><\/span><span class=\"sharing-screen-reader-text\">Haz clic para compartir en WhatsApp (Se abre en una ventana nueva)<\/span><\/a><\/li><li class=\"share-telegram\"><a rel=\"nofollow noopener noreferrer\" data-shared=\"\" class=\"share-telegram sd-button share-icon no-text\" href=\"http:\/\/www.rtvnoticias.com.ar\/?p=38455&amp;share=telegram\" target=\"_blank\" title=\"Haz clic para compartir en Telegram\"><span><\/span><span class=\"sharing-screen-reader-text\">Haz clic para compartir en Telegram (Se abre en una ventana nueva)<\/span><\/a><\/li><li class=\"share-end\"><\/li><\/ul><\/div><\/div><\/div>","protected":false},"author":5,"featured_media":0,"comment_status":"closed","ping_status":"closed","sticky":false,"template":"","format":"standard","meta":{"spay_email":"","jetpack_publicize_message":"","jetpack_is_tweetstorm":false,"jetpack_publicize_feature_enabled":true},"categories":[1],"tags":[],"jetpack_featured_media_url":"","jetpack_publicize_connections":[],"jetpack_sharing_enabled":true,"_links":{"self":[{"href":"http:\/\/www.rtvnoticias.com.ar\/index.php?rest_route=\/wp\/v2\/posts\/38455"}],"collection":[{"href":"http:\/\/www.rtvnoticias.com.ar\/index.php?rest_route=\/wp\/v2\/posts"}],"about":[{"href":"http:\/\/www.rtvnoticias.com.ar\/index.php?rest_route=\/wp\/v2\/types\/post"}],"author":[{"embeddable":true,"href":"http:\/\/www.rtvnoticias.com.ar\/index.php?rest_route=\/wp\/v2\/users\/5"}],"replies":[{"embeddable":true,"href":"http:\/\/www.rtvnoticias.com.ar\/index.php?rest_route=%2Fwp%2Fv2%2Fcomments&post=38455"}],"version-history":[{"count":1,"href":"http:\/\/www.rtvnoticias.com.ar\/index.php?rest_route=\/wp\/v2\/posts\/38455\/revisions"}],"predecessor-version":[{"id":38456,"href":"http:\/\/www.rtvnoticias.com.ar\/index.php?rest_route=\/wp\/v2\/posts\/38455\/revisions\/38456"}],"wp:attachment":[{"href":"http:\/\/www.rtvnoticias.com.ar\/index.php?rest_route=%2Fwp%2Fv2%2Fmedia&parent=38455"}],"wp:term":[{"taxonomy":"category","embeddable":true,"href":"http:\/\/www.rtvnoticias.com.ar\/index.php?rest_route=%2Fwp%2Fv2%2Fcategories&post=38455"},{"taxonomy":"post_tag","embeddable":true,"href":"http:\/\/www.rtvnoticias.com.ar\/index.php?rest_route=%2Fwp%2Fv2%2Ftags&post=38455"}],"curies":[{"name":"wp","href":"https:\/\/api.w.org\/{rel}","templated":true}]}}