{"id":38462,"date":"2023-08-26T22:53:29","date_gmt":"2023-08-27T01:53:29","guid":{"rendered":"http:\/\/www.rtvnoticias.com.ar\/?p=38462"},"modified":"2023-08-26T22:53:32","modified_gmt":"2023-08-27T01:53:32","slug":"primer-encuentro-de-concejales-del-partido-justicialista","status":"publish","type":"post","link":"http:\/\/www.rtvnoticias.com.ar\/?p=38462","title":{"rendered":"Primer encuentro de concejales del Partido Justicialista"},"content":{"rendered":"\n<figure class=\"wp-block-image size-large\"><img data-attachment-id=\"38463\" data-permalink=\"http:\/\/www.rtvnoticias.com.ar\/?attachment_id=38463\" data-orig-file=\"http:\/\/www.rtvnoticias.com.ar\/wp-content\/uploads\/2023\/08\/F98286CB-0BEA-43EA-9ACF-3856ECF87766.jpeg\" data-orig-size=\"640,360\" data-comments-opened=\"0\" data-image-meta=\"{&quot;aperture&quot;:&quot;0&quot;,&quot;credit&quot;:&quot;&quot;,&quot;camera&quot;:&quot;&quot;,&quot;caption&quot;:&quot;&quot;,&quot;created_timestamp&quot;:&quot;0&quot;,&quot;copyright&quot;:&quot;&quot;,&quot;focal_length&quot;:&quot;0&quot;,&quot;iso&quot;:&quot;0&quot;,&quot;shutter_speed&quot;:&quot;0&quot;,&quot;title&quot;:&quot;&quot;,&quot;orientation&quot;:&quot;1&quot;}\" data-image-title=\"F98286CB-0BEA-43EA-9ACF-3856ECF87766\" data-image-description=\"\" data-image-caption=\"\" data-medium-file=\"http:\/\/www.rtvnoticias.com.ar\/wp-content\/uploads\/2023\/08\/F98286CB-0BEA-43EA-9ACF-3856ECF87766-300x169.jpeg\" data-large-file=\"http:\/\/www.rtvnoticias.com.ar\/wp-content\/uploads\/2023\/08\/F98286CB-0BEA-43EA-9ACF-3856ECF87766.jpeg\" decoding=\"async\" loading=\"lazy\" width=\"640\" height=\"360\" src=\"http:\/\/www.rtvnoticias.com.ar\/wp-content\/uploads\/2023\/08\/F98286CB-0BEA-43EA-9ACF-3856ECF87766.jpeg\" alt=\"\" class=\"wp-image-38463\" srcset=\"http:\/\/www.rtvnoticias.com.ar\/wp-content\/uploads\/2023\/08\/F98286CB-0BEA-43EA-9ACF-3856ECF87766.jpeg 640w, http:\/\/www.rtvnoticias.com.ar\/wp-content\/uploads\/2023\/08\/F98286CB-0BEA-43EA-9ACF-3856ECF87766-300x169.jpeg 300w, http:\/\/www.rtvnoticias.com.ar\/wp-content\/uploads\/2023\/08\/F98286CB-0BEA-43EA-9ACF-3856ECF87766-480x270.jpeg 480w\" sizes=\"(max-width: 640px) 100vw, 640px\" \/><\/figure>\n\n\n\n<p>En la sede del Partido Justicialista, se realiz\u00f3 el primer encuentro de concejales y concejalas\u00a0 peronistas de La Pampa, con el objetivo de dar inicio a\u00a0 un proceso de fortalecimiento pol\u00edtico territorial.\u00a0<\/p>\n\n\n\n<p>Partiendo de la base de que el edil local es el primer contacto con las problem\u00e1ticas locales, se busca dotar a todos\/as de herramientas para la efectiva realizaci\u00f3n de la gesti\u00f3n en el territorio, fortaleciendo las competencias y habilidades.<\/p>\n\n\n\n<p>Los encuentros tienen como eje transversal la formaci\u00f3n pol\u00edtica continua en funci\u00f3n de la demanda de cada uno\/a.<\/p>\n\n\n\n<p>El contenido introductorio transita la comunicaci\u00f3n pol\u00edtica y el activismo ciudadano.<\/p>\n<div class=\"sharedaddy sd-sharing-enabled\"><div class=\"robots-nocontent sd-block sd-social sd-social-icon sd-sharing\"><h3 class=\"sd-title\">Comparte esto:<\/h3><div class=\"sd-content\"><ul><li class=\"share-twitter\"><a rel=\"nofollow noopener noreferrer\" data-shared=\"sharing-twitter-38462\" class=\"share-twitter sd-button share-icon no-text\" href=\"http:\/\/www.rtvnoticias.com.ar\/?p=38462&amp;share=twitter\" target=\"_blank\" title=\"Haz clic para compartir en Twitter\"><span><\/span><span class=\"sharing-screen-reader-text\">Haz clic para compartir en Twitter (Se abre en una ventana nueva)<\/span><\/a><\/li><li class=\"share-facebook\"><a rel=\"nofollow noopener noreferrer\" data-shared=\"sharing-facebook-38462\" class=\"share-facebook sd-button share-icon no-text\" href=\"http:\/\/www.rtvnoticias.com.ar\/?p=38462&amp;share=facebook\" target=\"_blank\" title=\"Haz clic para compartir en Facebook\"><span><\/span><span class=\"sharing-screen-reader-text\">Haz clic para compartir en Facebook (Se abre en una ventana nueva)<\/span><\/a><\/li><li class=\"share-jetpack-whatsapp\"><a rel=\"nofollow noopener noreferrer\" data-shared=\"\" class=\"share-jetpack-whatsapp sd-button share-icon no-text\" href=\"http:\/\/www.rtvnoticias.com.ar\/?p=38462&amp;share=jetpack-whatsapp\" target=\"_blank\" title=\"Haz clic para compartir en WhatsApp\"><span><\/span><span class=\"sharing-screen-reader-text\">Haz clic para compartir en WhatsApp (Se abre en una ventana nueva)<\/span><\/a><\/li><li class=\"share-telegram\"><a rel=\"nofollow noopener noreferrer\" data-shared=\"\" class=\"share-telegram sd-button share-icon no-text\" href=\"http:\/\/www.rtvnoticias.com.ar\/?p=38462&amp;share=telegram\" target=\"_blank\" title=\"Haz clic para compartir en Telegram\"><span><\/span><span class=\"sharing-screen-reader-text\">Haz clic para compartir en Telegram (Se abre en una ventana nueva)<\/span><\/a><\/li><li class=\"share-end\"><\/li><\/ul><\/div><\/div><\/div>","protected":false},"excerpt":{"rendered":"<p>En la sede del Partido Justicialista, se realiz\u00f3 el primer encuentro de concejales y concejalas\u00a0 peronistas de La Pampa, con el objetivo de dar inicio<\/p>\n<div class=\"sharedaddy sd-sharing-enabled\"><div class=\"robots-nocontent sd-block sd-social sd-social-icon sd-sharing\"><h3 class=\"sd-title\">Comparte esto:<\/h3><div class=\"sd-content\"><ul><li class=\"share-twitter\"><a rel=\"nofollow noopener noreferrer\" data-shared=\"sharing-twitter-38462\" class=\"share-twitter sd-button share-icon no-text\" href=\"http:\/\/www.rtvnoticias.com.ar\/?p=38462&amp;share=twitter\" target=\"_blank\" title=\"Haz clic para compartir en Twitter\"><span><\/span><span class=\"sharing-screen-reader-text\">Haz clic para compartir en Twitter (Se abre en una ventana nueva)<\/span><\/a><\/li><li class=\"share-facebook\"><a rel=\"nofollow noopener noreferrer\" data-shared=\"sharing-facebook-38462\" class=\"share-facebook sd-button share-icon no-text\" href=\"http:\/\/www.rtvnoticias.com.ar\/?p=38462&amp;share=facebook\" target=\"_blank\" title=\"Haz clic para compartir en Facebook\"><span><\/span><span class=\"sharing-screen-reader-text\">Haz clic para compartir en Facebook (Se abre en una ventana nueva)<\/span><\/a><\/li><li class=\"share-jetpack-whatsapp\"><a rel=\"nofollow noopener noreferrer\" data-shared=\"\" class=\"share-jetpack-whatsapp sd-button share-icon no-text\" href=\"http:\/\/www.rtvnoticias.com.ar\/?p=38462&amp;share=jetpack-whatsapp\" target=\"_blank\" title=\"Haz clic para compartir en WhatsApp\"><span><\/span><span class=\"sharing-screen-reader-text\">Haz clic para compartir en WhatsApp (Se abre en una ventana nueva)<\/span><\/a><\/li><li class=\"share-telegram\"><a rel=\"nofollow noopener noreferrer\" data-shared=\"\" class=\"share-telegram sd-button share-icon no-text\" href=\"http:\/\/www.rtvnoticias.com.ar\/?p=38462&amp;share=telegram\" target=\"_blank\" title=\"Haz clic para compartir en Telegram\"><span><\/span><span class=\"sharing-screen-reader-text\">Haz clic para compartir en Telegram (Se abre en una ventana nueva)<\/span><\/a><\/li><li class=\"share-end\"><\/li><\/ul><\/div><\/div><\/div>","protected":false},"author":5,"featured_media":0,"comment_status":"closed","ping_status":"closed","sticky":false,"template":"","format":"standard","meta":{"spay_email":"","jetpack_publicize_message":"","jetpack_is_tweetstorm":false,"jetpack_publicize_feature_enabled":true},"categories":[1],"tags":[],"jetpack_featured_media_url":"","jetpack_publicize_connections":[],"jetpack_sharing_enabled":true,"_links":{"self":[{"href":"http:\/\/www.rtvnoticias.com.ar\/index.php?rest_route=\/wp\/v2\/posts\/38462"}],"collection":[{"href":"http:\/\/www.rtvnoticias.com.ar\/index.php?rest_route=\/wp\/v2\/posts"}],"about":[{"href":"http:\/\/www.rtvnoticias.com.ar\/index.php?rest_route=\/wp\/v2\/types\/post"}],"author":[{"embeddable":true,"href":"http:\/\/www.rtvnoticias.com.ar\/index.php?rest_route=\/wp\/v2\/users\/5"}],"replies":[{"embeddable":true,"href":"http:\/\/www.rtvnoticias.com.ar\/index.php?rest_route=%2Fwp%2Fv2%2Fcomments&post=38462"}],"version-history":[{"count":1,"href":"http:\/\/www.rtvnoticias.com.ar\/index.php?rest_route=\/wp\/v2\/posts\/38462\/revisions"}],"predecessor-version":[{"id":38464,"href":"http:\/\/www.rtvnoticias.com.ar\/index.php?rest_route=\/wp\/v2\/posts\/38462\/revisions\/38464"}],"wp:attachment":[{"href":"http:\/\/www.rtvnoticias.com.ar\/index.php?rest_route=%2Fwp%2Fv2%2Fmedia&parent=38462"}],"wp:term":[{"taxonomy":"category","embeddable":true,"href":"http:\/\/www.rtvnoticias.com.ar\/index.php?rest_route=%2Fwp%2Fv2%2Fcategories&post=38462"},{"taxonomy":"post_tag","embeddable":true,"href":"http:\/\/www.rtvnoticias.com.ar\/index.php?rest_route=%2Fwp%2Fv2%2Ftags&post=38462"}],"curies":[{"name":"wp","href":"https:\/\/api.w.org\/{rel}","templated":true}]}}