{"id":38484,"date":"2023-08-28T10:57:59","date_gmt":"2023-08-28T13:57:59","guid":{"rendered":"http:\/\/www.rtvnoticias.com.ar\/?p=38484"},"modified":"2023-08-28T10:58:02","modified_gmt":"2023-08-28T13:58:02","slug":"medidas-para-compensar-la-suba-de-precios-y-sostener-el-consumo-que-anuncio-massa","status":"publish","type":"post","link":"http:\/\/www.rtvnoticias.com.ar\/?p=38484","title":{"rendered":"Medidas para compensar la suba de precios y sostener el consumo que anunci\u00f3 Massa"},"content":{"rendered":"\n<p>El ministro de Econom\u00eda, Sergio Massa, anunci\u00f3 este domingo un amplio paquete de medidas destinadas a sostener el consumo y compensar el fuerte impacto de la devaluaci\u00f3n sobre los precios, que alcanzar\u00e1n a jubilados, monotributistas, beneficiarios de la tarjeta Alimentar y trabajadores en general v\u00eda cr\u00e9ditos baratos.<\/p>\n\n\n\n<p>El paquete incluye un bono de 37 mil pesos en septiembre, octubre y noviembre para jubilados y pensionados, y la exenci\u00f3n del pago del componente tributario por seis meses para monotributistas de las categor\u00edas A, B, C y D.<\/p>\n\n\n\n<p>\u00abCon estos aumentos, la jubilaci\u00f3n m\u00ednima alcanzar\u00e1 un 147% de incremento anual\u00bb, asegur\u00f3 el funcionario en un video difundido en redes sociales.<\/p>\n\n\n\n<p>Adem\u00e1s, inform\u00f3 que podr\u00e1n acceder a cr\u00e9ditos de hasta $400.000 en 24, 36 o 48 cuotas a un cuarto de la tasa que hoy tienen los bancos, junto con la devoluci\u00f3n del IVA para las compras en comercios con tarjeta de d\u00e9bito.<\/p>\n\n\n\n<p>De esta forma, en el caso de los jubilados, de ser una compensaci\u00f3n \u00abpor \u00fanica vez\u00bb o \u00abextraordinaria\u00bb, por la disparada inflacionaria los bonos para jubilados han pasado a ser permanentes y en valores ascendentes. En agosto, hab\u00eda sido de $20 mil.<\/p>\n\n\n\n<p>En tanto, Alberto Fern\u00e1ndez, a trav\u00e9s de \u00abX\u00bb, retuite\u00f3 el video difundido por el ministro de Econom\u00eda y, con un texto, remarc\u00f3 que los cambios anunciados los pidi\u00f3 \u00e9l.<\/p>\n\n\n\n<p><strong>Suma fija<\/strong><\/p>\n\n\n\n<p>Suma fija de $60 mil, en dos cuotas de $30 mil en septiembre y octubre, para los trabajadores privados y los estatales de la Naci\u00f3n que ganan hasta $400 mil.<\/p>\n\n\n\n<p>La suma se tomar\u00e1 a cuenta de lo que se acuerde en la futura paritaria.<\/p>\n\n\n\n<p>En el caso de las micropymes, el Estado devolver\u00e1 el 100% de la suma fija en las constribuciones patronales, y en el de las pymes, el 50%.<\/p>\n\n\n\n<p>En el sector privado, Massa dijo que ser\u00e1 5,5 millones de trabajadores los beneficiados.<\/p>\n\n\n\n<p>En los empleados p\u00fablicos, los que cobran hasta 400 mil recibir\u00e1n lo mismo.<\/p>\n\n\n\n<p>Suma fija de $60 mil en dos cuotas para trabajadores que ganen hasta $400 mil<br>Tarjeta Alimentar<\/p>\n\n\n\n<p>Adem\u00e1s, Massa anunci\u00f3 un refuerzo econ\u00f3mico para los beneficiarios de la Tarjeta Alimentar, que se abonar\u00e1 en dos cuotas mensuales. Luego, se incorporar\u00e1 un aumento del monto subsidiado, seg\u00fan indic\u00f3.<\/p>\n\n\n\n<p>\u00abEn la tarea de cuidar a los sectores m\u00e1s vulnerables, tomamos la decisi\u00f3n de reforzar la Tarjeta Alimentar\u00bb, anunci\u00f3 el candidato presidencial de Uni\u00f3n por la Patria y sostuvo que la medida tiene como objetivo \u00abcuidar el acceso al alimento\u00bb.<\/p>\n\n\n\n<p>El ministro sum\u00f3 este anuncio en medio de un paquete de medidas para recuperar los ingresos frente a la devaluaci\u00f3n del peso.<\/p>\n\n\n\n<p>En este marco, recibir\u00e1n bonos:<\/p>\n\n\n\n<ul><li>Familias con un hijo: $10.000.<\/li><li>Familias con dos hijos: $17.000.<\/li><li>Familias con tres hijos: $23.000.<\/li><\/ul>\n\n\n\n<p>El Gobierno confirm\u00f3 que, una vez terminadas las dos cuotas del refuerzo econ\u00f3mico, la Tarjeta Alimentar aumentar\u00e1 un 30%.<\/p>\n\n\n\n<p><strong>Cr\u00e9ditos blandos<\/strong><\/p>\n\n\n\n<p>En este marco, Massa anunci\u00f3 cr\u00e9ditos para trabajadores a baja tasa con hasta cuatro a\u00f1os de plazo. \u00abVas a poder acceder a l\u00edneas de cr\u00e9dito de hasta $400.000 en 24, 36 o 48 cuotas\u00bb, se\u00f1al\u00f3 Massa.<\/p>\n\n\n\n<p>Dijo que \u00ablos fondos se depositar\u00e1n en tu tarjeta de cr\u00e9dito bancaria dentro de los cinco d\u00edas h\u00e1biles\u00bb.<\/p>\n\n\n\n<p>\u00abLa tasa de inter\u00e9s es la mitad de la que pag\u00e1s actualmente sobre tu saldo de las tarjeta de cr\u00e9dito\u00bb, explic\u00f3.<\/p>\n\n\n\n<p>\u201cSe podr\u00e1 gestionar con un tr\u00e1mite simple electr\u00f3nico y vas a tener la posibilidad de que te lo debiten de tu sueldo\u00bb, explic\u00f3.<\/p>\n\n\n\n<p>El titular del Palacio de Hacienda anunci\u00f3 refuerzos tambi\u00e9n para quienes perciben el plan Potenciar Trabajo.<\/p>\n\n\n\n<p>Los beneficiarios recibir\u00e1n un refuerzo de $20.000 que se pagar\u00e1 en dos cuotas de $10.000 en septiembre y octubre, en conjunto con los haberes que tendr\u00e1n su actualizaci\u00f3n tras absorber la actualizaci\u00f3n del salario m\u00ednimo.<\/p>\n\n\n\n<p><strong>Acuerdos de Precios<\/strong><\/p>\n\n\n\n<p>Habr\u00e1n un \u00absendero del 5% con m\u00e1s de 400 empresas que representan 50.000 productos de higiene y alimentos de primera necesidad de la canasta de los argentinos\u00bb, dijo Massa.<\/p>\n\n\n\n<p>\u00abPara este programa ponemos un beneficio del 6% del total de impuestos que pagan las empresas en descuento del IVA y del impuesto a las ganancias de cada una de esas empresas\u00bb,<\/p>\n\n\n\n<p>\u00abEl esfuerzo lo hacemos en conjunto, las empresas y el Estado argentino\u00bb, indic\u00f3.<\/p>\n\n\n\n<p>Subray\u00f3 que a partir de ahora habr\u00e1 \u00abcero aumentos de combustibles hasta el 1\u00b0 de noviembre, y cero aumentos de medicamentos\u00bb.<\/p>\n\n\n\n<p><strong>Prepagas<\/strong><\/p>\n\n\n\n<p>Massa anunci\u00f3 la suspensi\u00f3n del aumento de las prepagas para familias con ingresos inferiores a $2 millones mensuales.<\/p>\n\n\n\n<p>Es por 90 d\u00edas. Se suma a las medidas informadas este domingo para fortalecer los ingresos de los ciudadanos.<\/p>\n\n\n\n<p>\u00abHemos decidido suspender el aumento de la medicina prepaga por los pr\u00f3ximos 90 d\u00edas, para todos aquellos hogares que no superen el ingreso de los $2 millones\u00bb, adelant\u00f3 el titular de Hacienda en un video en sus cuentas de redes sociales.<\/p>\n\n\n\n<p>Suspenden aumento de prepagas para familias con ingresos menores a $2 millones<br>El objetivo, dijo Massa, es que \u00ablos efectos de que el esfuerzo que hace los trabajadores y el Estado tambi\u00e9n venga acompa\u00f1ado por una atenci\u00f3n de la salud que no castiguen las cuentas del trabajador\u00bb.<\/p>\n\n\n\n<p>Con los aumentos de julio y agosto, los planes familiar para un matrimonio con 2 hijos menores se ubicaron entre los $120.000 y los $165.000 mensuales.<\/p>\n\n\n\n<p>La suba acumulada de la medicina privada en los primeros 8 meses del a\u00f1o se el 66,16%, mientras que el IPC del 2023 registr\u00f3 hasta julio una variaci\u00f3n de 60,2%, sin contar a\u00fan el \u00edndice de agosto.<\/p>\n\n\n\n<p><strong>Empleadas dom\u00e9sticas<\/strong><\/p>\n\n\n\n<p>En el marco de la catarata de medidas destinadas a compensar los costos de la suba de precio por la devaluaci\u00f3n, el Gobierno anunci\u00f3 un bono de 25 mil pesos para trabajadores de casas particulares.<\/p>\n\n\n\n<p>Ser\u00e1 un refuerzo de $25.000 por \u00fanica vez, en dos cuotas mensuales, de forma proporcional a las horas trabajadas.<\/p>\n\n\n\n<p>Para los empleadores con ingresos de hasta 2 millones de pesos por mes, el Estado va a reembolsarles el 50% de este refuerzo, dijo el ministro de Econom\u00eda, Sergio Massa.<\/p>\n\n\n\n<p>\u00abM\u00e1s de 424 mil personas ser\u00e1n beneficiadas\u00bb, destac\u00f3 el funcionario, candidato presidencial de Uni\u00f3n por la Patria.<\/p>\n\n\n\n<p>Disponen refuerzo de $25 mil en dos cuotas para personal de casas particulares<br>Fortalecer las exportaciones<\/p>\n\n\n\n<p>Habr\u00e1 un nuevo programa de 770 millones de d\u00f3lares para prefinanciaci\u00f3n de exportaciones:<\/p>\n\n\n\n<p>-550 millones de d\u00f3lares del Banco Naci\u00f3n de la Argentina<\/p>\n\n\n\n<p>-220 millones del Banco Bice<\/p>\n\n\n\n<p>\u00abEl objetivo es que las empresas que venden trabajo argentino al mundo tengan todas las herramientas para seguir aumentando el volumen de exportaci\u00f3n y acumular reservas\u00bb, se\u00f1al\u00f3.<\/p>\n\n\n\n<p><strong>Medidas para el Agro<\/strong><\/p>\n\n\n\n<p>Se anunci\u00f3 la reducci\u00f3n a cero de los derechos a la exportaci\u00f3n para una serie de productos de las econom\u00edas regionales y ayuda para productores en situaci\u00f3n de emergencia y para industriales que procesan soja.<\/p>\n\n\n\n<p>Indic\u00f3 que habr\u00e1 \u00abretenci\u00f3n 0% para econom\u00edas regionales con valor agregado industrial como el vino, el mosto, el arroz, el tabaco, la producci\u00f3n forestal, y la c\u00e1scara de citrus, entre otras\u00bb.<\/p>\n\n\n\n<p>\u00abTodos los productos que tienen un proceso de industrializaci\u00f3n para las exportaciones, van a tener retenciones cero a los efectos de aumentar nuestras exportaciones con valor agregado\u00bb, enfatiz\u00f3.<\/p>\n\n\n\n<p>Massa destac\u00f3 adem\u00e1s que habr\u00e1 \u00abun nuevo programa de siembra para trigo y ma\u00edz con entrega de hasta 5 toneladas de fertilizantes para productores en emergencia agropecuaria a partir de un convenio con la compa\u00f1\u00eda YPF Agro\u00bb.<\/p>\n\n\n\n<p>Se\u00f1al\u00f3 la continuidad del programa Puente al Empleo, \u00abque transforma planes sociales en empleo registrado para quienes tomen trabajo en el sector rural, manteni\u00e9ndose un a\u00f1o los planes\u00bb.<\/p>\n\n\n\n<p>Adelant\u00f3 tambi\u00e9n un nuevo \u00abPrograma de Incremento Exportador y dijo que para los productos como la harina, el aceite y el pellet de soja vamos a dar la posibilidad de disponer del 25% de las divisas para comprar transitoriamente poroto de soja para procesar, manteniendo los puestos de trabajo de las plantas industriales y generando valor agregado en nuestro complejo industrial sojero\u00bb.<\/p>\n<div class=\"sharedaddy sd-sharing-enabled\"><div class=\"robots-nocontent sd-block sd-social sd-social-icon sd-sharing\"><h3 class=\"sd-title\">Comparte esto:<\/h3><div class=\"sd-content\"><ul><li class=\"share-twitter\"><a rel=\"nofollow noopener noreferrer\" data-shared=\"sharing-twitter-38484\" class=\"share-twitter sd-button share-icon no-text\" href=\"http:\/\/www.rtvnoticias.com.ar\/?p=38484&amp;share=twitter\" target=\"_blank\" title=\"Haz clic para compartir en Twitter\"><span><\/span><span class=\"sharing-screen-reader-text\">Haz clic para compartir en Twitter (Se abre en una ventana nueva)<\/span><\/a><\/li><li class=\"share-facebook\"><a rel=\"nofollow noopener noreferrer\" data-shared=\"sharing-facebook-38484\" class=\"share-facebook sd-button share-icon no-text\" href=\"http:\/\/www.rtvnoticias.com.ar\/?p=38484&amp;share=facebook\" target=\"_blank\" title=\"Haz clic para compartir en Facebook\"><span><\/span><span class=\"sharing-screen-reader-text\">Haz clic para compartir en Facebook (Se abre en una ventana nueva)<\/span><\/a><\/li><li class=\"share-jetpack-whatsapp\"><a rel=\"nofollow noopener noreferrer\" data-shared=\"\" class=\"share-jetpack-whatsapp sd-button share-icon no-text\" href=\"http:\/\/www.rtvnoticias.com.ar\/?p=38484&amp;share=jetpack-whatsapp\" target=\"_blank\" title=\"Haz clic para compartir en WhatsApp\"><span><\/span><span class=\"sharing-screen-reader-text\">Haz clic para compartir en WhatsApp (Se abre en una ventana nueva)<\/span><\/a><\/li><li class=\"share-telegram\"><a rel=\"nofollow noopener noreferrer\" data-shared=\"\" class=\"share-telegram sd-button share-icon no-text\" href=\"http:\/\/www.rtvnoticias.com.ar\/?p=38484&amp;share=telegram\" target=\"_blank\" title=\"Haz clic para compartir en Telegram\"><span><\/span><span class=\"sharing-screen-reader-text\">Haz clic para compartir en Telegram (Se abre en una ventana nueva)<\/span><\/a><\/li><li class=\"share-end\"><\/li><\/ul><\/div><\/div><\/div>","protected":false},"excerpt":{"rendered":"<p>El ministro de Econom\u00eda, Sergio Massa, anunci\u00f3 este domingo un amplio paquete de medidas destinadas a sostener el consumo y compensar el fuerte impacto de<\/p>\n<div class=\"sharedaddy sd-sharing-enabled\"><div class=\"robots-nocontent sd-block sd-social sd-social-icon sd-sharing\"><h3 class=\"sd-title\">Comparte esto:<\/h3><div class=\"sd-content\"><ul><li class=\"share-twitter\"><a rel=\"nofollow noopener noreferrer\" data-shared=\"sharing-twitter-38484\" class=\"share-twitter sd-button share-icon no-text\" href=\"http:\/\/www.rtvnoticias.com.ar\/?p=38484&amp;share=twitter\" target=\"_blank\" title=\"Haz clic para compartir en Twitter\"><span><\/span><span class=\"sharing-screen-reader-text\">Haz clic para compartir en Twitter (Se abre en una ventana nueva)<\/span><\/a><\/li><li class=\"share-facebook\"><a rel=\"nofollow noopener noreferrer\" data-shared=\"sharing-facebook-38484\" class=\"share-facebook sd-button share-icon no-text\" href=\"http:\/\/www.rtvnoticias.com.ar\/?p=38484&amp;share=facebook\" target=\"_blank\" title=\"Haz clic para compartir en Facebook\"><span><\/span><span class=\"sharing-screen-reader-text\">Haz clic para compartir en Facebook (Se abre en una ventana nueva)<\/span><\/a><\/li><li class=\"share-jetpack-whatsapp\"><a rel=\"nofollow noopener noreferrer\" data-shared=\"\" class=\"share-jetpack-whatsapp sd-button share-icon no-text\" href=\"http:\/\/www.rtvnoticias.com.ar\/?p=38484&amp;share=jetpack-whatsapp\" target=\"_blank\" title=\"Haz clic para compartir en WhatsApp\"><span><\/span><span class=\"sharing-screen-reader-text\">Haz clic para compartir en WhatsApp (Se abre en una ventana nueva)<\/span><\/a><\/li><li class=\"share-telegram\"><a rel=\"nofollow noopener noreferrer\" data-shared=\"\" class=\"share-telegram sd-button share-icon no-text\" href=\"http:\/\/www.rtvnoticias.com.ar\/?p=38484&amp;share=telegram\" target=\"_blank\" title=\"Haz clic para compartir en Telegram\"><span><\/span><span class=\"sharing-screen-reader-text\">Haz clic para compartir en Telegram (Se abre en una ventana nueva)<\/span><\/a><\/li><li class=\"share-end\"><\/li><\/ul><\/div><\/div><\/div>","protected":false},"author":5,"featured_media":0,"comment_status":"closed","ping_status":"closed","sticky":false,"template":"","format":"standard","meta":{"spay_email":"","jetpack_publicize_message":"","jetpack_is_tweetstorm":false,"jetpack_publicize_feature_enabled":true},"categories":[1],"tags":[],"jetpack_featured_media_url":"","jetpack_publicize_connections":[],"jetpack_sharing_enabled":true,"_links":{"self":[{"href":"http:\/\/www.rtvnoticias.com.ar\/index.php?rest_route=\/wp\/v2\/posts\/38484"}],"collection":[{"href":"http:\/\/www.rtvnoticias.com.ar\/index.php?rest_route=\/wp\/v2\/posts"}],"about":[{"href":"http:\/\/www.rtvnoticias.com.ar\/index.php?rest_route=\/wp\/v2\/types\/post"}],"author":[{"embeddable":true,"href":"http:\/\/www.rtvnoticias.com.ar\/index.php?rest_route=\/wp\/v2\/users\/5"}],"replies":[{"embeddable":true,"href":"http:\/\/www.rtvnoticias.com.ar\/index.php?rest_route=%2Fwp%2Fv2%2Fcomments&post=38484"}],"version-history":[{"count":1,"href":"http:\/\/www.rtvnoticias.com.ar\/index.php?rest_route=\/wp\/v2\/posts\/38484\/revisions"}],"predecessor-version":[{"id":38485,"href":"http:\/\/www.rtvnoticias.com.ar\/index.php?rest_route=\/wp\/v2\/posts\/38484\/revisions\/38485"}],"wp:attachment":[{"href":"http:\/\/www.rtvnoticias.com.ar\/index.php?rest_route=%2Fwp%2Fv2%2Fmedia&parent=38484"}],"wp:term":[{"taxonomy":"category","embeddable":true,"href":"http:\/\/www.rtvnoticias.com.ar\/index.php?rest_route=%2Fwp%2Fv2%2Fcategories&post=38484"},{"taxonomy":"post_tag","embeddable":true,"href":"http:\/\/www.rtvnoticias.com.ar\/index.php?rest_route=%2Fwp%2Fv2%2Ftags&post=38484"}],"curies":[{"name":"wp","href":"https:\/\/api.w.org\/{rel}","templated":true}]}}