{"id":38505,"date":"2023-08-29T21:30:48","date_gmt":"2023-08-30T00:30:48","guid":{"rendered":"http:\/\/www.rtvnoticias.com.ar\/?p=38505"},"modified":"2023-08-29T21:30:51","modified_gmt":"2023-08-30T00:30:51","slug":"el-gobernador-sergio-ziliotto-reclamo-que-se-elimine-la-barrera-sanitaria","status":"publish","type":"post","link":"http:\/\/www.rtvnoticias.com.ar\/?p=38505","title":{"rendered":"El gobernador Sergio Ziliotto reclam\u00f3 que se elimine la barrera sanitaria"},"content":{"rendered":"\n<p>El gobernador Sergio Ziliotto indic\u00f3 que \u00abel SENASA ha reconocido que somos un pa\u00eds libre de aftosa, con o sin vacunaci\u00f3n. Entonces las barreras comerciales no pueden existir en la Argentina\u00bb. En la apertura del Congreso Nacional de Entes y Fundaciones de Lucha Sanitaria Animal destac\u00f3 el Plan Ganadero de La Pampa que ha recuperado el stock y potenciado las exportaciones de carne.El gobernador Sergio Ziliotto reclam\u00f3 que se elimine la barrera sanitaria que impide el paso de la carne con hueso al sur del r\u00edo Colorado, atento a las condiciones sanitarias de la Argentina como pa\u00eds libre de fiebre aftosa desde hace casi 17 a\u00f1os. Dej\u00f3 en claro que se trata de una barrera \u00abcomercial\u00bb y no sanitaria. \u00abVamos a cumplir 17 a\u00f1os sin focos de fiebre aftosa. El SENASA ha reconocido que somos un pa\u00eds libre de aftosa, con o sin vacunaci\u00f3n, entonces, las barreras comerciales no pueden existir en la Argentina\u00bb, afirm\u00f3.&nbsp;<br>El reclamo lo hizo hoy durante la apertura del encuentro \u00abLa Sanidad y el Futuro de la Ganader\u00eda\u00bb, en el marco del 12\u00ba&nbsp; Congreso Nacional de Entes y Fundaciones de Lucha Sanitaria Animal. El encuentro fue convocado por Confederaciones Rurales Argentinas (CRA) y organizado por la Confederaci\u00f3n de Asociaciones Rurales de Buenos Aires y La Pampa (CARBAP). El Congreso presenta una mirada amplia sobre la salud animal, participando funcionarios del SENASA y de la Organizaci\u00f3n Mundial de Salud Animal.<br>En la apertura, Ziliotto hizo un repaso del impacto que ha tenido el Plan Ganadero Provincial como pol\u00edtica p\u00fablica que lleva 18 a\u00f1os. \u00abPodemos mostrar un crecimiento permanente de todas las variables en las cuales se pueden analizar la actividad ganadera. Crece el stock ganadero: 2,4% con respecto al 2022; hemos crecido en faena, 7,8% en el 2022; hemos crecido en exportaciones, 5,4%. Podemos mostrar al pa\u00eds que en La Pampa estamos llegando al 71% en producci\u00f3n de terneros\u00bb, repas\u00f3. Adem\u00e1s, destac\u00f3 a los frigor\u00edficos. \u00abLa industria tiene una realidad in\u00e9dita para la Provincia. Hoy el 46% de la faena se exporta. No solo por una pol\u00edtica de Estado y trabajo conjunto entre lo p\u00fablico y lo privado, es por la calidad de lo que producimos\u00bb, afirm\u00f3.<\/p>\n\n\n\n<p><strong>Barrera comercial<\/strong><br>La Pampa viene pidiendo desde hace a\u00f1os que se levante la barrera sanitaria, que impide el paso del \u00abasado con hueso\u00bb al sur del R\u00edo Colorado porque, entre otras cuestiones, es una provincia libre de fiebre aftosa.&nbsp;<br>\u00abComo pampeano no puedo dejar de abordar un tema, es un tema que quiz\u00e1s tenga controversias, pero debemos sacarlo de abajo de la alfombra. En la Argentina tenemos que discutir todo, tenemos que escucharnos, ver como salimos por arriba. Vamos a cumplir 17 a\u00f1os sin focos de fiebre aftosa. El Senasa ha reconocido que somos un pa\u00eds libre de aftosa, con o sin vacunaci\u00f3n. Entonces las barreras comerciales no pueden existir en la Argentina. No se trata de restringir mercados, se trata de potenciarlos. El mundo demanda alimentos, y el alimento que producimos, en este caso, la carne bovina es de excelente calidad. Ganar nuevos mercados es el enorme desaf\u00edo\u00bb, plante\u00f3 el Gobernador.<br>Un rato antes, el vicepresidente del SENASA, Rodolfo Acerbi, en su discurso, le hizo un gui\u00f1o al reclamo pampeano: \u00abhace 16 a\u00f1os que desde la Quiaca a Ushuaia el pa\u00eds es libre de aftosa y el tema de vacunaci\u00f3n es una estrategia geogr\u00e1fica, en lugar s\u00ed, en un lugar no. No podemos pegarnos tiros en los pies por defender regiones. Tenemos que trabajar juntos y el logro de poder alcanzar sanidad con un impacto en las exportaciones porque la sanidad sobre la producci\u00f3n sola es importante, pero no es trascendente para nuestro pa\u00eds\u00bb.&nbsp;<br>Luego le dej\u00f3 un mensaje a los productores: \u00abtodos los d\u00edas ustedes son gobierno de su campo, piensan en producir m\u00e1s, Senasa no tiene que ser un obst\u00e1culo, sino ser parte de la soluci\u00f3n\u00bb.<\/p>\n\n\n\n<p><strong>Plan Ganadero<\/strong><br>En el inicio, el gobernador Sergio Ziliotto dijo que \u00abes un orgullo participar de este evento estrat\u00e9gico. Estamos hablando de eficiencia productiva y esto lleva al desarrollo. Es un desaf\u00edo de como cada uno desde su lugar pone su patrimonio intelectual, profesional y laboral para ver de qu\u00e9 manera nos ponemos de acuerdo para desarrollar definitivamente la Argentina. Con el potencial que significa el escenario de una econom\u00eda mundial que tanto demanda lo que tenemos\u00bb.&nbsp;<br>Habl\u00f3 del escenario de la ganader\u00eda en la Provincia. \u00abLa ganader\u00eda en La Pampa es uno de los principales motores de la econom\u00eda, siempre lo tuvimos en claro, y siempre fue una pol\u00edtica de estado. Hace 18 a\u00f1os, desde el 2005, tenemos en vigencia un Plan Ganadero, articulado, estudiado, consensuado con los que m\u00e1s saben, con los que conviven diariamente con la problem\u00e1tica, con los que tienen la experiencia del territorio. Con ellos fuimos construyendo un escenario actual que no tengo dudas que muestra valores positivos\u00bb.&nbsp;<br>Agreg\u00f3 que \u00aba partir de ese plan ganadero, decidimos atacar de ra\u00edz los problemas que significaban que la carne de la provincia no tuviera la sustentabilidad y el valor agregado en tecnolog\u00eda y ciencia como damanda el mundo. El Plan Ganadero consensu\u00f3 cuatro elementos muy claros para determinar el camino a seguir:&nbsp; alimentaci\u00f3n, manejo, sanidad y gen\u00e9tica. En eso trabajamos y hoy podemos mostrar que La Pampa es una nave insignia en la ganader\u00eda de Argentina. Esto es un patrimonio de los pampeanos, no de ning\u00fan gobierno. Por eso podemos mostrar un crecimiento permanente de todas las variables en los cuales se pueden analizar la actividad ganadera. Crece el stock ganadero: 2,4% con respecto al 2022; hemos crecido en faena, 7,8% en el 2022; hemos crecido en exportaciones, 5,4%. Podemos mostrar al pa\u00eds que en La Pampa estamos llegando al 71% en producci\u00f3n de terneros. Es un norte\u00bb.&nbsp;<br>Sobre los frigor\u00edficos pampeanos, Ziliotto dijo que \u00abla industria tiene una realidad in\u00e9dita para la provincia. Hoy el 46% de la faena se exporta. No solo por una pol\u00edtica de Estado y el trabajo conjunto entre lo p\u00fablico y lo privado, es por la calidad de lo que producimos\u00bb.&nbsp;<br>Para finalizar, convoc\u00f3 a todo los sectores agropecuarios: \u00absepan que en el Gobierno de La Pampa siempre, todos los sectores, tienen una oreja donde escuchar. Siempre vamos a dise\u00f1ar pol\u00edticas p\u00fablicas teniendo en cuenta la opini\u00f3n de quienes se arriesgan d\u00eda a d\u00eda para desarrollar la provincia, objetivo que compartimos todos, m\u00e1s all\u00e1 de las ideolog\u00edas. Por eso, seguiremos en el camino del di\u00e1logo y de escucharnos. En esta Argentina en que cada vez se grita m\u00e1s y se escucha menos, en La Pampa, vamos a seguir honrando las buenas relaciones dirigenciales para ser una provincia cada vez m\u00e1s desarroll<\/p>\n<div class=\"sharedaddy sd-sharing-enabled\"><div class=\"robots-nocontent sd-block sd-social sd-social-icon sd-sharing\"><h3 class=\"sd-title\">Comparte esto:<\/h3><div class=\"sd-content\"><ul><li class=\"share-twitter\"><a rel=\"nofollow noopener noreferrer\" data-shared=\"sharing-twitter-38505\" class=\"share-twitter sd-button share-icon no-text\" href=\"http:\/\/www.rtvnoticias.com.ar\/?p=38505&amp;share=twitter\" target=\"_blank\" title=\"Haz clic para compartir en Twitter\"><span><\/span><span class=\"sharing-screen-reader-text\">Haz clic para compartir en Twitter (Se abre en una ventana nueva)<\/span><\/a><\/li><li class=\"share-facebook\"><a rel=\"nofollow noopener noreferrer\" data-shared=\"sharing-facebook-38505\" class=\"share-facebook sd-button share-icon no-text\" href=\"http:\/\/www.rtvnoticias.com.ar\/?p=38505&amp;share=facebook\" target=\"_blank\" title=\"Haz clic para compartir en Facebook\"><span><\/span><span class=\"sharing-screen-reader-text\">Haz clic para compartir en Facebook (Se abre en una ventana nueva)<\/span><\/a><\/li><li class=\"share-jetpack-whatsapp\"><a rel=\"nofollow noopener noreferrer\" data-shared=\"\" class=\"share-jetpack-whatsapp sd-button share-icon no-text\" href=\"http:\/\/www.rtvnoticias.com.ar\/?p=38505&amp;share=jetpack-whatsapp\" target=\"_blank\" title=\"Haz clic para compartir en WhatsApp\"><span><\/span><span class=\"sharing-screen-reader-text\">Haz clic para compartir en WhatsApp (Se abre en una ventana nueva)<\/span><\/a><\/li><li class=\"share-telegram\"><a rel=\"nofollow noopener noreferrer\" data-shared=\"\" class=\"share-telegram sd-button share-icon no-text\" href=\"http:\/\/www.rtvnoticias.com.ar\/?p=38505&amp;share=telegram\" target=\"_blank\" title=\"Haz clic para compartir en Telegram\"><span><\/span><span class=\"sharing-screen-reader-text\">Haz clic para compartir en Telegram (Se abre en una ventana nueva)<\/span><\/a><\/li><li class=\"share-end\"><\/li><\/ul><\/div><\/div><\/div>","protected":false},"excerpt":{"rendered":"<p>El gobernador Sergio Ziliotto indic\u00f3 que \u00abel SENASA ha reconocido que somos un pa\u00eds libre de aftosa, con o sin vacunaci\u00f3n. Entonces las barreras comerciales<\/p>\n<div class=\"sharedaddy sd-sharing-enabled\"><div class=\"robots-nocontent sd-block sd-social sd-social-icon sd-sharing\"><h3 class=\"sd-title\">Comparte esto:<\/h3><div class=\"sd-content\"><ul><li class=\"share-twitter\"><a rel=\"nofollow noopener noreferrer\" data-shared=\"sharing-twitter-38505\" class=\"share-twitter sd-button share-icon no-text\" href=\"http:\/\/www.rtvnoticias.com.ar\/?p=38505&amp;share=twitter\" target=\"_blank\" title=\"Haz clic para compartir en Twitter\"><span><\/span><span class=\"sharing-screen-reader-text\">Haz clic para compartir en Twitter (Se abre en una ventana nueva)<\/span><\/a><\/li><li class=\"share-facebook\"><a rel=\"nofollow noopener noreferrer\" data-shared=\"sharing-facebook-38505\" class=\"share-facebook sd-button share-icon no-text\" href=\"http:\/\/www.rtvnoticias.com.ar\/?p=38505&amp;share=facebook\" target=\"_blank\" title=\"Haz clic para compartir en Facebook\"><span><\/span><span class=\"sharing-screen-reader-text\">Haz clic para compartir en Facebook (Se abre en una ventana nueva)<\/span><\/a><\/li><li class=\"share-jetpack-whatsapp\"><a rel=\"nofollow noopener noreferrer\" data-shared=\"\" class=\"share-jetpack-whatsapp sd-button share-icon no-text\" href=\"http:\/\/www.rtvnoticias.com.ar\/?p=38505&amp;share=jetpack-whatsapp\" target=\"_blank\" title=\"Haz clic para compartir en WhatsApp\"><span><\/span><span class=\"sharing-screen-reader-text\">Haz clic para compartir en WhatsApp (Se abre en una ventana nueva)<\/span><\/a><\/li><li class=\"share-telegram\"><a rel=\"nofollow noopener noreferrer\" data-shared=\"\" class=\"share-telegram sd-button share-icon no-text\" href=\"http:\/\/www.rtvnoticias.com.ar\/?p=38505&amp;share=telegram\" target=\"_blank\" title=\"Haz clic para compartir en Telegram\"><span><\/span><span class=\"sharing-screen-reader-text\">Haz clic para compartir en Telegram (Se abre en una ventana nueva)<\/span><\/a><\/li><li class=\"share-end\"><\/li><\/ul><\/div><\/div><\/div>","protected":false},"author":7,"featured_media":0,"comment_status":"closed","ping_status":"closed","sticky":false,"template":"","format":"standard","meta":{"spay_email":"","jetpack_publicize_message":"","jetpack_is_tweetstorm":false,"jetpack_publicize_feature_enabled":true},"categories":[1],"tags":[],"jetpack_featured_media_url":"","jetpack_publicize_connections":[],"jetpack_sharing_enabled":true,"_links":{"self":[{"href":"http:\/\/www.rtvnoticias.com.ar\/index.php?rest_route=\/wp\/v2\/posts\/38505"}],"collection":[{"href":"http:\/\/www.rtvnoticias.com.ar\/index.php?rest_route=\/wp\/v2\/posts"}],"about":[{"href":"http:\/\/www.rtvnoticias.com.ar\/index.php?rest_route=\/wp\/v2\/types\/post"}],"author":[{"embeddable":true,"href":"http:\/\/www.rtvnoticias.com.ar\/index.php?rest_route=\/wp\/v2\/users\/7"}],"replies":[{"embeddable":true,"href":"http:\/\/www.rtvnoticias.com.ar\/index.php?rest_route=%2Fwp%2Fv2%2Fcomments&post=38505"}],"version-history":[{"count":1,"href":"http:\/\/www.rtvnoticias.com.ar\/index.php?rest_route=\/wp\/v2\/posts\/38505\/revisions"}],"predecessor-version":[{"id":38506,"href":"http:\/\/www.rtvnoticias.com.ar\/index.php?rest_route=\/wp\/v2\/posts\/38505\/revisions\/38506"}],"wp:attachment":[{"href":"http:\/\/www.rtvnoticias.com.ar\/index.php?rest_route=%2Fwp%2Fv2%2Fmedia&parent=38505"}],"wp:term":[{"taxonomy":"category","embeddable":true,"href":"http:\/\/www.rtvnoticias.com.ar\/index.php?rest_route=%2Fwp%2Fv2%2Fcategories&post=38505"},{"taxonomy":"post_tag","embeddable":true,"href":"http:\/\/www.rtvnoticias.com.ar\/index.php?rest_route=%2Fwp%2Fv2%2Ftags&post=38505"}],"curies":[{"name":"wp","href":"https:\/\/api.w.org\/{rel}","templated":true}]}}