{"id":38510,"date":"2023-08-30T11:05:49","date_gmt":"2023-08-30T14:05:49","guid":{"rendered":"http:\/\/www.rtvnoticias.com.ar\/?p=38510"},"modified":"2023-08-30T11:05:53","modified_gmt":"2023-08-30T14:05:53","slug":"educacion-justicia-estudiantes-de-dos-colegios-presenciaron-un-debate-oral-en-el-poder-judicial-de-general-pico","status":"publish","type":"post","link":"http:\/\/www.rtvnoticias.com.ar\/?p=38510","title":{"rendered":"Educaci\u00f3n + Justicia: estudiantes de dos colegios presenciaron un debate oral en el Poder Judicial de General Pico."},"content":{"rendered":"\n<p>Alumnos\/as de Sexto A\u00f1o Divisi\u00f3n I de Ciencias Sociales del colegio Normal Mixto Provincia de San Luis y de Sexto A\u00f1o Divisi\u00f3n II del Centro Educativo Los Caldenes presenciaron, en distintas jornadas, un debate oral y p\u00fablico desarrollado ayer y hoy,&nbsp;&nbsp;en la Sala 1 del Edificio Judicial de General Pico.<\/p>\n\n\n\n<p>&nbsp;El juicio estuvo coordinado por el juez de audiencia de juicio Marcelo Pagano e intervino como fiscal Mar\u00eda Ver\u00f3nica Campo y como defensora oficial Mar\u00eda Soledad Forte.<\/p>\n\n\n\n<figure class=\"wp-block-image\"><img decoding=\"async\" src=\"https:\/\/i1.wp.com\/www.radio37.com.ar\/wp-content\/uploads\/2023\/08\/unnamed.jpg?fit=920%2C690\" alt=\"\" class=\"wp-image-37886\"\/><figcaption>Alumnos de Sexto a\u00f1o de ambas escuelas&nbsp;<br>en la Sala 1 del Edificio Judicial de General Pico.<\/figcaption><\/figure>\n\n\n\n<p>&nbsp;&nbsp;En ambas jornadas los\/ las alumnos\/as tuvieron oportunidad de presenciar la jornada de debate y luego, en cada uno de los d\u00edas,&nbsp;&nbsp;conversar con los funcionarios sobre diferentes tem\u00e1ticas, como por ejemplo como inicia, se desarrolla y termina el proceso penal, los roles de cada una de las partes- jueces, fiscales, defensores, querellante particular- en un debate oral as\u00ed como tambi\u00e9n los roles de los testigos y los peritos, la importancia de la participaci\u00f3n de la v\u00edctima en los procesos penales bajo la figura del querellante particular; las salidas alternativas antes de llegar a un juicio oral- como el acuerdo de juicio abreviado, la suspensi\u00f3n de juicio a prueba, el principio de oportunidad-, las instancias recursivas, entre otras. Tambi\u00e9n los estudiantes evacuaron dudas y consultas.<\/p>\n\n\n\n<p>&nbsp;En la primera jornada, desarrollada ayer, presenciaron los alegatos de inicio del debate y escucharon el testimonio de seis testigos aportados por la fiscal\u00eda,&nbsp;&nbsp;los\/las alumnos\/as del colegio Normal Mixto Provincia de San Luis, acompa\u00f1ados\/as por la docente de Construcci\u00f3n de la Cuidadan\u00eda, Mariela Balaudo.&nbsp;&nbsp;&nbsp;Ante el inter\u00e9s generado en el desarrollo del juicio oral, tres estudiantes asistieron a la jornada del d\u00eda siguiente para presenciar el testimonio de otros cuatro testigos, aportados por la defensa del caso,&nbsp;&nbsp;y los alegatos de cierre del mismo.&nbsp;&nbsp;<\/p>\n\n\n\n<p>&nbsp;En la segunda jornada, realizada hoy, asistieron los\/las alumnos\/as del Centro Educativo Los Caldenes, acompa\u00f1ados\/as por el docente de Construcci\u00f3n de la Ciudadan\u00eda Jos\u00e9 Koncurat y la Coordinadora de Curso Gabriela Arias. Luego de la charla con el juez Pagano, la fiscal Campo y la defensora Forte, los\/las alumnos\/as recorrieron el Edificio Judicial y conocieron la Sala de C\u00e1mara Gesell donde conversaron con la psic\u00f3loga forense Adriana Piras. Ella les explic\u00f3 el funcionamiento y a quienes est\u00e1 destinada la misma.&nbsp;&nbsp;<\/p>\n\n\n\n<p>&nbsp;\u201cEducaci\u00f3n + Justicia\u201d es una propuesta del STJ que tiene como objetivo principal promover un acercamiento real de la sociedad pampeana a la Justicia y, fundamentalmente, de los\/as alumnos secundarios que est\u00e1n pr\u00f3ximos a cumplir la mayor\u00eda de edad.<\/p>\n\n\n\n<p>&nbsp;A trav\u00e9s de \u00e9l se brindan diferentes ofertas pedag\u00f3gicas \u2013asistencia a juicios, simulacros de juicio, charlas en escuelas, visitas guiadas\u2013. La iniciativa cuenta con el respaldo del Ministerio de Educaci\u00f3n y fue declarado de inter\u00e9s legislativo por la C\u00e1mara de Diputados.<\/p>\n<div class=\"sharedaddy sd-sharing-enabled\"><div class=\"robots-nocontent sd-block sd-social sd-social-icon sd-sharing\"><h3 class=\"sd-title\">Comparte esto:<\/h3><div class=\"sd-content\"><ul><li class=\"share-twitter\"><a rel=\"nofollow noopener noreferrer\" data-shared=\"sharing-twitter-38510\" class=\"share-twitter sd-button share-icon no-text\" href=\"http:\/\/www.rtvnoticias.com.ar\/?p=38510&amp;share=twitter\" target=\"_blank\" title=\"Haz clic para compartir en Twitter\"><span><\/span><span class=\"sharing-screen-reader-text\">Haz clic para compartir en Twitter (Se abre en una ventana nueva)<\/span><\/a><\/li><li class=\"share-facebook\"><a rel=\"nofollow noopener noreferrer\" data-shared=\"sharing-facebook-38510\" class=\"share-facebook sd-button share-icon no-text\" href=\"http:\/\/www.rtvnoticias.com.ar\/?p=38510&amp;share=facebook\" target=\"_blank\" title=\"Haz clic para compartir en Facebook\"><span><\/span><span class=\"sharing-screen-reader-text\">Haz clic para compartir en Facebook (Se abre en una ventana nueva)<\/span><\/a><\/li><li class=\"share-jetpack-whatsapp\"><a rel=\"nofollow noopener noreferrer\" data-shared=\"\" class=\"share-jetpack-whatsapp sd-button share-icon no-text\" href=\"http:\/\/www.rtvnoticias.com.ar\/?p=38510&amp;share=jetpack-whatsapp\" target=\"_blank\" title=\"Haz clic para compartir en WhatsApp\"><span><\/span><span class=\"sharing-screen-reader-text\">Haz clic para compartir en WhatsApp (Se abre en una ventana nueva)<\/span><\/a><\/li><li class=\"share-telegram\"><a rel=\"nofollow noopener noreferrer\" data-shared=\"\" class=\"share-telegram sd-button share-icon no-text\" href=\"http:\/\/www.rtvnoticias.com.ar\/?p=38510&amp;share=telegram\" target=\"_blank\" title=\"Haz clic para compartir en Telegram\"><span><\/span><span class=\"sharing-screen-reader-text\">Haz clic para compartir en Telegram (Se abre en una ventana nueva)<\/span><\/a><\/li><li class=\"share-end\"><\/li><\/ul><\/div><\/div><\/div>","protected":false},"excerpt":{"rendered":"<p>Alumnos\/as de Sexto A\u00f1o Divisi\u00f3n I de Ciencias Sociales del colegio Normal Mixto Provincia de San Luis y de Sexto A\u00f1o Divisi\u00f3n II del Centro<\/p>\n<div class=\"sharedaddy sd-sharing-enabled\"><div class=\"robots-nocontent sd-block sd-social sd-social-icon sd-sharing\"><h3 class=\"sd-title\">Comparte esto:<\/h3><div class=\"sd-content\"><ul><li class=\"share-twitter\"><a rel=\"nofollow noopener noreferrer\" data-shared=\"sharing-twitter-38510\" class=\"share-twitter sd-button share-icon no-text\" href=\"http:\/\/www.rtvnoticias.com.ar\/?p=38510&amp;share=twitter\" target=\"_blank\" title=\"Haz clic para compartir en Twitter\"><span><\/span><span class=\"sharing-screen-reader-text\">Haz clic para compartir en Twitter (Se abre en una ventana nueva)<\/span><\/a><\/li><li class=\"share-facebook\"><a rel=\"nofollow noopener noreferrer\" data-shared=\"sharing-facebook-38510\" class=\"share-facebook sd-button share-icon no-text\" href=\"http:\/\/www.rtvnoticias.com.ar\/?p=38510&amp;share=facebook\" target=\"_blank\" title=\"Haz clic para compartir en Facebook\"><span><\/span><span class=\"sharing-screen-reader-text\">Haz clic para compartir en Facebook (Se abre en una ventana nueva)<\/span><\/a><\/li><li class=\"share-jetpack-whatsapp\"><a rel=\"nofollow noopener noreferrer\" data-shared=\"\" class=\"share-jetpack-whatsapp sd-button share-icon no-text\" href=\"http:\/\/www.rtvnoticias.com.ar\/?p=38510&amp;share=jetpack-whatsapp\" target=\"_blank\" title=\"Haz clic para compartir en WhatsApp\"><span><\/span><span class=\"sharing-screen-reader-text\">Haz clic para compartir en WhatsApp (Se abre en una ventana nueva)<\/span><\/a><\/li><li class=\"share-telegram\"><a rel=\"nofollow noopener noreferrer\" data-shared=\"\" class=\"share-telegram sd-button share-icon no-text\" href=\"http:\/\/www.rtvnoticias.com.ar\/?p=38510&amp;share=telegram\" target=\"_blank\" title=\"Haz clic para compartir en Telegram\"><span><\/span><span class=\"sharing-screen-reader-text\">Haz clic para compartir en Telegram (Se abre en una ventana nueva)<\/span><\/a><\/li><li class=\"share-end\"><\/li><\/ul><\/div><\/div><\/div>","protected":false},"author":5,"featured_media":38511,"comment_status":"closed","ping_status":"closed","sticky":false,"template":"","format":"standard","meta":{"spay_email":"","jetpack_publicize_message":"","jetpack_is_tweetstorm":false,"jetpack_publicize_feature_enabled":true},"categories":[3],"tags":[4256],"jetpack_featured_media_url":"http:\/\/www.rtvnoticias.com.ar\/wp-content\/uploads\/2023\/08\/justicia-tribunales.jpg","jetpack_publicize_connections":[],"jetpack_sharing_enabled":true,"_links":{"self":[{"href":"http:\/\/www.rtvnoticias.com.ar\/index.php?rest_route=\/wp\/v2\/posts\/38510"}],"collection":[{"href":"http:\/\/www.rtvnoticias.com.ar\/index.php?rest_route=\/wp\/v2\/posts"}],"about":[{"href":"http:\/\/www.rtvnoticias.com.ar\/index.php?rest_route=\/wp\/v2\/types\/post"}],"author":[{"embeddable":true,"href":"http:\/\/www.rtvnoticias.com.ar\/index.php?rest_route=\/wp\/v2\/users\/5"}],"replies":[{"embeddable":true,"href":"http:\/\/www.rtvnoticias.com.ar\/index.php?rest_route=%2Fwp%2Fv2%2Fcomments&post=38510"}],"version-history":[{"count":1,"href":"http:\/\/www.rtvnoticias.com.ar\/index.php?rest_route=\/wp\/v2\/posts\/38510\/revisions"}],"predecessor-version":[{"id":38512,"href":"http:\/\/www.rtvnoticias.com.ar\/index.php?rest_route=\/wp\/v2\/posts\/38510\/revisions\/38512"}],"wp:featuredmedia":[{"embeddable":true,"href":"http:\/\/www.rtvnoticias.com.ar\/index.php?rest_route=\/wp\/v2\/media\/38511"}],"wp:attachment":[{"href":"http:\/\/www.rtvnoticias.com.ar\/index.php?rest_route=%2Fwp%2Fv2%2Fmedia&parent=38510"}],"wp:term":[{"taxonomy":"category","embeddable":true,"href":"http:\/\/www.rtvnoticias.com.ar\/index.php?rest_route=%2Fwp%2Fv2%2Fcategories&post=38510"},{"taxonomy":"post_tag","embeddable":true,"href":"http:\/\/www.rtvnoticias.com.ar\/index.php?rest_route=%2Fwp%2Fv2%2Ftags&post=38510"}],"curies":[{"name":"wp","href":"https:\/\/api.w.org\/{rel}","templated":true}]}}