{"id":38514,"date":"2023-08-30T15:45:35","date_gmt":"2023-08-30T18:45:35","guid":{"rendered":"http:\/\/www.rtvnoticias.com.ar\/?p=38514"},"modified":"2023-08-30T15:45:36","modified_gmt":"2023-08-30T18:45:36","slug":"malvinas-y-estudiantes-un-proceso-continuo-de-intercambio","status":"publish","type":"post","link":"http:\/\/www.rtvnoticias.com.ar\/?p=38514","title":{"rendered":"Malvinas y estudiantes: Un proceso continuo de intercambio"},"content":{"rendered":"\n<p>Jorge Gait\u00e1n veterano de Malvinas, en di\u00e1logo con la prensa en el marco del 34\u00ba Congreso de la Confederaci\u00f3n de Veteranos de Guerra del pa\u00eds que se realizar\u00e1 en la ciudad de General Pico el 1 de septiembre, habl\u00f3 sobre las visitas que realizan los distintos colegios en este proceso continuo de \u201cmalvinizar\u201d.\u00a0 En esta ocasi\u00f3n fue el turno de los alumnos del Colegio \u201cLos Ranqueles\u201d.<\/p>\n\n\n\n<figure class=\"wp-block-audio\"><audio controls src=\"http:\/\/www.rtvnoticias.com.ar\/wp-content\/uploads\/2023\/08\/Jorge-Gaitan-30-08-23-Corregido.mp3\"><\/audio><figcaption><em>Jorge Gait\u00e1n veterano de Malvinas<\/em><\/figcaption><\/figure>\n\n\n\n<p>Mencion\u00f3 la importancia de ense\u00f1ar a los j\u00f3venes sobre la historia y lo que est\u00e1 sucediendo en el pa\u00eds. \u201cLos chicos semanalmente siguen viniendo, a los profes, en verdad les interesa la historia. Y bueno, nosotros contamos la vivencia y tambi\u00e9n un poco algunas cuestiones que van sucediendo\u201d, coment\u00f3 Gait\u00e1n.<\/p>\n\n\n\n<p>A 41 a\u00f1os de la Gesta, Gait\u00e1n considera que se fue transformando la manera de abordar el tema Malvinas y con el tiempo fue cambiando no solo la forma en que se impart\u00edan las charlas sino las preguntas de los alumnos. \u201cNosotros empez\u00e1bamos a hablar del ser humano en la guerra y a ellos les interesaba saber muchas veces qu\u00e9 sent\u00edamos, qu\u00e9 com\u00edamos. Por eso, dejamos de hablar de la cuesti\u00f3n b\u00e9lica en s\u00ed, porque creo que si bien es importante contarla, no sumaba y s\u00ed m\u00e1s la situaci\u00f3n que vivimos en nuestro pa\u00eds\u201d.<\/p>\n\n\n\n<p>Adem\u00e1s aprovech\u00f3 para dejarle a los j\u00f3venes un mensaje: \u201cHoy si tienen problemas, chicos, hablen porque a nosotros nos cost\u00f3 m\u00e1s de 600 compa\u00f1eros suicidados porque no hablaron, porque no fueron escuchados. Entonces, le mechamos con todas las situaciones que viven nuestros j\u00f3venes hoy nuestras charlas y creo que ha dado un muy buen resultado\u201d.<\/p>\n\n\n\n<p>En tanto, confirm\u00f3 que en breve se har\u00e1 el cambio de nombre de la Escuela N\u00b0 84 a \u201cH\u00e9roes Pampeanos\u201d en honor a los veteranos. \u201cEstamos abiertos a gestionar para que la escuela lleve ese nombre\u201d.<\/p>\n<div class=\"sharedaddy sd-sharing-enabled\"><div class=\"robots-nocontent sd-block sd-social sd-social-icon sd-sharing\"><h3 class=\"sd-title\">Comparte esto:<\/h3><div class=\"sd-content\"><ul><li class=\"share-twitter\"><a rel=\"nofollow noopener noreferrer\" data-shared=\"sharing-twitter-38514\" class=\"share-twitter sd-button share-icon no-text\" href=\"http:\/\/www.rtvnoticias.com.ar\/?p=38514&amp;share=twitter\" target=\"_blank\" title=\"Haz clic para compartir en Twitter\"><span><\/span><span class=\"sharing-screen-reader-text\">Haz clic para compartir en Twitter (Se abre en una ventana nueva)<\/span><\/a><\/li><li class=\"share-facebook\"><a rel=\"nofollow noopener noreferrer\" data-shared=\"sharing-facebook-38514\" class=\"share-facebook sd-button share-icon no-text\" href=\"http:\/\/www.rtvnoticias.com.ar\/?p=38514&amp;share=facebook\" target=\"_blank\" title=\"Haz clic para compartir en Facebook\"><span><\/span><span class=\"sharing-screen-reader-text\">Haz clic para compartir en Facebook (Se abre en una ventana nueva)<\/span><\/a><\/li><li class=\"share-jetpack-whatsapp\"><a rel=\"nofollow noopener noreferrer\" data-shared=\"\" class=\"share-jetpack-whatsapp sd-button share-icon no-text\" href=\"http:\/\/www.rtvnoticias.com.ar\/?p=38514&amp;share=jetpack-whatsapp\" target=\"_blank\" title=\"Haz clic para compartir en WhatsApp\"><span><\/span><span class=\"sharing-screen-reader-text\">Haz clic para compartir en WhatsApp (Se abre en una ventana nueva)<\/span><\/a><\/li><li class=\"share-telegram\"><a rel=\"nofollow noopener noreferrer\" data-shared=\"\" class=\"share-telegram sd-button share-icon no-text\" href=\"http:\/\/www.rtvnoticias.com.ar\/?p=38514&amp;share=telegram\" target=\"_blank\" title=\"Haz clic para compartir en Telegram\"><span><\/span><span class=\"sharing-screen-reader-text\">Haz clic para compartir en Telegram (Se abre en una ventana nueva)<\/span><\/a><\/li><li class=\"share-end\"><\/li><\/ul><\/div><\/div><\/div>","protected":false},"excerpt":{"rendered":"<p>Jorge Gait\u00e1n veterano de Malvinas, en di\u00e1logo con la prensa en el marco del 34\u00ba Congreso de la Confederaci\u00f3n de Veteranos de Guerra del pa\u00eds<\/p>\n<div class=\"sharedaddy sd-sharing-enabled\"><div class=\"robots-nocontent sd-block sd-social sd-social-icon sd-sharing\"><h3 class=\"sd-title\">Comparte esto:<\/h3><div class=\"sd-content\"><ul><li class=\"share-twitter\"><a rel=\"nofollow noopener noreferrer\" data-shared=\"sharing-twitter-38514\" class=\"share-twitter sd-button share-icon no-text\" href=\"http:\/\/www.rtvnoticias.com.ar\/?p=38514&amp;share=twitter\" target=\"_blank\" title=\"Haz clic para compartir en Twitter\"><span><\/span><span class=\"sharing-screen-reader-text\">Haz clic para compartir en Twitter (Se abre en una ventana nueva)<\/span><\/a><\/li><li class=\"share-facebook\"><a rel=\"nofollow noopener noreferrer\" data-shared=\"sharing-facebook-38514\" class=\"share-facebook sd-button share-icon no-text\" href=\"http:\/\/www.rtvnoticias.com.ar\/?p=38514&amp;share=facebook\" target=\"_blank\" title=\"Haz clic para compartir en Facebook\"><span><\/span><span class=\"sharing-screen-reader-text\">Haz clic para compartir en Facebook (Se abre en una ventana nueva)<\/span><\/a><\/li><li class=\"share-jetpack-whatsapp\"><a rel=\"nofollow noopener noreferrer\" data-shared=\"\" class=\"share-jetpack-whatsapp sd-button share-icon no-text\" href=\"http:\/\/www.rtvnoticias.com.ar\/?p=38514&amp;share=jetpack-whatsapp\" target=\"_blank\" title=\"Haz clic para compartir en WhatsApp\"><span><\/span><span class=\"sharing-screen-reader-text\">Haz clic para compartir en WhatsApp (Se abre en una ventana nueva)<\/span><\/a><\/li><li class=\"share-telegram\"><a rel=\"nofollow noopener noreferrer\" data-shared=\"\" class=\"share-telegram sd-button share-icon no-text\" href=\"http:\/\/www.rtvnoticias.com.ar\/?p=38514&amp;share=telegram\" target=\"_blank\" title=\"Haz clic para compartir en Telegram\"><span><\/span><span class=\"sharing-screen-reader-text\">Haz clic para compartir en Telegram (Se abre en una ventana nueva)<\/span><\/a><\/li><li class=\"share-end\"><\/li><\/ul><\/div><\/div><\/div>","protected":false},"author":7,"featured_media":0,"comment_status":"closed","ping_status":"closed","sticky":false,"template":"","format":"standard","meta":{"spay_email":"","jetpack_publicize_message":"","jetpack_is_tweetstorm":false,"jetpack_publicize_feature_enabled":true},"categories":[1],"tags":[],"jetpack_featured_media_url":"","jetpack_publicize_connections":[],"jetpack_sharing_enabled":true,"_links":{"self":[{"href":"http:\/\/www.rtvnoticias.com.ar\/index.php?rest_route=\/wp\/v2\/posts\/38514"}],"collection":[{"href":"http:\/\/www.rtvnoticias.com.ar\/index.php?rest_route=\/wp\/v2\/posts"}],"about":[{"href":"http:\/\/www.rtvnoticias.com.ar\/index.php?rest_route=\/wp\/v2\/types\/post"}],"author":[{"embeddable":true,"href":"http:\/\/www.rtvnoticias.com.ar\/index.php?rest_route=\/wp\/v2\/users\/7"}],"replies":[{"embeddable":true,"href":"http:\/\/www.rtvnoticias.com.ar\/index.php?rest_route=%2Fwp%2Fv2%2Fcomments&post=38514"}],"version-history":[{"count":1,"href":"http:\/\/www.rtvnoticias.com.ar\/index.php?rest_route=\/wp\/v2\/posts\/38514\/revisions"}],"predecessor-version":[{"id":38516,"href":"http:\/\/www.rtvnoticias.com.ar\/index.php?rest_route=\/wp\/v2\/posts\/38514\/revisions\/38516"}],"wp:attachment":[{"href":"http:\/\/www.rtvnoticias.com.ar\/index.php?rest_route=%2Fwp%2Fv2%2Fmedia&parent=38514"}],"wp:term":[{"taxonomy":"category","embeddable":true,"href":"http:\/\/www.rtvnoticias.com.ar\/index.php?rest_route=%2Fwp%2Fv2%2Fcategories&post=38514"},{"taxonomy":"post_tag","embeddable":true,"href":"http:\/\/www.rtvnoticias.com.ar\/index.php?rest_route=%2Fwp%2Fv2%2Ftags&post=38514"}],"curies":[{"name":"wp","href":"https:\/\/api.w.org\/{rel}","templated":true}]}}