{"id":38521,"date":"2023-08-31T10:58:03","date_gmt":"2023-08-31T13:58:03","guid":{"rendered":"http:\/\/www.rtvnoticias.com.ar\/?p=38521"},"modified":"2023-08-31T11:23:34","modified_gmt":"2023-08-31T14:23:34","slug":"palermo-mataron-a-un-hombre-de-una-punalada-para-robarle-el-celular","status":"publish","type":"post","link":"http:\/\/www.rtvnoticias.com.ar\/?p=38521","title":{"rendered":"Palermo: mataron a un hombre de una pu\u00f1alada para robarle el celular"},"content":{"rendered":"\n<p>Un hombre de 42 a\u00f1os, identificado como Mariano Barbieri,   fue apu\u00f1alado por un delincuente que le rob\u00f3 el tel\u00e9fono celular en el barrio porte\u00f1o de Palermo, lleg\u00f3 a ingresar a una helader\u00eda para pedir ayuda y fue trasladado hacia el Hospital Fern\u00e1ndez, pero falleci\u00f3 poco despu\u00e9s.<\/p>\n\n\n\n<p>Seg\u00fan informaron fuentes policiales, el episodio se registr\u00f3 cerca de las 22:45, en las inmediaciones del cruce entre la Avenida Del Libertador y la calle Lafinur en el mencionado barrio, la v\u00edctima fue identificada como Mariano Barbieri y trabajaba como ingeniero civil y se hall\u00f3 un cuchillo con sangre en un parque y se estima que es el arma con la que fue atacado.<\/p>\n\n\n\n<p>Tras ser atacado por el ladr\u00f3n, el hombre entr\u00f3 en el comercio y, momentos despu\u00e9s, arribaron al lugar efectivos de la Comisar\u00eda Vecinal 14 C de la Polic\u00eda de la Ciudad, que vieron que estaba recostado en el piso del negocio y ten\u00eda una herida sangrante en el pecho.<\/p>\n\n\n\n<p>A pesar del dolor, la v\u00edctima le cont\u00f3 a los uniformados que una persona le hab\u00eda robado el tel\u00e9fono celular y luego lo hiri\u00f3 con un cuchillo, mientras que los empleados de la helader\u00eda se\u00f1alaron que el hombre ingres\u00f3 herido desde la calle solicitando ayuda.<\/p>\n\n\n\n<p>En las im\u00e1genes de una c\u00e1mara de seguridad instalada en el interior del comercio, se puede ver el momento en el que la v\u00edctima ingres\u00f3 al lugar, se acerc\u00f3 al mostrador y se desplom\u00f3 sobre el piso con evidentes signos de dolor.<\/p>\n\n\n\n<p>Un cliente trat\u00f3 de asistirlo, mientras que uno de los cuatro empleados que se encontraban de turno se encarg\u00f3 de llamar al 911 para dar aviso de la situaci\u00f3n y, minutos m\u00e1s tarde, llegaron los efectivos policiales y una ambulancia del SAME que traslad\u00f3 a la v\u00edctima al hospital Fern\u00e1ndez, donde finalmente falleci\u00f3.<\/p>\n\n\n\n<p>El caso qued\u00f3 en manos de la jueza de turno, Yamil Bernan, quien abri\u00f3 una causa por homicidio en ocasi\u00f3n de robo y en el mismo interviene la Fiscal\u00eda Nacional en lo Criminal y Correccional N\u00b0 36, a cargo del fiscal Marcelo Munilla Lacasa.<\/p>\n\n\n\n<p>Fuente: NA<\/p>\n<div class=\"sharedaddy sd-sharing-enabled\"><div class=\"robots-nocontent sd-block sd-social sd-social-icon sd-sharing\"><h3 class=\"sd-title\">Comparte esto:<\/h3><div class=\"sd-content\"><ul><li class=\"share-twitter\"><a rel=\"nofollow noopener noreferrer\" data-shared=\"sharing-twitter-38521\" class=\"share-twitter sd-button share-icon no-text\" href=\"http:\/\/www.rtvnoticias.com.ar\/?p=38521&amp;share=twitter\" target=\"_blank\" title=\"Haz clic para compartir en Twitter\"><span><\/span><span class=\"sharing-screen-reader-text\">Haz clic para compartir en Twitter (Se abre en una ventana nueva)<\/span><\/a><\/li><li class=\"share-facebook\"><a rel=\"nofollow noopener noreferrer\" data-shared=\"sharing-facebook-38521\" class=\"share-facebook sd-button share-icon no-text\" href=\"http:\/\/www.rtvnoticias.com.ar\/?p=38521&amp;share=facebook\" target=\"_blank\" title=\"Haz clic para compartir en Facebook\"><span><\/span><span class=\"sharing-screen-reader-text\">Haz clic para compartir en Facebook (Se abre en una ventana nueva)<\/span><\/a><\/li><li class=\"share-jetpack-whatsapp\"><a rel=\"nofollow noopener noreferrer\" data-shared=\"\" class=\"share-jetpack-whatsapp sd-button share-icon no-text\" href=\"http:\/\/www.rtvnoticias.com.ar\/?p=38521&amp;share=jetpack-whatsapp\" target=\"_blank\" title=\"Haz clic para compartir en WhatsApp\"><span><\/span><span class=\"sharing-screen-reader-text\">Haz clic para compartir en WhatsApp (Se abre en una ventana nueva)<\/span><\/a><\/li><li class=\"share-telegram\"><a rel=\"nofollow noopener noreferrer\" data-shared=\"\" class=\"share-telegram sd-button share-icon no-text\" href=\"http:\/\/www.rtvnoticias.com.ar\/?p=38521&amp;share=telegram\" target=\"_blank\" title=\"Haz clic para compartir en Telegram\"><span><\/span><span class=\"sharing-screen-reader-text\">Haz clic para compartir en Telegram (Se abre en una ventana nueva)<\/span><\/a><\/li><li class=\"share-end\"><\/li><\/ul><\/div><\/div><\/div>","protected":false},"excerpt":{"rendered":"<p>Un hombre de 42 a\u00f1os, identificado como Mariano Barbieri, fue apu\u00f1alado por un delincuente que le rob\u00f3 el tel\u00e9fono celular en el barrio porte\u00f1o de<\/p>\n<div class=\"sharedaddy sd-sharing-enabled\"><div class=\"robots-nocontent sd-block sd-social sd-social-icon sd-sharing\"><h3 class=\"sd-title\">Comparte esto:<\/h3><div class=\"sd-content\"><ul><li class=\"share-twitter\"><a rel=\"nofollow noopener noreferrer\" data-shared=\"sharing-twitter-38521\" class=\"share-twitter sd-button share-icon no-text\" href=\"http:\/\/www.rtvnoticias.com.ar\/?p=38521&amp;share=twitter\" target=\"_blank\" title=\"Haz clic para compartir en Twitter\"><span><\/span><span class=\"sharing-screen-reader-text\">Haz clic para compartir en Twitter (Se abre en una ventana nueva)<\/span><\/a><\/li><li class=\"share-facebook\"><a rel=\"nofollow noopener noreferrer\" data-shared=\"sharing-facebook-38521\" class=\"share-facebook sd-button share-icon no-text\" href=\"http:\/\/www.rtvnoticias.com.ar\/?p=38521&amp;share=facebook\" target=\"_blank\" title=\"Haz clic para compartir en Facebook\"><span><\/span><span class=\"sharing-screen-reader-text\">Haz clic para compartir en Facebook (Se abre en una ventana nueva)<\/span><\/a><\/li><li class=\"share-jetpack-whatsapp\"><a rel=\"nofollow noopener noreferrer\" data-shared=\"\" class=\"share-jetpack-whatsapp sd-button share-icon no-text\" href=\"http:\/\/www.rtvnoticias.com.ar\/?p=38521&amp;share=jetpack-whatsapp\" target=\"_blank\" title=\"Haz clic para compartir en WhatsApp\"><span><\/span><span class=\"sharing-screen-reader-text\">Haz clic para compartir en WhatsApp (Se abre en una ventana nueva)<\/span><\/a><\/li><li class=\"share-telegram\"><a rel=\"nofollow noopener noreferrer\" data-shared=\"\" class=\"share-telegram sd-button share-icon no-text\" href=\"http:\/\/www.rtvnoticias.com.ar\/?p=38521&amp;share=telegram\" target=\"_blank\" title=\"Haz clic para compartir en Telegram\"><span><\/span><span class=\"sharing-screen-reader-text\">Haz clic para compartir en Telegram (Se abre en una ventana nueva)<\/span><\/a><\/li><li class=\"share-end\"><\/li><\/ul><\/div><\/div><\/div>","protected":false},"author":5,"featured_media":38522,"comment_status":"closed","ping_status":"closed","sticky":false,"template":"","format":"standard","meta":{"spay_email":"","jetpack_publicize_message":"","jetpack_is_tweetstorm":false,"jetpack_publicize_feature_enabled":true},"categories":[5],"tags":[4257],"jetpack_featured_media_url":"http:\/\/www.rtvnoticias.com.ar\/wp-content\/uploads\/2023\/08\/ingniero-heladeria.jpg","jetpack_publicize_connections":[],"jetpack_sharing_enabled":true,"_links":{"self":[{"href":"http:\/\/www.rtvnoticias.com.ar\/index.php?rest_route=\/wp\/v2\/posts\/38521"}],"collection":[{"href":"http:\/\/www.rtvnoticias.com.ar\/index.php?rest_route=\/wp\/v2\/posts"}],"about":[{"href":"http:\/\/www.rtvnoticias.com.ar\/index.php?rest_route=\/wp\/v2\/types\/post"}],"author":[{"embeddable":true,"href":"http:\/\/www.rtvnoticias.com.ar\/index.php?rest_route=\/wp\/v2\/users\/5"}],"replies":[{"embeddable":true,"href":"http:\/\/www.rtvnoticias.com.ar\/index.php?rest_route=%2Fwp%2Fv2%2Fcomments&post=38521"}],"version-history":[{"count":2,"href":"http:\/\/www.rtvnoticias.com.ar\/index.php?rest_route=\/wp\/v2\/posts\/38521\/revisions"}],"predecessor-version":[{"id":38527,"href":"http:\/\/www.rtvnoticias.com.ar\/index.php?rest_route=\/wp\/v2\/posts\/38521\/revisions\/38527"}],"wp:featuredmedia":[{"embeddable":true,"href":"http:\/\/www.rtvnoticias.com.ar\/index.php?rest_route=\/wp\/v2\/media\/38522"}],"wp:attachment":[{"href":"http:\/\/www.rtvnoticias.com.ar\/index.php?rest_route=%2Fwp%2Fv2%2Fmedia&parent=38521"}],"wp:term":[{"taxonomy":"category","embeddable":true,"href":"http:\/\/www.rtvnoticias.com.ar\/index.php?rest_route=%2Fwp%2Fv2%2Fcategories&post=38521"},{"taxonomy":"post_tag","embeddable":true,"href":"http:\/\/www.rtvnoticias.com.ar\/index.php?rest_route=%2Fwp%2Fv2%2Ftags&post=38521"}],"curies":[{"name":"wp","href":"https:\/\/api.w.org\/{rel}","templated":true}]}}