{"id":38719,"date":"2023-09-25T11:30:26","date_gmt":"2023-09-25T14:30:26","guid":{"rendered":"http:\/\/www.rtvnoticias.com.ar\/?p=38719"},"modified":"2023-09-25T11:30:33","modified_gmt":"2023-09-25T14:30:33","slug":"ensamble-en-tecnopolis","status":"publish","type":"post","link":"http:\/\/www.rtvnoticias.com.ar\/?p=38719","title":{"rendered":"Ensamble en Tecn\u00f3polis"},"content":{"rendered":"\n<p class=\"has-text-align-center\"><strong>Treinta y seis j\u00f3venes m\u00fasicas y m\u00fasicos que conforman el Ensamble de Vientos, Cuerdas y Percusi\u00f3n, dependiente de la Direcci\u00f3n de Cultura de la Municipalidad de General Pico, fueron parte de la Gran Orquesta Infantil y Juvenil. La misma actu\u00f3 este \u00faltimo s\u00e1bado en el evento \u201cLa sonrisa es cultura\u201d, con 2.500 integrantes en Tecn\u00f3polis.<\/strong><\/p>\n\n\n\n<p>Cabe mencionar que fue el maestro Gustavo \u201cPopi\u201d Spatocco quien dirigi\u00f3 a las 32 bandas participantes, realizando los arreglos pertinentes. Cada una y uno de los int\u00e9rpretes pudieron disfrutar, adem\u00e1s, de la presentaci\u00f3n de grandes artistas como Le\u00f3n Gieco, Nadia Larcher, Nahuel Pennisi, Malena D\u00b4Alessio y Rolando Goldman.<\/p>\n\n\n\n<p>Estos espacios art\u00edsticos brindan oportunidades de acceso p\u00fablico y gratuito a aprendizajes y pr\u00e1cticas musicales de creaci\u00f3n colectiva a grupos sociales vulnerables. Propicia el v\u00ednculo con la comunidad a trav\u00e9s del desarrollo e intercambio tanto en la formaci\u00f3n de las mismas como en sus actividades, promoviendo el acervo cultural argentino y el desarrollo humano, intelectual, social y profesional.<\/p>\n\n\n\n<p>La intendenta Fernanda Alonso, el director de Cultura, Mat\u00edas Rach y el director de Casa de La Pampa, Pablo Rubio, presenciaron el espect\u00e1culo.<\/p>\n\n\n\n<p>El funcionario quien se manifest\u00f3 al respecto: \u201cFue un concierto in\u00e9dito, ya que es la primera vez que se realiza una orquesta de estas caracter\u00edsticas con esta cantidad de chicos y chicas de todo el pa\u00eds. Lo hicieron frente a una multitud que colm\u00f3 el espacio en cuesti\u00f3n\u201d.<\/p>\n\n\n\n<p>\u201cPara nosotros, es una alegr\u00eda inmensa que en representaci\u00f3n de La Pampa hayan elegido a nuestro Ensamble, pr\u00f3ximo a cumplir diez a\u00f1os, y que se ha insertado en la comunidad, no s\u00f3lo de General Pico, sino de la provincia. No tengo palabras para graficar al verlas y verlos participando, intercambiando con pares de toda la Argentina\u201d, indic\u00f3.<\/p>\n\n\n\n<p>Se\u00f1al\u00f3 que \u201cson tiempos de defender lo p\u00fablico, la educaci\u00f3n, la salud y lo que se ha logrado en nuestra ciudad, que es el acceso a la educaci\u00f3n art\u00edstica. Estas manifestaciones son la muestra fiel que cualquier representaci\u00f3n de \u00e9sta \u00edndole se parece a nuestra sociedad, porque es un primer ejercicio de participaci\u00f3n ciudadana\u201d.<\/p>\n\n\n\n<p>De la misma manera, agreg\u00f3: \u201cSi los valores que se inculcan para poder desarrollarse como m\u00fasicas y m\u00fasicos los llevamos a la vida cotidiana, nos van a hacer mejores ciudadanas y ciudadanos. Pero sobre todas las cosas, si no hay un Estado presente, ninguna de estas actividades podr\u00edan llevarse adelante\u201d.<\/p>\n\n\n\n<p>Destac\u00f3 que, a trav\u00e9s de distintas gestiones, sus familiares pudieron viajar a Buenos Aires a vivenciar el espect\u00e1culo \u201cque va a quedar grabado en la memoria para toda la vida\u201d.<\/p>\n\n\n\n<p>\u201cLa cultura no es lo que a uno le gusta, es la sonrisa, como dice el lema. Algo que hemos capitalizado en este gobierno fue hacernos eco de cada una de las necesidades que tienen las y los artistas, acompa\u00f1ando incansablemente al desarrollo y profesionalizaci\u00f3n del arte\u201d, concluy\u00f3 Rach.<\/p>\n<div class=\"sharedaddy sd-sharing-enabled\"><div class=\"robots-nocontent sd-block sd-social sd-social-icon sd-sharing\"><h3 class=\"sd-title\">Comparte esto:<\/h3><div class=\"sd-content\"><ul><li class=\"share-twitter\"><a rel=\"nofollow noopener noreferrer\" data-shared=\"sharing-twitter-38719\" class=\"share-twitter sd-button share-icon no-text\" href=\"http:\/\/www.rtvnoticias.com.ar\/?p=38719&amp;share=twitter\" target=\"_blank\" title=\"Haz clic para compartir en Twitter\"><span><\/span><span class=\"sharing-screen-reader-text\">Haz clic para compartir en Twitter (Se abre en una ventana nueva)<\/span><\/a><\/li><li class=\"share-facebook\"><a rel=\"nofollow noopener noreferrer\" data-shared=\"sharing-facebook-38719\" class=\"share-facebook sd-button share-icon no-text\" href=\"http:\/\/www.rtvnoticias.com.ar\/?p=38719&amp;share=facebook\" target=\"_blank\" title=\"Haz clic para compartir en Facebook\"><span><\/span><span class=\"sharing-screen-reader-text\">Haz clic para compartir en Facebook (Se abre en una ventana nueva)<\/span><\/a><\/li><li class=\"share-jetpack-whatsapp\"><a rel=\"nofollow noopener noreferrer\" data-shared=\"\" class=\"share-jetpack-whatsapp sd-button share-icon no-text\" href=\"http:\/\/www.rtvnoticias.com.ar\/?p=38719&amp;share=jetpack-whatsapp\" target=\"_blank\" title=\"Haz clic para compartir en WhatsApp\"><span><\/span><span class=\"sharing-screen-reader-text\">Haz clic para compartir en WhatsApp (Se abre en una ventana nueva)<\/span><\/a><\/li><li class=\"share-telegram\"><a rel=\"nofollow noopener noreferrer\" data-shared=\"\" class=\"share-telegram sd-button share-icon no-text\" href=\"http:\/\/www.rtvnoticias.com.ar\/?p=38719&amp;share=telegram\" target=\"_blank\" title=\"Haz clic para compartir en Telegram\"><span><\/span><span class=\"sharing-screen-reader-text\">Haz clic para compartir en Telegram (Se abre en una ventana nueva)<\/span><\/a><\/li><li class=\"share-end\"><\/li><\/ul><\/div><\/div><\/div>","protected":false},"excerpt":{"rendered":"<p>Treinta y seis j\u00f3venes m\u00fasicas y m\u00fasicos que conforman el Ensamble de Vientos, Cuerdas y Percusi\u00f3n, dependiente de la Direcci\u00f3n de Cultura de la Municipalidad<\/p>\n<div class=\"sharedaddy sd-sharing-enabled\"><div class=\"robots-nocontent sd-block sd-social sd-social-icon sd-sharing\"><h3 class=\"sd-title\">Comparte esto:<\/h3><div class=\"sd-content\"><ul><li class=\"share-twitter\"><a rel=\"nofollow noopener noreferrer\" data-shared=\"sharing-twitter-38719\" class=\"share-twitter sd-button share-icon no-text\" href=\"http:\/\/www.rtvnoticias.com.ar\/?p=38719&amp;share=twitter\" target=\"_blank\" title=\"Haz clic para compartir en Twitter\"><span><\/span><span class=\"sharing-screen-reader-text\">Haz clic para compartir en Twitter (Se abre en una ventana nueva)<\/span><\/a><\/li><li class=\"share-facebook\"><a rel=\"nofollow noopener noreferrer\" data-shared=\"sharing-facebook-38719\" class=\"share-facebook sd-button share-icon no-text\" href=\"http:\/\/www.rtvnoticias.com.ar\/?p=38719&amp;share=facebook\" target=\"_blank\" title=\"Haz clic para compartir en Facebook\"><span><\/span><span class=\"sharing-screen-reader-text\">Haz clic para compartir en Facebook (Se abre en una ventana nueva)<\/span><\/a><\/li><li class=\"share-jetpack-whatsapp\"><a rel=\"nofollow noopener noreferrer\" data-shared=\"\" class=\"share-jetpack-whatsapp sd-button share-icon no-text\" href=\"http:\/\/www.rtvnoticias.com.ar\/?p=38719&amp;share=jetpack-whatsapp\" target=\"_blank\" title=\"Haz clic para compartir en WhatsApp\"><span><\/span><span class=\"sharing-screen-reader-text\">Haz clic para compartir en WhatsApp (Se abre en una ventana nueva)<\/span><\/a><\/li><li class=\"share-telegram\"><a rel=\"nofollow noopener noreferrer\" data-shared=\"\" class=\"share-telegram sd-button share-icon no-text\" href=\"http:\/\/www.rtvnoticias.com.ar\/?p=38719&amp;share=telegram\" target=\"_blank\" title=\"Haz clic para compartir en Telegram\"><span><\/span><span class=\"sharing-screen-reader-text\">Haz clic para compartir en Telegram (Se abre en una ventana nueva)<\/span><\/a><\/li><li class=\"share-end\"><\/li><\/ul><\/div><\/div><\/div>","protected":false},"author":5,"featured_media":38720,"comment_status":"closed","ping_status":"closed","sticky":false,"template":"","format":"standard","meta":{"spay_email":"","jetpack_publicize_message":"","jetpack_is_tweetstorm":false,"jetpack_publicize_feature_enabled":true},"categories":[3],"tags":[1569],"jetpack_featured_media_url":"http:\/\/www.rtvnoticias.com.ar\/wp-content\/uploads\/2023\/09\/ensamble.jpg","jetpack_publicize_connections":[],"jetpack_sharing_enabled":true,"_links":{"self":[{"href":"http:\/\/www.rtvnoticias.com.ar\/index.php?rest_route=\/wp\/v2\/posts\/38719"}],"collection":[{"href":"http:\/\/www.rtvnoticias.com.ar\/index.php?rest_route=\/wp\/v2\/posts"}],"about":[{"href":"http:\/\/www.rtvnoticias.com.ar\/index.php?rest_route=\/wp\/v2\/types\/post"}],"author":[{"embeddable":true,"href":"http:\/\/www.rtvnoticias.com.ar\/index.php?rest_route=\/wp\/v2\/users\/5"}],"replies":[{"embeddable":true,"href":"http:\/\/www.rtvnoticias.com.ar\/index.php?rest_route=%2Fwp%2Fv2%2Fcomments&post=38719"}],"version-history":[{"count":1,"href":"http:\/\/www.rtvnoticias.com.ar\/index.php?rest_route=\/wp\/v2\/posts\/38719\/revisions"}],"predecessor-version":[{"id":38721,"href":"http:\/\/www.rtvnoticias.com.ar\/index.php?rest_route=\/wp\/v2\/posts\/38719\/revisions\/38721"}],"wp:featuredmedia":[{"embeddable":true,"href":"http:\/\/www.rtvnoticias.com.ar\/index.php?rest_route=\/wp\/v2\/media\/38720"}],"wp:attachment":[{"href":"http:\/\/www.rtvnoticias.com.ar\/index.php?rest_route=%2Fwp%2Fv2%2Fmedia&parent=38719"}],"wp:term":[{"taxonomy":"category","embeddable":true,"href":"http:\/\/www.rtvnoticias.com.ar\/index.php?rest_route=%2Fwp%2Fv2%2Fcategories&post=38719"},{"taxonomy":"post_tag","embeddable":true,"href":"http:\/\/www.rtvnoticias.com.ar\/index.php?rest_route=%2Fwp%2Fv2%2Ftags&post=38719"}],"curies":[{"name":"wp","href":"https:\/\/api.w.org\/{rel}","templated":true}]}}