{"id":38722,"date":"2023-09-25T12:02:52","date_gmt":"2023-09-25T15:02:52","guid":{"rendered":"http:\/\/www.rtvnoticias.com.ar\/?p=38722"},"modified":"2023-09-25T12:02:55","modified_gmt":"2023-09-25T15:02:55","slug":"asesinaron-a-un-chico-de-18-anos-durante-una-fiesta-de-15-en-general-villegas-hay-un-menor-detenido","status":"publish","type":"post","link":"http:\/\/www.rtvnoticias.com.ar\/?p=38722","title":{"rendered":"Asesinaron a un chico de 18 a\u00f1os durante una fiesta de 15 en General Villegas. Hay un  menor detenido"},"content":{"rendered":"\n<p>Un joven de 18 a\u00f1os\u00a0fue asesinado durante una pelea en una fiesta de 15 a\u00f1os\u00a0en la localidad de\u00a0General Villegas\u00a0y por el crimen hay un menor de edad detenido.\u00a0<\/p>\n\n\n\n<p>El suceso se produjo en la madrugada del domingo cuando se desarrollaba un festejo de 15 a\u00f1os en un sal\u00f3n ubicado en\u00a0la<strong>\u00a0<\/strong>calle Llorente, entre Castelli y Brown, en la ciudad bonaerense de Villegas.\u00a0<\/p>\n\n\n\n<p>Todav\u00eda sin saber los motivos, comenz\u00f3 una\u00a0pelea\u00a0dentro del sal\u00f3n que finaliz\u00f3 a 50 metros del mismo con el chico apu\u00f1alado en el est\u00f3mago.<\/p>\n\n\n\n<p>Seg\u00fan confirmaron fuentes policiales, la v\u00edctima fue identificada como\u00a0Dar\u00edo Leonel Lombardo\u00a0de 18 a\u00f1os. Su mam\u00e1 sostuvo que la disminuci\u00f3n comenz\u00f3 dentro del lugar entre un grupo de j\u00f3venes y su hijo se meti\u00f3 para separar con sus amigos.<\/p>\n\n\n\n<p>\u201cUno se vino con un cuchillo y el otro con un arma.\u00a0A la salida, cuando se entran a pelear, a mi hijo le pegan una pu\u00f1alada en la panza.\u00a0Fue grande la herida, se desangr\u00f3 todo, cay\u00f3 ah\u00ed nomas. En minutos se desvaneci\u00f3\u201d, relat\u00f3 la mujer en di\u00e1logo con el medio local\u00a0<em>FM Peregrina<\/em>.<\/p>\n\n\n\n<p>Norma Andrade relat\u00f3 que su hijo no era de pelearse y que est\u00e1 dolida por el momento que vive: \u201cHoy me toc\u00f3 a m\u00ed y se me va la vida.<strong>\u00a0<\/strong>Ya no lo voy a tener m\u00e1s conmigo, eso es lo que duele,\u00a0\u00bfqui\u00e9n me lo devuelve a m\u00ed?\u00a0Yo ya perd\u00ed un hijo electrocutado, este es el segundo hijo que pierdo, imag\u00ednese el dolor\u201d.<\/p>\n\n\n\n<p>Luego de que la v\u00edctima haya sido atacada, los testigos del hecho llamaron al 911 y cuando efectivos de la Comisar\u00eda de General Villegas llegaron al lugar les tomaron declaraciones.<\/p>\n\n\n\n<p>Gracias a los testimonios se pudo detener, horas despu\u00e9s, a un adolescente de 16 a\u00f1os se\u00f1alado como el presunto autor del asesinato. Tras su captura fue trasladado\u00a0a un\u00a0Centro Juvenil de la ciudad de Bah\u00eda Blanca.\u00a0<\/p>\n<div class=\"sharedaddy sd-sharing-enabled\"><div class=\"robots-nocontent sd-block sd-social sd-social-icon sd-sharing\"><h3 class=\"sd-title\">Comparte esto:<\/h3><div class=\"sd-content\"><ul><li class=\"share-twitter\"><a rel=\"nofollow noopener noreferrer\" data-shared=\"sharing-twitter-38722\" class=\"share-twitter sd-button share-icon no-text\" href=\"http:\/\/www.rtvnoticias.com.ar\/?p=38722&amp;share=twitter\" target=\"_blank\" title=\"Haz clic para compartir en Twitter\"><span><\/span><span class=\"sharing-screen-reader-text\">Haz clic para compartir en Twitter (Se abre en una ventana nueva)<\/span><\/a><\/li><li class=\"share-facebook\"><a rel=\"nofollow noopener noreferrer\" data-shared=\"sharing-facebook-38722\" class=\"share-facebook sd-button share-icon no-text\" href=\"http:\/\/www.rtvnoticias.com.ar\/?p=38722&amp;share=facebook\" target=\"_blank\" title=\"Haz clic para compartir en Facebook\"><span><\/span><span class=\"sharing-screen-reader-text\">Haz clic para compartir en Facebook (Se abre en una ventana nueva)<\/span><\/a><\/li><li class=\"share-jetpack-whatsapp\"><a rel=\"nofollow noopener noreferrer\" data-shared=\"\" class=\"share-jetpack-whatsapp sd-button share-icon no-text\" href=\"http:\/\/www.rtvnoticias.com.ar\/?p=38722&amp;share=jetpack-whatsapp\" target=\"_blank\" title=\"Haz clic para compartir en WhatsApp\"><span><\/span><span class=\"sharing-screen-reader-text\">Haz clic para compartir en WhatsApp (Se abre en una ventana nueva)<\/span><\/a><\/li><li class=\"share-telegram\"><a rel=\"nofollow noopener noreferrer\" data-shared=\"\" class=\"share-telegram sd-button share-icon no-text\" href=\"http:\/\/www.rtvnoticias.com.ar\/?p=38722&amp;share=telegram\" target=\"_blank\" title=\"Haz clic para compartir en Telegram\"><span><\/span><span class=\"sharing-screen-reader-text\">Haz clic para compartir en Telegram (Se abre en una ventana nueva)<\/span><\/a><\/li><li class=\"share-end\"><\/li><\/ul><\/div><\/div><\/div>","protected":false},"excerpt":{"rendered":"<p>Un joven de 18 a\u00f1os\u00a0fue asesinado durante una pelea en una fiesta de 15 a\u00f1os\u00a0en la localidad de\u00a0General Villegas\u00a0y por el crimen hay un menor<\/p>\n<div class=\"sharedaddy sd-sharing-enabled\"><div class=\"robots-nocontent sd-block sd-social sd-social-icon sd-sharing\"><h3 class=\"sd-title\">Comparte esto:<\/h3><div class=\"sd-content\"><ul><li class=\"share-twitter\"><a rel=\"nofollow noopener noreferrer\" data-shared=\"sharing-twitter-38722\" class=\"share-twitter sd-button share-icon no-text\" href=\"http:\/\/www.rtvnoticias.com.ar\/?p=38722&amp;share=twitter\" target=\"_blank\" title=\"Haz clic para compartir en Twitter\"><span><\/span><span class=\"sharing-screen-reader-text\">Haz clic para compartir en Twitter (Se abre en una ventana nueva)<\/span><\/a><\/li><li class=\"share-facebook\"><a rel=\"nofollow noopener noreferrer\" data-shared=\"sharing-facebook-38722\" class=\"share-facebook sd-button share-icon no-text\" href=\"http:\/\/www.rtvnoticias.com.ar\/?p=38722&amp;share=facebook\" target=\"_blank\" title=\"Haz clic para compartir en Facebook\"><span><\/span><span class=\"sharing-screen-reader-text\">Haz clic para compartir en Facebook (Se abre en una ventana nueva)<\/span><\/a><\/li><li class=\"share-jetpack-whatsapp\"><a rel=\"nofollow noopener noreferrer\" data-shared=\"\" class=\"share-jetpack-whatsapp sd-button share-icon no-text\" href=\"http:\/\/www.rtvnoticias.com.ar\/?p=38722&amp;share=jetpack-whatsapp\" target=\"_blank\" title=\"Haz clic para compartir en WhatsApp\"><span><\/span><span class=\"sharing-screen-reader-text\">Haz clic para compartir en WhatsApp (Se abre en una ventana nueva)<\/span><\/a><\/li><li class=\"share-telegram\"><a rel=\"nofollow noopener noreferrer\" data-shared=\"\" class=\"share-telegram sd-button share-icon no-text\" href=\"http:\/\/www.rtvnoticias.com.ar\/?p=38722&amp;share=telegram\" target=\"_blank\" title=\"Haz clic para compartir en Telegram\"><span><\/span><span class=\"sharing-screen-reader-text\">Haz clic para compartir en Telegram (Se abre en una ventana nueva)<\/span><\/a><\/li><li class=\"share-end\"><\/li><\/ul><\/div><\/div><\/div>","protected":false},"author":5,"featured_media":0,"comment_status":"closed","ping_status":"closed","sticky":false,"template":"","format":"standard","meta":{"spay_email":"","jetpack_publicize_message":"","jetpack_is_tweetstorm":false,"jetpack_publicize_feature_enabled":true},"categories":[1],"tags":[],"jetpack_featured_media_url":"","jetpack_publicize_connections":[],"jetpack_sharing_enabled":true,"_links":{"self":[{"href":"http:\/\/www.rtvnoticias.com.ar\/index.php?rest_route=\/wp\/v2\/posts\/38722"}],"collection":[{"href":"http:\/\/www.rtvnoticias.com.ar\/index.php?rest_route=\/wp\/v2\/posts"}],"about":[{"href":"http:\/\/www.rtvnoticias.com.ar\/index.php?rest_route=\/wp\/v2\/types\/post"}],"author":[{"embeddable":true,"href":"http:\/\/www.rtvnoticias.com.ar\/index.php?rest_route=\/wp\/v2\/users\/5"}],"replies":[{"embeddable":true,"href":"http:\/\/www.rtvnoticias.com.ar\/index.php?rest_route=%2Fwp%2Fv2%2Fcomments&post=38722"}],"version-history":[{"count":1,"href":"http:\/\/www.rtvnoticias.com.ar\/index.php?rest_route=\/wp\/v2\/posts\/38722\/revisions"}],"predecessor-version":[{"id":38723,"href":"http:\/\/www.rtvnoticias.com.ar\/index.php?rest_route=\/wp\/v2\/posts\/38722\/revisions\/38723"}],"wp:attachment":[{"href":"http:\/\/www.rtvnoticias.com.ar\/index.php?rest_route=%2Fwp%2Fv2%2Fmedia&parent=38722"}],"wp:term":[{"taxonomy":"category","embeddable":true,"href":"http:\/\/www.rtvnoticias.com.ar\/index.php?rest_route=%2Fwp%2Fv2%2Fcategories&post=38722"},{"taxonomy":"post_tag","embeddable":true,"href":"http:\/\/www.rtvnoticias.com.ar\/index.php?rest_route=%2Fwp%2Fv2%2Ftags&post=38722"}],"curies":[{"name":"wp","href":"https:\/\/api.w.org\/{rel}","templated":true}]}}