{"id":38724,"date":"2023-09-26T07:07:00","date_gmt":"2023-09-26T10:07:00","guid":{"rendered":"http:\/\/www.rtvnoticias.com.ar\/?p=38724"},"modified":"2023-09-25T12:13:45","modified_gmt":"2023-09-25T15:13:45","slug":"turismo-de-la-pampa-se-prepara-para-la-fit-con-una-intensa-agenda","status":"publish","type":"post","link":"http:\/\/www.rtvnoticias.com.ar\/?p=38724","title":{"rendered":"Turismo de La Pampa se prepara para la FIT con una intensa agenda"},"content":{"rendered":"\n<p class=\"has-text-align-center\"><strong>Municipios y prestadores privados pampeanos tendr\u00e1n cuatro d\u00edas para promover sus productos y destinos en la feria que supera en casi un 12% a la \u00faltima edici\u00f3n y es un 9% mayor que la del 2019 realizada en la prepandemia. La FIT se extiende desde este s\u00e1bado 30 al 3 de octubre, en la Sociedad Rural de Buenos Aires. Gran inter\u00e9s despierta esta muestra en todo el sector tur\u00edstico.<\/strong><\/p>\n\n\n\n<p>La Feria de Turismo de Am\u00e9rica Latina, FIT 2023, se llevar\u00e1 a cabo del 30 de septiembre al 3 de octubre en el predio ferial de la Sociedad Rural del barrio de Palermo en Buenos Aires, organizada por la Asociaci\u00f3n de Agentes de Viajes de la Ciudad de Buenos Aires (AVIABUE), la Federaci\u00f3n Argentina de Asociaciones de Empresas de Viajes y Turismo (FAEVYT), con la realizaci\u00f3n integral de Ferias Argentinas y con el Ministerio de Turismo y Deportes de la Naci\u00f3n como sponsor platino.<\/p>\n\n\n\n<p>El stand de la Provincia, en el Pabell\u00f3n Nacional, N\u00b0 2510, estar\u00e1 ambientado con los colores del Valle Argentino: el verde intenso del caldenal, el verde oliva del olivillo y el ocre de los m\u00e9danos, con gigantograf\u00edas de los atractivos y productos tur\u00edsticos pampeanos.<\/p>\n\n\n\n<p>La Secretar\u00eda asiste con su Mercado Artesanal: una tejedora mostrar\u00e1 el hilado de la lana con la que tejen los tradicionales ponchos. Se dedicar\u00e1n im\u00e1genes como producto destacado, de las salinas (habr\u00e1 una bolsa con sal gruesa para que los visitantes se lleven una muestra en una bolsita biodegradable), la Red de Antiguos Almacenes de Ramos Generales, la Ruta de la Carne Pampeana con degustaciones y shows musicales a cargo de Laura G\u00f3mez Weiss. <\/p>\n\n\n\n<p>Confirmaron su asistencia o que ocupar\u00e1n los escritorios provistos en el stand, los siguientes municipios: La Adela, Eduardo Castex, General Acha, General Pico, Algarrobo del \u00c1guila y General San Mart\u00edn. Asimismo, estar\u00e1n presentes los siguientes prestadores tur\u00edsticos: Che Pampa EVyT Descubr\u00ed La Pampa visitas Guiadas, Si Voy Turismo Accesible, Hotel &amp; Spa La Campi\u00f1a, Hotel UNIT Santa Rosa, y el prestador tur\u00edstico Juan Jos\u00e9 Tamagnone y el acompa\u00f1amiento de Frigor\u00edfico Pico y su marca Ohra Pampa.<\/p>\n\n\n\n<p>La Fiesta Nacional de la Sal estar\u00e1 presente en el Auditorio del Consejo Federal de Turismo con una charla a cargo del intendente de San Mart\u00edn, Ra\u00fal Espir, el lunes 2 de octubre a las 16:00 por su parte, los municipios tur\u00edsticos de Eduardo Castex y General Acha (declarados tales seg\u00fan la Ley Provincial de Turismo N\u00b03092) describir\u00e1n sus atractivos en disertaciones a cargo de los referentes tur\u00edsticos municipales, el d\u00eda s\u00e1bado 30 a las 16:00, en el mismo auditorio del Consejo Federal de Turismo.<\/p>\n\n\n\n<p>Los vinos pampeanos contar\u00e1n con un espacio para exhibici\u00f3n y degustaci\u00f3n en el stand Tierra de Vinos, dedicado a la promoci\u00f3n del enoturismo, con 92 m2, donde se podr\u00e1n realizar acciones tales como catas dirigidas, merchandising de los destinos, sorteos y exhibici\u00f3n de etiquetas. Los horarios del stand son s\u00e1bado 30\/9 y domingo 1 de octubre, de 15 a 20; lunes 2 y martes 3\/10, de 11 a 18.<\/p>\n\n\n\n<p>La Ruta de la Carne Pampeana se presentar\u00e1 el lunes 2, a las 12, en el stand del Ministerio de Turismo y Deportes de la Naci\u00f3n, con la presencia de autoridades de la Marca Pa\u00eds, de la provincia de La Pampa y del Frigor\u00edfico Pico, impulsor de la iniciativa.<\/p>\n\n\n\n<p>En simult\u00e1neo, el chef Leo Hern\u00e1ndez brindar\u00e1 una master class en el marco de Cocina Abierta y GustAR Federal, en la planta baja del CCK, el d\u00eda s\u00e1bado 30 a las 18:30, mientras que el Frigor\u00edfico Pico estar\u00e1 presente all\u00ed con su Marca Ohra Pampa, con la posibilidad de venta al p\u00fablico.<\/p>\n<div class=\"sharedaddy sd-sharing-enabled\"><div class=\"robots-nocontent sd-block sd-social sd-social-icon sd-sharing\"><h3 class=\"sd-title\">Comparte esto:<\/h3><div class=\"sd-content\"><ul><li class=\"share-twitter\"><a rel=\"nofollow noopener noreferrer\" data-shared=\"sharing-twitter-38724\" class=\"share-twitter sd-button share-icon no-text\" href=\"http:\/\/www.rtvnoticias.com.ar\/?p=38724&amp;share=twitter\" target=\"_blank\" title=\"Haz clic para compartir en Twitter\"><span><\/span><span class=\"sharing-screen-reader-text\">Haz clic para compartir en Twitter (Se abre en una ventana nueva)<\/span><\/a><\/li><li class=\"share-facebook\"><a rel=\"nofollow noopener noreferrer\" data-shared=\"sharing-facebook-38724\" class=\"share-facebook sd-button share-icon no-text\" href=\"http:\/\/www.rtvnoticias.com.ar\/?p=38724&amp;share=facebook\" target=\"_blank\" title=\"Haz clic para compartir en Facebook\"><span><\/span><span class=\"sharing-screen-reader-text\">Haz clic para compartir en Facebook (Se abre en una ventana nueva)<\/span><\/a><\/li><li class=\"share-jetpack-whatsapp\"><a rel=\"nofollow noopener noreferrer\" data-shared=\"\" class=\"share-jetpack-whatsapp sd-button share-icon no-text\" href=\"http:\/\/www.rtvnoticias.com.ar\/?p=38724&amp;share=jetpack-whatsapp\" target=\"_blank\" title=\"Haz clic para compartir en WhatsApp\"><span><\/span><span class=\"sharing-screen-reader-text\">Haz clic para compartir en WhatsApp (Se abre en una ventana nueva)<\/span><\/a><\/li><li class=\"share-telegram\"><a rel=\"nofollow noopener noreferrer\" data-shared=\"\" class=\"share-telegram sd-button share-icon no-text\" href=\"http:\/\/www.rtvnoticias.com.ar\/?p=38724&amp;share=telegram\" target=\"_blank\" title=\"Haz clic para compartir en Telegram\"><span><\/span><span class=\"sharing-screen-reader-text\">Haz clic para compartir en Telegram (Se abre en una ventana nueva)<\/span><\/a><\/li><li class=\"share-end\"><\/li><\/ul><\/div><\/div><\/div>","protected":false},"excerpt":{"rendered":"<p>Municipios y prestadores privados pampeanos tendr\u00e1n cuatro d\u00edas para promover sus productos y destinos en la feria que supera en casi un 12% a la<\/p>\n<div class=\"sharedaddy sd-sharing-enabled\"><div class=\"robots-nocontent sd-block sd-social sd-social-icon sd-sharing\"><h3 class=\"sd-title\">Comparte esto:<\/h3><div class=\"sd-content\"><ul><li class=\"share-twitter\"><a rel=\"nofollow noopener noreferrer\" data-shared=\"sharing-twitter-38724\" class=\"share-twitter sd-button share-icon no-text\" href=\"http:\/\/www.rtvnoticias.com.ar\/?p=38724&amp;share=twitter\" target=\"_blank\" title=\"Haz clic para compartir en Twitter\"><span><\/span><span class=\"sharing-screen-reader-text\">Haz clic para compartir en Twitter (Se abre en una ventana nueva)<\/span><\/a><\/li><li class=\"share-facebook\"><a rel=\"nofollow noopener noreferrer\" data-shared=\"sharing-facebook-38724\" class=\"share-facebook sd-button share-icon no-text\" href=\"http:\/\/www.rtvnoticias.com.ar\/?p=38724&amp;share=facebook\" target=\"_blank\" title=\"Haz clic para compartir en Facebook\"><span><\/span><span class=\"sharing-screen-reader-text\">Haz clic para compartir en Facebook (Se abre en una ventana nueva)<\/span><\/a><\/li><li class=\"share-jetpack-whatsapp\"><a rel=\"nofollow noopener noreferrer\" data-shared=\"\" class=\"share-jetpack-whatsapp sd-button share-icon no-text\" href=\"http:\/\/www.rtvnoticias.com.ar\/?p=38724&amp;share=jetpack-whatsapp\" target=\"_blank\" title=\"Haz clic para compartir en WhatsApp\"><span><\/span><span class=\"sharing-screen-reader-text\">Haz clic para compartir en WhatsApp (Se abre en una ventana nueva)<\/span><\/a><\/li><li class=\"share-telegram\"><a rel=\"nofollow noopener noreferrer\" data-shared=\"\" class=\"share-telegram sd-button share-icon no-text\" href=\"http:\/\/www.rtvnoticias.com.ar\/?p=38724&amp;share=telegram\" target=\"_blank\" title=\"Haz clic para compartir en Telegram\"><span><\/span><span class=\"sharing-screen-reader-text\">Haz clic para compartir en Telegram (Se abre en una ventana nueva)<\/span><\/a><\/li><li class=\"share-end\"><\/li><\/ul><\/div><\/div><\/div>","protected":false},"author":5,"featured_media":38725,"comment_status":"closed","ping_status":"closed","sticky":false,"template":"","format":"standard","meta":{"spay_email":"","jetpack_publicize_message":"","jetpack_is_tweetstorm":false,"jetpack_publicize_feature_enabled":true},"categories":[4],"tags":[4291],"jetpack_featured_media_url":"http:\/\/www.rtvnoticias.com.ar\/wp-content\/uploads\/2023\/09\/feria-fit.jpg","jetpack_publicize_connections":[],"jetpack_sharing_enabled":true,"_links":{"self":[{"href":"http:\/\/www.rtvnoticias.com.ar\/index.php?rest_route=\/wp\/v2\/posts\/38724"}],"collection":[{"href":"http:\/\/www.rtvnoticias.com.ar\/index.php?rest_route=\/wp\/v2\/posts"}],"about":[{"href":"http:\/\/www.rtvnoticias.com.ar\/index.php?rest_route=\/wp\/v2\/types\/post"}],"author":[{"embeddable":true,"href":"http:\/\/www.rtvnoticias.com.ar\/index.php?rest_route=\/wp\/v2\/users\/5"}],"replies":[{"embeddable":true,"href":"http:\/\/www.rtvnoticias.com.ar\/index.php?rest_route=%2Fwp%2Fv2%2Fcomments&post=38724"}],"version-history":[{"count":2,"href":"http:\/\/www.rtvnoticias.com.ar\/index.php?rest_route=\/wp\/v2\/posts\/38724\/revisions"}],"predecessor-version":[{"id":38728,"href":"http:\/\/www.rtvnoticias.com.ar\/index.php?rest_route=\/wp\/v2\/posts\/38724\/revisions\/38728"}],"wp:featuredmedia":[{"embeddable":true,"href":"http:\/\/www.rtvnoticias.com.ar\/index.php?rest_route=\/wp\/v2\/media\/38725"}],"wp:attachment":[{"href":"http:\/\/www.rtvnoticias.com.ar\/index.php?rest_route=%2Fwp%2Fv2%2Fmedia&parent=38724"}],"wp:term":[{"taxonomy":"category","embeddable":true,"href":"http:\/\/www.rtvnoticias.com.ar\/index.php?rest_route=%2Fwp%2Fv2%2Fcategories&post=38724"},{"taxonomy":"post_tag","embeddable":true,"href":"http:\/\/www.rtvnoticias.com.ar\/index.php?rest_route=%2Fwp%2Fv2%2Ftags&post=38724"}],"curies":[{"name":"wp","href":"https:\/\/api.w.org\/{rel}","templated":true}]}}