{"id":38729,"date":"2023-09-25T16:46:44","date_gmt":"2023-09-25T19:46:44","guid":{"rendered":"http:\/\/www.rtvnoticias.com.ar\/?p=38729"},"modified":"2023-09-25T16:46:47","modified_gmt":"2023-09-25T19:46:47","slug":"encontraron-el-cadaver-de-un-hombre-flotando-en-los-bosques-de-palermo","status":"publish","type":"post","link":"http:\/\/www.rtvnoticias.com.ar\/?p=38729","title":{"rendered":"Encontraron el cad\u00e1ver de un hombre flotando en los Bosques de Palermo"},"content":{"rendered":"\n<p>El cad\u00e1ver de un hombre de unos 50 a\u00f1os fue encontrado esta ma\u00f1ana flotando en uno de los lagos de los bosques de Palermo, en la ciudad de Buenos Aires.<\/p>\n\n\n\n<p>El hallazgo tuvo lugar en el lago Victoria Ocampo, en la plaza situada en Sarmiento y Berro, cerca del Jard\u00edn Japon\u00e9s, informaron fuentes policiales.<\/p>\n\n\n\n<p>Una vez recibida la denuncia sobre el hallazgo del cuerpo, Bomberos de la Ciudad \u00abobservaron a medio metro de la orilla un cuerpo sin vida de un masculino mayor de edad\u00bb, se indic\u00f3.<\/p>\n\n\n\n<p>Adem\u00e1s, confirmaron que en primera instancia no se tratar\u00eda de un crimen, ya que \u00abno hay signos de violencia\u00bb en su cuerpo.<\/p>\n\n\n\n<p>\u00abLleva entre 8 y 12 horas de muerto, sin lesiones visibles y no ten\u00eda encima documentaci\u00f3n, pero s\u00ed una tarjeta que ser\u00e1 analizada\u00bb, se\u00f1alaron las fuentes.<\/p>\n\n\n\n<p>Tambi\u00e9n destacaron que la persona, de unos 50 a\u00f1os, vest\u00eda al momento de su hallazgo un \u00abbuzo polar, pantal\u00f3n, campera y zapatillas\u00bb.<\/p>\n\n\n\n<p>Por el momento las primeras actuaciones son por averiguaci\u00f3n de muerte por causas dudosas, y el trabajo de la Unidad Criminal\u00edstica determin\u00f3 que no se observaban lesiones visibles en el cuerpo.<\/p>\n\n\n\n<p>Adem\u00e1s, se logr\u00f3 determinar que ten\u00eda tatuajes y encontraron una tarjeta S.U.B.E que pertenecer\u00eda al hombre, de quien a\u00fan se desconocen sus datos.<\/p>\n\n\n\n<p>En el hecho tom\u00f3 intervenci\u00f3n a Fiscal\u00eda Criminal y Correccional 53, a cargo del fiscal Mat\u00edas Di Lello, que dispuso que acuda la Unidad Criminal\u00edstica M\u00f3vil e iniciar actuaciones por \u00abaveriguaci\u00f3n de muerte por causas dudosas\u00bb.<\/p>\n\n\n\n<p>Seg\u00fan trascendi\u00f3, en las primeras pericias realizadas en el cuerpo, el cual ser\u00e1 sometido a una autopsia, no se hallaron signos de agresi\u00f3n.<\/p>\n\n\n\n<p>En tanto, se iniciaron averiguaciones para intentar establecer la identidad del fallecido.<\/p>\n\n\n\n<p>El lago Victoria Ocampo se encuentra a pocos metros del lugar en el que fue asesinado el ingeniero Mariano Barbieri el 30 de agosto pasado.<\/p>\n<div class=\"sharedaddy sd-sharing-enabled\"><div class=\"robots-nocontent sd-block sd-social sd-social-icon sd-sharing\"><h3 class=\"sd-title\">Comparte esto:<\/h3><div class=\"sd-content\"><ul><li class=\"share-twitter\"><a rel=\"nofollow noopener noreferrer\" data-shared=\"sharing-twitter-38729\" class=\"share-twitter sd-button share-icon no-text\" href=\"http:\/\/www.rtvnoticias.com.ar\/?p=38729&amp;share=twitter\" target=\"_blank\" title=\"Haz clic para compartir en Twitter\"><span><\/span><span class=\"sharing-screen-reader-text\">Haz clic para compartir en Twitter (Se abre en una ventana nueva)<\/span><\/a><\/li><li class=\"share-facebook\"><a rel=\"nofollow noopener noreferrer\" data-shared=\"sharing-facebook-38729\" class=\"share-facebook sd-button share-icon no-text\" href=\"http:\/\/www.rtvnoticias.com.ar\/?p=38729&amp;share=facebook\" target=\"_blank\" title=\"Haz clic para compartir en Facebook\"><span><\/span><span class=\"sharing-screen-reader-text\">Haz clic para compartir en Facebook (Se abre en una ventana nueva)<\/span><\/a><\/li><li class=\"share-jetpack-whatsapp\"><a rel=\"nofollow noopener noreferrer\" data-shared=\"\" class=\"share-jetpack-whatsapp sd-button share-icon no-text\" href=\"http:\/\/www.rtvnoticias.com.ar\/?p=38729&amp;share=jetpack-whatsapp\" target=\"_blank\" title=\"Haz clic para compartir en WhatsApp\"><span><\/span><span class=\"sharing-screen-reader-text\">Haz clic para compartir en WhatsApp (Se abre en una ventana nueva)<\/span><\/a><\/li><li class=\"share-telegram\"><a rel=\"nofollow noopener noreferrer\" data-shared=\"\" class=\"share-telegram sd-button share-icon no-text\" href=\"http:\/\/www.rtvnoticias.com.ar\/?p=38729&amp;share=telegram\" target=\"_blank\" title=\"Haz clic para compartir en Telegram\"><span><\/span><span class=\"sharing-screen-reader-text\">Haz clic para compartir en Telegram (Se abre en una ventana nueva)<\/span><\/a><\/li><li class=\"share-end\"><\/li><\/ul><\/div><\/div><\/div>","protected":false},"excerpt":{"rendered":"<p>El cad\u00e1ver de un hombre de unos 50 a\u00f1os fue encontrado esta ma\u00f1ana flotando en uno de los lagos de los bosques de Palermo, en<\/p>\n<div class=\"sharedaddy sd-sharing-enabled\"><div class=\"robots-nocontent sd-block sd-social sd-social-icon sd-sharing\"><h3 class=\"sd-title\">Comparte esto:<\/h3><div class=\"sd-content\"><ul><li class=\"share-twitter\"><a rel=\"nofollow noopener noreferrer\" data-shared=\"sharing-twitter-38729\" class=\"share-twitter sd-button share-icon no-text\" href=\"http:\/\/www.rtvnoticias.com.ar\/?p=38729&amp;share=twitter\" target=\"_blank\" title=\"Haz clic para compartir en Twitter\"><span><\/span><span class=\"sharing-screen-reader-text\">Haz clic para compartir en Twitter (Se abre en una ventana nueva)<\/span><\/a><\/li><li class=\"share-facebook\"><a rel=\"nofollow noopener noreferrer\" data-shared=\"sharing-facebook-38729\" class=\"share-facebook sd-button share-icon no-text\" href=\"http:\/\/www.rtvnoticias.com.ar\/?p=38729&amp;share=facebook\" target=\"_blank\" title=\"Haz clic para compartir en Facebook\"><span><\/span><span class=\"sharing-screen-reader-text\">Haz clic para compartir en Facebook (Se abre en una ventana nueva)<\/span><\/a><\/li><li class=\"share-jetpack-whatsapp\"><a rel=\"nofollow noopener noreferrer\" data-shared=\"\" class=\"share-jetpack-whatsapp sd-button share-icon no-text\" href=\"http:\/\/www.rtvnoticias.com.ar\/?p=38729&amp;share=jetpack-whatsapp\" target=\"_blank\" title=\"Haz clic para compartir en WhatsApp\"><span><\/span><span class=\"sharing-screen-reader-text\">Haz clic para compartir en WhatsApp (Se abre en una ventana nueva)<\/span><\/a><\/li><li class=\"share-telegram\"><a rel=\"nofollow noopener noreferrer\" data-shared=\"\" class=\"share-telegram sd-button share-icon no-text\" href=\"http:\/\/www.rtvnoticias.com.ar\/?p=38729&amp;share=telegram\" target=\"_blank\" title=\"Haz clic para compartir en Telegram\"><span><\/span><span class=\"sharing-screen-reader-text\">Haz clic para compartir en Telegram (Se abre en una ventana nueva)<\/span><\/a><\/li><li class=\"share-end\"><\/li><\/ul><\/div><\/div><\/div>","protected":false},"author":5,"featured_media":38730,"comment_status":"closed","ping_status":"closed","sticky":false,"template":"","format":"standard","meta":{"spay_email":"","jetpack_publicize_message":"","jetpack_is_tweetstorm":false,"jetpack_publicize_feature_enabled":true},"categories":[5],"tags":[4292],"jetpack_featured_media_url":"http:\/\/www.rtvnoticias.com.ar\/wp-content\/uploads\/2023\/09\/palermo-cadaver.jpg","jetpack_publicize_connections":[],"jetpack_sharing_enabled":true,"_links":{"self":[{"href":"http:\/\/www.rtvnoticias.com.ar\/index.php?rest_route=\/wp\/v2\/posts\/38729"}],"collection":[{"href":"http:\/\/www.rtvnoticias.com.ar\/index.php?rest_route=\/wp\/v2\/posts"}],"about":[{"href":"http:\/\/www.rtvnoticias.com.ar\/index.php?rest_route=\/wp\/v2\/types\/post"}],"author":[{"embeddable":true,"href":"http:\/\/www.rtvnoticias.com.ar\/index.php?rest_route=\/wp\/v2\/users\/5"}],"replies":[{"embeddable":true,"href":"http:\/\/www.rtvnoticias.com.ar\/index.php?rest_route=%2Fwp%2Fv2%2Fcomments&post=38729"}],"version-history":[{"count":1,"href":"http:\/\/www.rtvnoticias.com.ar\/index.php?rest_route=\/wp\/v2\/posts\/38729\/revisions"}],"predecessor-version":[{"id":38731,"href":"http:\/\/www.rtvnoticias.com.ar\/index.php?rest_route=\/wp\/v2\/posts\/38729\/revisions\/38731"}],"wp:featuredmedia":[{"embeddable":true,"href":"http:\/\/www.rtvnoticias.com.ar\/index.php?rest_route=\/wp\/v2\/media\/38730"}],"wp:attachment":[{"href":"http:\/\/www.rtvnoticias.com.ar\/index.php?rest_route=%2Fwp%2Fv2%2Fmedia&parent=38729"}],"wp:term":[{"taxonomy":"category","embeddable":true,"href":"http:\/\/www.rtvnoticias.com.ar\/index.php?rest_route=%2Fwp%2Fv2%2Fcategories&post=38729"},{"taxonomy":"post_tag","embeddable":true,"href":"http:\/\/www.rtvnoticias.com.ar\/index.php?rest_route=%2Fwp%2Fv2%2Ftags&post=38729"}],"curies":[{"name":"wp","href":"https:\/\/api.w.org\/{rel}","templated":true}]}}