{"id":38732,"date":"2023-09-26T05:15:00","date_gmt":"2023-09-26T08:15:00","guid":{"rendered":"http:\/\/www.rtvnoticias.com.ar\/?p=38732"},"modified":"2023-09-25T17:22:25","modified_gmt":"2023-09-25T20:22:25","slug":"entrega-de-123-netbooks-a-estudiantes-del-colegio-educadores-pampeanos","status":"publish","type":"post","link":"http:\/\/www.rtvnoticias.com.ar\/?p=38732","title":{"rendered":"Entrega de 123 netbooks a estudiantes del Colegio Educadores Pampeanos"},"content":{"rendered":"\n<p>La intendenta Fernanda Alonso particip\u00f3 de la entrega de 123 netbooks a estudiantes de 1\u00b0 y 2\u00b0 a\u00f1o del ciclo b\u00e1sico que se llev\u00f3 a cabo en el Colegio Educadores Pampeanos. Esta posibilidad se da gracias a la articulaci\u00f3n provincial y nacional, en el marco del programa Conectar Igualdad.<\/p>\n\n\n\n<p>Esta pol\u00edtica de inclusi\u00f3n contempla la distribuci\u00f3n de material educativo como as\u00ed tambi\u00e9n el despliegue de acciones de conectividad. Busca reducir las brechas digitales, educativas y sociales en toda la extensi\u00f3n del pa\u00eds.<\/p>\n\n\n\n<p>Distribuye computadoras en modalidad uno a uno a j\u00f3venes de secundaria y educaci\u00f3n especial de las escuelas p\u00fablicas y se propone el acceso a las nuevas tecnolog\u00edas.<\/p>\n\n\n\n<p>Adem\u00e1s de la jefa comunal piquense, quien estuvo presente encabezando el acto fue el ministro de Educaci\u00f3n, Pablo Maccione. Acompa\u00f1aron tambi\u00e9n el viceintendente, Daniel L\u00f3pez; la delegada ministerial de Zona Norte, Adriana Cerd\u00e1; funcionarios y funcionarias municipales, el equipo de gesti\u00f3n de la instituci\u00f3n educativa y familiares.<\/p>\n\n\n\n<p>Pablo Maccione, se refiri\u00f3 a esta iniciativa: \u201cHoy es un d\u00eda de satisfacci\u00f3n. Cuando llegamos con alguna soluci\u00f3n concreta siempre es motivo de alegr\u00eda en un momento en el que nos encontramos en la sociedad del conocimiento y llegar con estas herramientas es muy importante\u201d.<\/p>\n\n\n\n<p>Agreg\u00f3 que los dispositivos tambi\u00e9n ser\u00e1n otorgados a alumnos y alumnas del Colegio Ranqueles, Normal, El Salvador, entre otros.<\/p>\n\n\n\n<p>\u201cEn alg\u00fan momento se dejaron de entregar, pero hoy recuperamos esa pol\u00edtica. Esto es la representaci\u00f3n que tiene la inversi\u00f3n en este \u00e1mbito, esto no lo hace un ministro o alguien que est\u00e9 presente, sino el Estado nacional, sin importar qui\u00e9n ocupe la funci\u00f3n p\u00fablica, pero s\u00ed hay diferentes decisiones que permiten su llegada o no\u201d, a\u00f1adi\u00f3.<\/p>\n\n\n\n<p>Maccione destac\u00f3 el sostenimiento de este programa: \u201cLos derechos son de ustedes, porque ac\u00e1 no regalamos nada. Venimos a cumplir la obligaci\u00f3n que tenemos de garantizar una educaci\u00f3n de calidad porque as\u00ed lo establecen las leyes y la Constituci\u00f3n Nacional\u201d.<\/p>\n<div class=\"sharedaddy sd-sharing-enabled\"><div class=\"robots-nocontent sd-block sd-social sd-social-icon sd-sharing\"><h3 class=\"sd-title\">Comparte esto:<\/h3><div class=\"sd-content\"><ul><li class=\"share-twitter\"><a rel=\"nofollow noopener noreferrer\" data-shared=\"sharing-twitter-38732\" class=\"share-twitter sd-button share-icon no-text\" href=\"http:\/\/www.rtvnoticias.com.ar\/?p=38732&amp;share=twitter\" target=\"_blank\" title=\"Haz clic para compartir en Twitter\"><span><\/span><span class=\"sharing-screen-reader-text\">Haz clic para compartir en Twitter (Se abre en una ventana nueva)<\/span><\/a><\/li><li class=\"share-facebook\"><a rel=\"nofollow noopener noreferrer\" data-shared=\"sharing-facebook-38732\" class=\"share-facebook sd-button share-icon no-text\" href=\"http:\/\/www.rtvnoticias.com.ar\/?p=38732&amp;share=facebook\" target=\"_blank\" title=\"Haz clic para compartir en Facebook\"><span><\/span><span class=\"sharing-screen-reader-text\">Haz clic para compartir en Facebook (Se abre en una ventana nueva)<\/span><\/a><\/li><li class=\"share-jetpack-whatsapp\"><a rel=\"nofollow noopener noreferrer\" data-shared=\"\" class=\"share-jetpack-whatsapp sd-button share-icon no-text\" href=\"http:\/\/www.rtvnoticias.com.ar\/?p=38732&amp;share=jetpack-whatsapp\" target=\"_blank\" title=\"Haz clic para compartir en WhatsApp\"><span><\/span><span class=\"sharing-screen-reader-text\">Haz clic para compartir en WhatsApp (Se abre en una ventana nueva)<\/span><\/a><\/li><li class=\"share-telegram\"><a rel=\"nofollow noopener noreferrer\" data-shared=\"\" class=\"share-telegram sd-button share-icon no-text\" href=\"http:\/\/www.rtvnoticias.com.ar\/?p=38732&amp;share=telegram\" target=\"_blank\" title=\"Haz clic para compartir en Telegram\"><span><\/span><span class=\"sharing-screen-reader-text\">Haz clic para compartir en Telegram (Se abre en una ventana nueva)<\/span><\/a><\/li><li class=\"share-end\"><\/li><\/ul><\/div><\/div><\/div>","protected":false},"excerpt":{"rendered":"<p>La intendenta Fernanda Alonso particip\u00f3 de la entrega de 123 netbooks a estudiantes de 1\u00b0 y 2\u00b0 a\u00f1o del ciclo b\u00e1sico que se llev\u00f3 a<\/p>\n<div class=\"sharedaddy sd-sharing-enabled\"><div class=\"robots-nocontent sd-block sd-social sd-social-icon sd-sharing\"><h3 class=\"sd-title\">Comparte esto:<\/h3><div class=\"sd-content\"><ul><li class=\"share-twitter\"><a rel=\"nofollow noopener noreferrer\" data-shared=\"sharing-twitter-38732\" class=\"share-twitter sd-button share-icon no-text\" href=\"http:\/\/www.rtvnoticias.com.ar\/?p=38732&amp;share=twitter\" target=\"_blank\" title=\"Haz clic para compartir en Twitter\"><span><\/span><span class=\"sharing-screen-reader-text\">Haz clic para compartir en Twitter (Se abre en una ventana nueva)<\/span><\/a><\/li><li class=\"share-facebook\"><a rel=\"nofollow noopener noreferrer\" data-shared=\"sharing-facebook-38732\" class=\"share-facebook sd-button share-icon no-text\" href=\"http:\/\/www.rtvnoticias.com.ar\/?p=38732&amp;share=facebook\" target=\"_blank\" title=\"Haz clic para compartir en Facebook\"><span><\/span><span class=\"sharing-screen-reader-text\">Haz clic para compartir en Facebook (Se abre en una ventana nueva)<\/span><\/a><\/li><li class=\"share-jetpack-whatsapp\"><a rel=\"nofollow noopener noreferrer\" data-shared=\"\" class=\"share-jetpack-whatsapp sd-button share-icon no-text\" href=\"http:\/\/www.rtvnoticias.com.ar\/?p=38732&amp;share=jetpack-whatsapp\" target=\"_blank\" title=\"Haz clic para compartir en WhatsApp\"><span><\/span><span class=\"sharing-screen-reader-text\">Haz clic para compartir en WhatsApp (Se abre en una ventana nueva)<\/span><\/a><\/li><li class=\"share-telegram\"><a rel=\"nofollow noopener noreferrer\" data-shared=\"\" class=\"share-telegram sd-button share-icon no-text\" href=\"http:\/\/www.rtvnoticias.com.ar\/?p=38732&amp;share=telegram\" target=\"_blank\" title=\"Haz clic para compartir en Telegram\"><span><\/span><span class=\"sharing-screen-reader-text\">Haz clic para compartir en Telegram (Se abre en una ventana nueva)<\/span><\/a><\/li><li class=\"share-end\"><\/li><\/ul><\/div><\/div><\/div>","protected":false},"author":5,"featured_media":38733,"comment_status":"closed","ping_status":"closed","sticky":false,"template":"","format":"standard","meta":{"spay_email":"","jetpack_publicize_message":"","jetpack_is_tweetstorm":false,"jetpack_publicize_feature_enabled":true},"categories":[3],"tags":[4293],"jetpack_featured_media_url":"http:\/\/www.rtvnoticias.com.ar\/wp-content\/uploads\/2023\/09\/alonso-compu.jpg","jetpack_publicize_connections":[],"jetpack_sharing_enabled":true,"_links":{"self":[{"href":"http:\/\/www.rtvnoticias.com.ar\/index.php?rest_route=\/wp\/v2\/posts\/38732"}],"collection":[{"href":"http:\/\/www.rtvnoticias.com.ar\/index.php?rest_route=\/wp\/v2\/posts"}],"about":[{"href":"http:\/\/www.rtvnoticias.com.ar\/index.php?rest_route=\/wp\/v2\/types\/post"}],"author":[{"embeddable":true,"href":"http:\/\/www.rtvnoticias.com.ar\/index.php?rest_route=\/wp\/v2\/users\/5"}],"replies":[{"embeddable":true,"href":"http:\/\/www.rtvnoticias.com.ar\/index.php?rest_route=%2Fwp%2Fv2%2Fcomments&post=38732"}],"version-history":[{"count":1,"href":"http:\/\/www.rtvnoticias.com.ar\/index.php?rest_route=\/wp\/v2\/posts\/38732\/revisions"}],"predecessor-version":[{"id":38734,"href":"http:\/\/www.rtvnoticias.com.ar\/index.php?rest_route=\/wp\/v2\/posts\/38732\/revisions\/38734"}],"wp:featuredmedia":[{"embeddable":true,"href":"http:\/\/www.rtvnoticias.com.ar\/index.php?rest_route=\/wp\/v2\/media\/38733"}],"wp:attachment":[{"href":"http:\/\/www.rtvnoticias.com.ar\/index.php?rest_route=%2Fwp%2Fv2%2Fmedia&parent=38732"}],"wp:term":[{"taxonomy":"category","embeddable":true,"href":"http:\/\/www.rtvnoticias.com.ar\/index.php?rest_route=%2Fwp%2Fv2%2Fcategories&post=38732"},{"taxonomy":"post_tag","embeddable":true,"href":"http:\/\/www.rtvnoticias.com.ar\/index.php?rest_route=%2Fwp%2Fv2%2Ftags&post=38732"}],"curies":[{"name":"wp","href":"https:\/\/api.w.org\/{rel}","templated":true}]}}