{"id":38738,"date":"2023-09-25T18:07:32","date_gmt":"2023-09-25T21:07:32","guid":{"rendered":"http:\/\/www.rtvnoticias.com.ar\/?p=38738"},"modified":"2023-09-25T18:07:35","modified_gmt":"2023-09-25T21:07:35","slug":"entrega-de-casas-acceder-a-una-vivienda-es-algo-sublime-aseguro-fernanda-alonso","status":"publish","type":"post","link":"http:\/\/www.rtvnoticias.com.ar\/?p=38738","title":{"rendered":"Entrega de casas: \u00abAcceder a una vivienda es algo sublime\u00bb, asegur\u00f3 Fernanda Alonso"},"content":{"rendered":"\n<p><strong>Tuvo lugar la entrega en esta ciudad de 85 viviendas del IPAV lista para ser habitadas. Del acto participaron autoridades provinciales y municipales, adem\u00e1s de los adjudicatarios y familiares. La intendenta Fernanda Alonso resalt\u00f3 la importancia del techo propio.<\/strong><\/p>\n\n\n\n<p>El sorteo del Plan pampeano Mi Casa II, realizado el 22 de junio y el 7 de septiembre, apunt\u00f3 a garantizar m\u00e1s derechos habitacionales para nuestra ciudad. La \u00faltima oportunidad en que vecinas y vecinos recibieron sus llaves se hab\u00eda concretado el 13 de julio y respondi\u00f3 al sorteo del 31 de mayo.<\/p>\n\n\n\n<p>En el acto, acompa\u00f1aron a la jefa comunal la vicepresidenta 1\u00b0 de la C\u00e1mara de Diputados, Alicia Mayoral; el ministro de Gobierno, Justicia y Derecho Humanos, Ariel Rauschenberger; el ministro de Educaci\u00f3n, Pablo Maccione; el presidente del IPAV, Jorge Lezcano; el viceintendente, Daniel L\u00f3pez; autoridades provinciales y locales, p\u00fablico en general.<\/p>\n\n\n\n<figure class=\"wp-block-image size-large\"><img data-attachment-id=\"38740\" data-permalink=\"http:\/\/www.rtvnoticias.com.ar\/?attachment_id=38740\" data-orig-file=\"http:\/\/www.rtvnoticias.com.ar\/wp-content\/uploads\/2023\/09\/viviendas-ipav1.jpg\" data-orig-size=\"600,338\" data-comments-opened=\"0\" data-image-meta=\"{&quot;aperture&quot;:&quot;0&quot;,&quot;credit&quot;:&quot;&quot;,&quot;camera&quot;:&quot;&quot;,&quot;caption&quot;:&quot;&quot;,&quot;created_timestamp&quot;:&quot;0&quot;,&quot;copyright&quot;:&quot;&quot;,&quot;focal_length&quot;:&quot;0&quot;,&quot;iso&quot;:&quot;0&quot;,&quot;shutter_speed&quot;:&quot;0&quot;,&quot;title&quot;:&quot;&quot;,&quot;orientation&quot;:&quot;0&quot;}\" data-image-title=\"viviendas-ipav1\" data-image-description=\"\" data-image-caption=\"\" data-medium-file=\"http:\/\/www.rtvnoticias.com.ar\/wp-content\/uploads\/2023\/09\/viviendas-ipav1-300x169.jpg\" data-large-file=\"http:\/\/www.rtvnoticias.com.ar\/wp-content\/uploads\/2023\/09\/viviendas-ipav1.jpg\" decoding=\"async\" loading=\"lazy\" width=\"600\" height=\"338\" src=\"http:\/\/www.rtvnoticias.com.ar\/wp-content\/uploads\/2023\/09\/viviendas-ipav1.jpg\" alt=\"\" class=\"wp-image-38740\" srcset=\"http:\/\/www.rtvnoticias.com.ar\/wp-content\/uploads\/2023\/09\/viviendas-ipav1.jpg 600w, http:\/\/www.rtvnoticias.com.ar\/wp-content\/uploads\/2023\/09\/viviendas-ipav1-300x169.jpg 300w, http:\/\/www.rtvnoticias.com.ar\/wp-content\/uploads\/2023\/09\/viviendas-ipav1-480x270.jpg 480w\" sizes=\"(max-width: 600px) 100vw, 600px\" \/><\/figure>\n\n\n\n<p>Dando inicio a la actividad, Nancy, adjudicataria, se expidi\u00f3 frente a las y los presentes: \u201cLos quiero felicitar, porque es el sue\u00f1o de todos poder tener esta casa. En mi caso, esper\u00e9 15 a\u00f1os para que me tocara y deseo que la cuidemos. Estamos m\u00e1s que agradecidos con Fernanda y todos los que lo hicieron posible\u201d.<\/p>\n\n\n\n<p>Adem\u00e1s, solicit\u00f3 \u201cser responsables y tener la cuota al d\u00eda porque es para nuestra familia, para que nuestros hijos puedan tener alg\u00fan d\u00eda la misma felicidad que sentimos en este momento\u201d.<\/p>\n\n\n\n<p>En cuanto a la segunda entrega desde el inicio de su gesti\u00f3n, la mandataria local detall\u00f3: \u201cGracias a todas las autoridades que hacen posible la ejecuci\u00f3n de las pol\u00edticas p\u00fablicas con decisiones acertadas pensadas en la felicidad de la gente. Acceder al derecho de una vivienda es algo sublime, que no se compara con ninguna otra posibilidad\u201d.<\/p>\n\n\n\n<p>Indic\u00f3 que \u201cdeben disfrutar y empezar a pensar que aqu\u00ed ustedes van a desarrollar y volver a formar ese hogar que s\u00f3lo lo dan las familias\u201d.<\/p>\n\n\n\n<p>\u201cDe las 85 ya concluidas, podemos decir que hay gente que ha esperado mucho tiempo, que hay s\u00f3lo diez hombres titulares de derecho, que hay quienes paternan solos, al igual que mujeres que lo hacen solas. Es posible acceder a esto gracias a que hay un Estado presente, lo digo habiendo sido beneficiaria como hoy les toca a ustedes\u201d, ampli\u00f3.<\/p>\n\n\n\n<p>En este contexto, agreg\u00f3: \u201cM\u00e1s all\u00e1 que tenemos la esperanza que pueda d\u00e1rsele continuidad a esto, en funci\u00f3n que tenemos 198 departamentos PROCREAR y 200 viviendas con plateas terminadas, tambi\u00e9n le quisimos agregar otra cosa: construir comunidad, haciendo un mural que separa de Comisar\u00eda Tercera\u201d.<\/p>\n\n\n\n<p>Es por ello que propuso \u201cque todos los vecinos y vecinas se sumen a pintarlo, desde una expresi\u00f3n cultural, con el color y matiz que quieran\u201d.<\/p>\n\n\n\n<p>Por su parte, el ministro de Gobierno, Justicia y Derecho Humanos, Ariel Rauschenberger, asever\u00f3: \u201cSergio Ziliotto ha hecho de la construcci\u00f3n de las viviendas uno de sus estandartes. En los distintos gobiernos justicialistas se ha llevado adelante el acceso a este derecho\u201d.<\/p>\n\n\n\n<p>Mencion\u00f3 que ello \u201cno fue producto de la casualidad, sino porque hubo gobiernos provinciales que pensaron en la gente y una sociedad que acompa\u00f1\u00f3. Cuando hubo una gesti\u00f3n nacional que se olvid\u00f3, estuvo Carlos Verna que gener\u00f3 este programa para los pampeanos y pampeanas\u201d.<\/p>\n\n\n\n<p>En \u00faltima instancia, dialog\u00f3 Alicia Mayoral: \u201cEstamos felices, estamos dignificando. Es por ac\u00e1, no se crean que estamos tan contentos ya que esto no hace m\u00e1s que recordarnos la cantidad que nos restan edificar, por lo que mientras falte una casa lucharemos por eso\u201d.<\/p>\n\n\n\n<p>Luego de las palabras alusivas, las emociones fueron protagonistas y despu\u00e9s de un simb\u00f3lico corte de cintas cada beneficiario y beneficiaria pudo ingresar a su nuevo hogar; acompa\u00f1ados de familiares y amigos.<\/p>\n<div class=\"sharedaddy sd-sharing-enabled\"><div class=\"robots-nocontent sd-block sd-social sd-social-icon sd-sharing\"><h3 class=\"sd-title\">Comparte esto:<\/h3><div class=\"sd-content\"><ul><li class=\"share-twitter\"><a rel=\"nofollow noopener noreferrer\" data-shared=\"sharing-twitter-38738\" class=\"share-twitter sd-button share-icon no-text\" href=\"http:\/\/www.rtvnoticias.com.ar\/?p=38738&amp;share=twitter\" target=\"_blank\" title=\"Haz clic para compartir en Twitter\"><span><\/span><span class=\"sharing-screen-reader-text\">Haz clic para compartir en Twitter (Se abre en una ventana nueva)<\/span><\/a><\/li><li class=\"share-facebook\"><a rel=\"nofollow noopener noreferrer\" data-shared=\"sharing-facebook-38738\" class=\"share-facebook sd-button share-icon no-text\" href=\"http:\/\/www.rtvnoticias.com.ar\/?p=38738&amp;share=facebook\" target=\"_blank\" title=\"Haz clic para compartir en Facebook\"><span><\/span><span class=\"sharing-screen-reader-text\">Haz clic para compartir en Facebook (Se abre en una ventana nueva)<\/span><\/a><\/li><li class=\"share-jetpack-whatsapp\"><a rel=\"nofollow noopener noreferrer\" data-shared=\"\" class=\"share-jetpack-whatsapp sd-button share-icon no-text\" href=\"http:\/\/www.rtvnoticias.com.ar\/?p=38738&amp;share=jetpack-whatsapp\" target=\"_blank\" title=\"Haz clic para compartir en WhatsApp\"><span><\/span><span class=\"sharing-screen-reader-text\">Haz clic para compartir en WhatsApp (Se abre en una ventana nueva)<\/span><\/a><\/li><li class=\"share-telegram\"><a rel=\"nofollow noopener noreferrer\" data-shared=\"\" class=\"share-telegram sd-button share-icon no-text\" href=\"http:\/\/www.rtvnoticias.com.ar\/?p=38738&amp;share=telegram\" target=\"_blank\" title=\"Haz clic para compartir en Telegram\"><span><\/span><span class=\"sharing-screen-reader-text\">Haz clic para compartir en Telegram (Se abre en una ventana nueva)<\/span><\/a><\/li><li class=\"share-end\"><\/li><\/ul><\/div><\/div><\/div>","protected":false},"excerpt":{"rendered":"<p>Tuvo lugar la entrega en esta ciudad de 85 viviendas del IPAV lista para ser habitadas. Del acto participaron autoridades provinciales y municipales, adem\u00e1s de<\/p>\n<div class=\"sharedaddy sd-sharing-enabled\"><div class=\"robots-nocontent sd-block sd-social sd-social-icon sd-sharing\"><h3 class=\"sd-title\">Comparte esto:<\/h3><div class=\"sd-content\"><ul><li class=\"share-twitter\"><a rel=\"nofollow noopener noreferrer\" data-shared=\"sharing-twitter-38738\" class=\"share-twitter sd-button share-icon no-text\" href=\"http:\/\/www.rtvnoticias.com.ar\/?p=38738&amp;share=twitter\" target=\"_blank\" title=\"Haz clic para compartir en Twitter\"><span><\/span><span class=\"sharing-screen-reader-text\">Haz clic para compartir en Twitter (Se abre en una ventana nueva)<\/span><\/a><\/li><li class=\"share-facebook\"><a rel=\"nofollow noopener noreferrer\" data-shared=\"sharing-facebook-38738\" class=\"share-facebook sd-button share-icon no-text\" href=\"http:\/\/www.rtvnoticias.com.ar\/?p=38738&amp;share=facebook\" target=\"_blank\" title=\"Haz clic para compartir en Facebook\"><span><\/span><span class=\"sharing-screen-reader-text\">Haz clic para compartir en Facebook (Se abre en una ventana nueva)<\/span><\/a><\/li><li class=\"share-jetpack-whatsapp\"><a rel=\"nofollow noopener noreferrer\" data-shared=\"\" class=\"share-jetpack-whatsapp sd-button share-icon no-text\" href=\"http:\/\/www.rtvnoticias.com.ar\/?p=38738&amp;share=jetpack-whatsapp\" target=\"_blank\" title=\"Haz clic para compartir en WhatsApp\"><span><\/span><span class=\"sharing-screen-reader-text\">Haz clic para compartir en WhatsApp (Se abre en una ventana nueva)<\/span><\/a><\/li><li class=\"share-telegram\"><a rel=\"nofollow noopener noreferrer\" data-shared=\"\" class=\"share-telegram sd-button share-icon no-text\" href=\"http:\/\/www.rtvnoticias.com.ar\/?p=38738&amp;share=telegram\" target=\"_blank\" title=\"Haz clic para compartir en Telegram\"><span><\/span><span class=\"sharing-screen-reader-text\">Haz clic para compartir en Telegram (Se abre en una ventana nueva)<\/span><\/a><\/li><li class=\"share-end\"><\/li><\/ul><\/div><\/div><\/div>","protected":false},"author":5,"featured_media":38739,"comment_status":"closed","ping_status":"closed","sticky":false,"template":"","format":"standard","meta":{"spay_email":"","jetpack_publicize_message":"","jetpack_is_tweetstorm":false,"jetpack_publicize_feature_enabled":true},"categories":[3],"tags":[4295],"jetpack_featured_media_url":"http:\/\/www.rtvnoticias.com.ar\/wp-content\/uploads\/2023\/09\/viviendas-ipav-2.jpg","jetpack_publicize_connections":[],"jetpack_sharing_enabled":true,"_links":{"self":[{"href":"http:\/\/www.rtvnoticias.com.ar\/index.php?rest_route=\/wp\/v2\/posts\/38738"}],"collection":[{"href":"http:\/\/www.rtvnoticias.com.ar\/index.php?rest_route=\/wp\/v2\/posts"}],"about":[{"href":"http:\/\/www.rtvnoticias.com.ar\/index.php?rest_route=\/wp\/v2\/types\/post"}],"author":[{"embeddable":true,"href":"http:\/\/www.rtvnoticias.com.ar\/index.php?rest_route=\/wp\/v2\/users\/5"}],"replies":[{"embeddable":true,"href":"http:\/\/www.rtvnoticias.com.ar\/index.php?rest_route=%2Fwp%2Fv2%2Fcomments&post=38738"}],"version-history":[{"count":1,"href":"http:\/\/www.rtvnoticias.com.ar\/index.php?rest_route=\/wp\/v2\/posts\/38738\/revisions"}],"predecessor-version":[{"id":38741,"href":"http:\/\/www.rtvnoticias.com.ar\/index.php?rest_route=\/wp\/v2\/posts\/38738\/revisions\/38741"}],"wp:featuredmedia":[{"embeddable":true,"href":"http:\/\/www.rtvnoticias.com.ar\/index.php?rest_route=\/wp\/v2\/media\/38739"}],"wp:attachment":[{"href":"http:\/\/www.rtvnoticias.com.ar\/index.php?rest_route=%2Fwp%2Fv2%2Fmedia&parent=38738"}],"wp:term":[{"taxonomy":"category","embeddable":true,"href":"http:\/\/www.rtvnoticias.com.ar\/index.php?rest_route=%2Fwp%2Fv2%2Fcategories&post=38738"},{"taxonomy":"post_tag","embeddable":true,"href":"http:\/\/www.rtvnoticias.com.ar\/index.php?rest_route=%2Fwp%2Fv2%2Ftags&post=38738"}],"curies":[{"name":"wp","href":"https:\/\/api.w.org\/{rel}","templated":true}]}}