{"id":38812,"date":"2023-10-04T14:15:08","date_gmt":"2023-10-04T17:15:08","guid":{"rendered":"http:\/\/www.rtvnoticias.com.ar\/?p=38812"},"modified":"2023-10-04T14:15:10","modified_gmt":"2023-10-04T17:15:10","slug":"sesiona-el-concejo-deliberante","status":"publish","type":"post","link":"http:\/\/www.rtvnoticias.com.ar\/?p=38812","title":{"rendered":"Sesiona el Concejo Deliberante"},"content":{"rendered":"\n<p>Este mi\u00e9rcoles el presidente del Concejo Deliberante de General Pico, Daniel L\u00f3pez, convoc\u00f3 la comisi\u00f3n de labor parlamentaria para el tratamiento de los expedientes que estar\u00e1n incluidos en el orden del d\u00eda de la d\u00e9cimo s\u00e9ptima sesi\u00f3n ordinaria del a\u00f1o en curso.<\/p>\n\n\n\n<p>Referentes de cada uno de los bloques que conforman el cuerpo deliberativo junto Daniel L\u00f3pez, debatieron los 18 expedientes que este jueves 5 de octubre se pondr\u00e1n a consideraci\u00f3n en lo que ser\u00e1 un nuevo encuentro deliberativo, que tendr\u00e1 lugar a partir de las 8.30 horas en la sala de sesiones denominada Veteranos de Guerra de Malvinas.<\/p>\n\n\n\n<p>Seg\u00fan lo acordado en la comisi\u00f3n los temas que debatir\u00e1n ediles locales son:<\/p>\n\n\n\n<p>1 Acta anterior;<\/p>\n\n\n\n<p>2 Nota Municipal N\u00b0 2179\/23 sobre rendiciones de cuentas y la carpeta de Ingresos y Egresos correspondiente al mes de julio 2023;<\/p>\n\n\n\n<p>3 Nota Municipal N\u00b0 2192\/23 sobre rendiciones de cuentas y la carpeta de Ingresos y Egresos correspondiente al mes de agosto 2023;<\/p>\n\n\n\n<p>4 Expediente Municipal N\u00b0 3935\/23 proyecto de Ordenanza que dispone cambio de sentido de circulaci\u00f3n en barrio El Molino;<\/p>\n\n\n\n<p>5 Expediente Municipal N\u00b0 10557\/23 proyecto de Ordenanza sobre ampliaci\u00f3n del Presupuesto Municipal Ejercicio 2023;<\/p>\n\n\n\n<p>6 Expediente Municipal N\u00b0 10654\/23 proyecto de Ordenanza sobre autorizaci\u00f3n para la aprobaci\u00f3n del Acta Compromiso suscrito entre el Ministerio de Desarrollo Social de la provincia y la Municipalidad de General Pico;<\/p>\n\n\n\n<p>7 Expediente Municipal N\u00b0 10759\/23 proyecto de Ordenanza Autorizaci\u00f3n compra equipamiento Parque de Producci\u00f3n Social;<\/p>\n\n\n\n<p>8 Correspondencia recibida 6999 Colegio M\u00e9dico solicita Denominaci\u00f3n de calle Dr. Ra\u00fal \u201cPichi\u201d Gallego;<\/p>\n\n\n\n<p>9 Correspondencia recibida 7001 Universidad Nacional de La Pampa solicita declarar de inter\u00e9s el Fest UNLPam 65 a\u00f1os defendiendo la educaci\u00f3n p\u00fablica;<\/p>\n\n\n\n<p>10 Despacho de comisi\u00f3n 1 Nota Municipal N\u00b0 2075\/23 demanda judicial con particular contra Municipalidad de General Pico sobre da\u00f1os y perjuicios;<\/p>\n\n\n\n<p>11 Despacho de comisi\u00f3n 1 y 2 Expediente Municipal N\u00b0 8942\/23 proyecto de Ordenanza solicitud renovaci\u00f3n convenio arrendamiento por 83.7 hect\u00e1reas inundadas en inmueble de su propiedad;<\/p>\n\n\n\n<p>12 Despacho de comisi\u00f3n 1 y 2 Expediente Municipal N\u00b0 9211\/23 proyecto de Ordenanza sobre solicitud renovaci\u00f3n convenio arrendamiento por 108 hect\u00e1reas inundadas en inmueble de su propiedad;<\/p>\n\n\n\n<p>13 Despacho de comisi\u00f3n 1 y 2 Expediente Municipal N\u00b0 10102\/23 proyecto de Ordenanza se modificaci\u00f3n art\u00edculo segundo de la Ordenanza 656\/22;<\/p>\n\n\n\n<p>14 Despacho de comisi\u00f3n 1 y 3 Expediente Municipal N\u00b0 13982\/22 proyecto de Ordenanza mejora de alumbrado p\u00fablico calle 119 entre calle 10 y Avenida San Mart\u00edn;<\/p>\n\n\n\n<p>15 Despacho de comisi\u00f3n 1 y 3 Expediente Municipal N\u00b0 4132\/23 proyecto de Ordenanza dispone establecer el cambio de sentido de circulaci\u00f3n de la calle 16 bis entre 111 y 113, de nuestra ciudad;<\/p>\n\n\n\n<p>16 Despacho de comisi\u00f3n 1 y 4 Correspondencia recibida 6983 Club Sportivo Independiente solicita declarar de inter\u00e9s el concurso Asadores Criollos;<\/p>\n\n\n\n<p>17 Despacho de comisi\u00f3n 1 y 6 Correspondencia recibida 6984 Fundaci\u00f3n La Rosa solicita se declare de inter\u00e9s el II Curso de Capacitaci\u00f3n Equinoterapia: de la terapia complementaria a la pr\u00e1ctica de equitaci\u00f3n adaptada;<\/p>\n\n\n\n<p>18 Despacho de comisi\u00f3n 2 Nota Municipal N\u00famero 1811\/23 referente a las Rendiciones de Cuentas y la carpeta de Ingresos y Egresos correspondiente al mes de mayo 2023.<\/p>\n<div class=\"sharedaddy sd-sharing-enabled\"><div class=\"robots-nocontent sd-block sd-social sd-social-icon sd-sharing\"><h3 class=\"sd-title\">Comparte esto:<\/h3><div class=\"sd-content\"><ul><li class=\"share-twitter\"><a rel=\"nofollow noopener noreferrer\" data-shared=\"sharing-twitter-38812\" class=\"share-twitter sd-button share-icon no-text\" href=\"http:\/\/www.rtvnoticias.com.ar\/?p=38812&amp;share=twitter\" target=\"_blank\" title=\"Haz clic para compartir en Twitter\"><span><\/span><span class=\"sharing-screen-reader-text\">Haz clic para compartir en Twitter (Se abre en una ventana nueva)<\/span><\/a><\/li><li class=\"share-facebook\"><a rel=\"nofollow noopener noreferrer\" data-shared=\"sharing-facebook-38812\" class=\"share-facebook sd-button share-icon no-text\" href=\"http:\/\/www.rtvnoticias.com.ar\/?p=38812&amp;share=facebook\" target=\"_blank\" title=\"Haz clic para compartir en Facebook\"><span><\/span><span class=\"sharing-screen-reader-text\">Haz clic para compartir en Facebook (Se abre en una ventana nueva)<\/span><\/a><\/li><li class=\"share-jetpack-whatsapp\"><a rel=\"nofollow noopener noreferrer\" data-shared=\"\" class=\"share-jetpack-whatsapp sd-button share-icon no-text\" href=\"http:\/\/www.rtvnoticias.com.ar\/?p=38812&amp;share=jetpack-whatsapp\" target=\"_blank\" title=\"Haz clic para compartir en WhatsApp\"><span><\/span><span class=\"sharing-screen-reader-text\">Haz clic para compartir en WhatsApp (Se abre en una ventana nueva)<\/span><\/a><\/li><li class=\"share-telegram\"><a rel=\"nofollow noopener noreferrer\" data-shared=\"\" class=\"share-telegram sd-button share-icon no-text\" href=\"http:\/\/www.rtvnoticias.com.ar\/?p=38812&amp;share=telegram\" target=\"_blank\" title=\"Haz clic para compartir en Telegram\"><span><\/span><span class=\"sharing-screen-reader-text\">Haz clic para compartir en Telegram (Se abre en una ventana nueva)<\/span><\/a><\/li><li class=\"share-end\"><\/li><\/ul><\/div><\/div><\/div>","protected":false},"excerpt":{"rendered":"<p>Este mi\u00e9rcoles el presidente del Concejo Deliberante de General Pico, Daniel L\u00f3pez, convoc\u00f3 la comisi\u00f3n de labor parlamentaria para el tratamiento de los expedientes que<\/p>\n<div class=\"sharedaddy sd-sharing-enabled\"><div class=\"robots-nocontent sd-block sd-social sd-social-icon sd-sharing\"><h3 class=\"sd-title\">Comparte esto:<\/h3><div class=\"sd-content\"><ul><li class=\"share-twitter\"><a rel=\"nofollow noopener noreferrer\" data-shared=\"sharing-twitter-38812\" class=\"share-twitter sd-button share-icon no-text\" href=\"http:\/\/www.rtvnoticias.com.ar\/?p=38812&amp;share=twitter\" target=\"_blank\" title=\"Haz clic para compartir en Twitter\"><span><\/span><span class=\"sharing-screen-reader-text\">Haz clic para compartir en Twitter (Se abre en una ventana nueva)<\/span><\/a><\/li><li class=\"share-facebook\"><a rel=\"nofollow noopener noreferrer\" data-shared=\"sharing-facebook-38812\" class=\"share-facebook sd-button share-icon no-text\" href=\"http:\/\/www.rtvnoticias.com.ar\/?p=38812&amp;share=facebook\" target=\"_blank\" title=\"Haz clic para compartir en Facebook\"><span><\/span><span class=\"sharing-screen-reader-text\">Haz clic para compartir en Facebook (Se abre en una ventana nueva)<\/span><\/a><\/li><li class=\"share-jetpack-whatsapp\"><a rel=\"nofollow noopener noreferrer\" data-shared=\"\" class=\"share-jetpack-whatsapp sd-button share-icon no-text\" href=\"http:\/\/www.rtvnoticias.com.ar\/?p=38812&amp;share=jetpack-whatsapp\" target=\"_blank\" title=\"Haz clic para compartir en WhatsApp\"><span><\/span><span class=\"sharing-screen-reader-text\">Haz clic para compartir en WhatsApp (Se abre en una ventana nueva)<\/span><\/a><\/li><li class=\"share-telegram\"><a rel=\"nofollow noopener noreferrer\" data-shared=\"\" class=\"share-telegram sd-button share-icon no-text\" href=\"http:\/\/www.rtvnoticias.com.ar\/?p=38812&amp;share=telegram\" target=\"_blank\" title=\"Haz clic para compartir en Telegram\"><span><\/span><span class=\"sharing-screen-reader-text\">Haz clic para compartir en Telegram (Se abre en una ventana nueva)<\/span><\/a><\/li><li class=\"share-end\"><\/li><\/ul><\/div><\/div><\/div>","protected":false},"author":5,"featured_media":0,"comment_status":"closed","ping_status":"closed","sticky":false,"template":"","format":"standard","meta":{"spay_email":"","jetpack_publicize_message":"","jetpack_is_tweetstorm":false,"jetpack_publicize_feature_enabled":true},"categories":[1],"tags":[],"jetpack_featured_media_url":"","jetpack_publicize_connections":[],"jetpack_sharing_enabled":true,"_links":{"self":[{"href":"http:\/\/www.rtvnoticias.com.ar\/index.php?rest_route=\/wp\/v2\/posts\/38812"}],"collection":[{"href":"http:\/\/www.rtvnoticias.com.ar\/index.php?rest_route=\/wp\/v2\/posts"}],"about":[{"href":"http:\/\/www.rtvnoticias.com.ar\/index.php?rest_route=\/wp\/v2\/types\/post"}],"author":[{"embeddable":true,"href":"http:\/\/www.rtvnoticias.com.ar\/index.php?rest_route=\/wp\/v2\/users\/5"}],"replies":[{"embeddable":true,"href":"http:\/\/www.rtvnoticias.com.ar\/index.php?rest_route=%2Fwp%2Fv2%2Fcomments&post=38812"}],"version-history":[{"count":1,"href":"http:\/\/www.rtvnoticias.com.ar\/index.php?rest_route=\/wp\/v2\/posts\/38812\/revisions"}],"predecessor-version":[{"id":38813,"href":"http:\/\/www.rtvnoticias.com.ar\/index.php?rest_route=\/wp\/v2\/posts\/38812\/revisions\/38813"}],"wp:attachment":[{"href":"http:\/\/www.rtvnoticias.com.ar\/index.php?rest_route=%2Fwp%2Fv2%2Fmedia&parent=38812"}],"wp:term":[{"taxonomy":"category","embeddable":true,"href":"http:\/\/www.rtvnoticias.com.ar\/index.php?rest_route=%2Fwp%2Fv2%2Fcategories&post=38812"},{"taxonomy":"post_tag","embeddable":true,"href":"http:\/\/www.rtvnoticias.com.ar\/index.php?rest_route=%2Fwp%2Fv2%2Ftags&post=38812"}],"curies":[{"name":"wp","href":"https:\/\/api.w.org\/{rel}","templated":true}]}}