{"id":38814,"date":"2023-10-05T02:35:00","date_gmt":"2023-10-05T05:35:00","guid":{"rendered":"http:\/\/www.rtvnoticias.com.ar\/?p=38814"},"modified":"2023-10-04T14:43:30","modified_gmt":"2023-10-04T17:43:30","slug":"feria-provincial-del-libro-en-santa-rosa","status":"publish","type":"post","link":"http:\/\/www.rtvnoticias.com.ar\/?p=38814","title":{"rendered":"Feria Provincial del Libro en Santa Rosa"},"content":{"rendered":"\n<p>Llega al Centro Cultural MEDASUR una nueva edici\u00f3n de la Feria Provincial del Libro con talleres para escuelas, invitados internacionales, charlas, presentaciones de libros y stands con propuestas de m\u00e1s de 50 editoriales. Desde este jueves y hasta el domingo se desarrolla la actividad en MEDASUR de Santa Rosa.<\/p>\n\n\n\n<p>La secretaria de Cultura, Adriana Maggio, junto a todo su equipo de funcionarios y colaboradores dejar\u00e1n oficialmente inaugurada la edici\u00f3n 2023 en un acto que tendr\u00e1 lugar este jueves 5 de octubre a las 9:30, en el auditorio del Centro Cultural MEDASUR. Habr\u00e1 una intervenci\u00f3n de danza a cargo de Pablo Ruggeri y luego se dar\u00e1 apertura a los stands de editoriales.<\/p>\n\n\n\n<p>Las editoriales, junto a los autoras y autores pampeanos, cobran protagonismo en cada edici\u00f3n. Este a\u00f1o m\u00e1s de 50 editoriales llegan con todas sus novedades y propuestas bibliogr\u00e1ficas, m\u00e1s diversidad de talleres y charlas para diferentes niveles educativos y p\u00fablico general.<\/p>\n\n\n\n<p>Quienes deseen participar de estas actividades deben inscribirse a trav\u00e9s del mail direcciondeartistica@gmail.com<\/p>\n\n\n\n<p>Fuerte presencia de editoriales en la Feria del Libro de La Pampa<\/p>\n\n\n\n<p>Desde el jueves 5 y hasta el s\u00e1bado 7 de octubre, adem\u00e1s de ofrecer a la venta todo su material bibliogr\u00e1fico, algunas editoriales proponen e invitan a sumarse a las siguientes charlas y talleres:<\/p>\n\n\n\n<p>Jueves 5 de octubre<\/p>\n\n\n\n<p>10:30 hs<\/p>\n\n\n\n<ul><li>Taller \u201cEspacio de creaci\u00f3n de personajes y juego con telas recicladas\u201d, de la editorial Tela, Papel y Madera. Destinado a nivel Inicial y Primario. Carpa.<\/li><\/ul>\n\n\n\n<p>-Taller \u201c\u00bfC\u00f3mo se hace un libro?\u201d, a cargo de Graciela Fern\u00e1ndez. Destinado a 5\u00b0 y 6\u00b0 grado de nivel Primario. Sala Nervi. Editorial Nub\u00edfero.<\/p>\n\n\n\n<p>14 hs<\/p>\n\n\n\n<ul><li>Taller \u201cCre\u00e1 tu propio libro con im\u00e1genes\u201d, a cargo de Graciela Fern\u00e1ndez. Destinado a nivel Primario. Sala Curadur\u00eda. Editorial Nub\u00edfero.<\/li><\/ul>\n\n\n\n<p>15 hs<\/p>\n\n\n\n<ul><li>Taller de Dibujo y Fanzine, a cargo de Laura Gonz\u00e1lez y Pablo Curutchet. Destinado a estudiantes de arte y p\u00fablico en general. Sala Nervi.<\/li><\/ul>\n\n\n\n<p>18 hs<\/p>\n\n\n\n<p>-Charla sobre proyectos de autopublicaci\u00f3n, a cargo de Laura Gonz\u00e1lez y Pablo Curutchet. Destinado a estudiantes de arte y p\u00fablico en general. Sala Nervi.<\/p>\n\n\n\n<p>A las 19:00 el conversatorio \u201cReciclaje, entre lo Pol\u00edtico y lo Ecofriendly\u201d, a cargo de Szabine Vollenweider de la editorial y espacio art\u00edstico LabichaTrava. Destinado a todo p\u00fablico. Sala Nervi.<\/p>\n\n\n\n<p>Viernes 6 de octubre<\/p>\n\n\n\n<p>10 hs<\/p>\n\n\n\n<p>-Taller \u201cEspacio de creaci\u00f3n de personajes y juego con telas recicladas\u201d, de la editorial Tela, Papel y Madera. Destinado a nivel Inicial y Primario. Carpa.<\/p>\n\n\n\n<p>-Taller \u201cDise\u00f1o de personajes ilustrados\u201d a cargo de Graciela Fern\u00e1ndez. Destinado a 4\u00b0, 5\u00b0 y 6\u00b0 grado de nivel Primario. Sala Curadur\u00eda. Editorial Nub\u00edfero.<\/p>\n\n\n\n<p>14 hs<\/p>\n\n\n\n<p>-Presentaci\u00f3n \u201cHistorias en Kamishibai\u201d, a cargo de Daniela Nobili y Graciela Fern\u00e1ndez. Destinado a nivel Primario. Sala Curadur\u00eda. Editorial Nub\u00edfero.<\/p>\n\n\n\n<p>-Taller de Historieta Autobiogr\u00e1fica, a cargo de Flora M\u00e1rquez y Lejana. Destinado a dibujantes, estudiantes de artes, historietistas, escritores, docentes y p\u00fablico en general. Sala Nervi.<\/p>\n\n\n\n<p>16 hs<\/p>\n\n\n\n<p>Taller \u201cEstructura para fanzines\u201d a cargo de Mar\u00eda Steibel. Destinado a estudiantes de arte y p\u00fablico en general. Sala Nervi. Editorial Enso\u00f1aci\u00f3n.<\/p>\n\n\n\n<p>18 hs <\/p>\n\n\n\n<p>Charla \u201cLibros inclusivos. Literatura infantil con formatos accesibles\u201d a cargo de Fabiana Nolla Portillo. Destinado a docentes, estudiantes de profesorados, padres y p\u00fablico en general. Sala Curadur\u00eda. Editorial Gerbera.<\/p>\n\n\n\n<p><strong>S\u00e1bado 7 de octubre<\/strong><\/p>\n\n\n\n<p>A las 16 se presenta el seminario de edici\u00f3n artesanal \u201cIm\u00e1genes, textos y fotolibros\u201d, a cargo de Fernando Mar\u00edn de Artefacto Casa Editora. Sala Nervi.<\/p>\n\n\n\n<p><strong>Editoriales presentes:<\/strong><\/p>\n\n\n\n<p>Sudestada \/ Mil Botellas \/ La Mariposa y la Iguana \/ Muchas Nueces \/ Madreselva \/ Chirimbote \/ Tinta lim\u00f3n \/ Ediciones en Danza \/ Ediciones del Dock \/ Hilos para poes\u00eda \/ Ediciones de Tela, Papel y Madera \/ Riderchail \/ El Ateneo \/ AZ \/ Libros Silvestres \/ Peque\u00f1o Editor \/ Ralenti \/ Aique \/ Comunicarte \/ Albatros \/ Bettina \/ Panamericana \/ Pipala \/ La Ola \/ Albatros \/ EDUNLPam \/ Del Naranjo \/ Quipu \/ Kalandraka \/ La Coop \/ Abran Cancha \/ L\u00fadico Ediciones \/ Membrillo Encuadernaciones \/ SieteSellos Editorial \/ Gr\u00e1fica 29 de Mayo \/ Bianca Ediciones \/ La Pampa Edita \/ Editorial Voces \/ Gerbera Ediciones \/ A-Marte \/ P\u00e1rrafo aparte \/ Taller Mil Trazos ediciones \/ Nub\u00edfero ediciones \/ La pandilla blanca \/ Cheuque \/ El enigm\u00e1tico Se\u00f1or Afiches \/ Godot \/ Gourmet Musical \/ Sigilo \/ Leteo \/ Barret \/ Ojoreja \/ Prometeo \/ Biblos \/ Enso\u00f1aci\u00f3n \/ Mafia Gusano \/ Magia Totem \/ Artefacto Casa Editora \/ Flora Marquez y Lejana \/ La bichaTrava \/ Deriva Editorial \/ Celeste Villanueva y Manuel Velasco \/ Laura Gonzalez y Pablo Curutchet \/ Revista HB \/ Ediciones Doble Z \/ Caballo Negro \/ Arte a Babor \/ Lenguaje Claro Editora.<\/p>\n\n\n\n<p><strong>Horarios:<\/strong><\/p>\n\n\n\n<p>Jueves 5 y viernes 6 de 9 a 20<\/p>\n\n\n\n<p>S\u00e1bado 7 de 10 a 21<\/p>\n\n\n\n<p>Domingo 8 de 14 a 21<\/p>\n<div class=\"sharedaddy sd-sharing-enabled\"><div class=\"robots-nocontent sd-block sd-social sd-social-icon sd-sharing\"><h3 class=\"sd-title\">Comparte esto:<\/h3><div class=\"sd-content\"><ul><li class=\"share-twitter\"><a rel=\"nofollow noopener noreferrer\" data-shared=\"sharing-twitter-38814\" class=\"share-twitter sd-button share-icon no-text\" href=\"http:\/\/www.rtvnoticias.com.ar\/?p=38814&amp;share=twitter\" target=\"_blank\" title=\"Haz clic para compartir en Twitter\"><span><\/span><span class=\"sharing-screen-reader-text\">Haz clic para compartir en Twitter (Se abre en una ventana nueva)<\/span><\/a><\/li><li class=\"share-facebook\"><a rel=\"nofollow noopener noreferrer\" data-shared=\"sharing-facebook-38814\" class=\"share-facebook sd-button share-icon no-text\" href=\"http:\/\/www.rtvnoticias.com.ar\/?p=38814&amp;share=facebook\" target=\"_blank\" title=\"Haz clic para compartir en Facebook\"><span><\/span><span class=\"sharing-screen-reader-text\">Haz clic para compartir en Facebook (Se abre en una ventana nueva)<\/span><\/a><\/li><li class=\"share-jetpack-whatsapp\"><a rel=\"nofollow noopener noreferrer\" data-shared=\"\" class=\"share-jetpack-whatsapp sd-button share-icon no-text\" href=\"http:\/\/www.rtvnoticias.com.ar\/?p=38814&amp;share=jetpack-whatsapp\" target=\"_blank\" title=\"Haz clic para compartir en WhatsApp\"><span><\/span><span class=\"sharing-screen-reader-text\">Haz clic para compartir en WhatsApp (Se abre en una ventana nueva)<\/span><\/a><\/li><li class=\"share-telegram\"><a rel=\"nofollow noopener noreferrer\" data-shared=\"\" class=\"share-telegram sd-button share-icon no-text\" href=\"http:\/\/www.rtvnoticias.com.ar\/?p=38814&amp;share=telegram\" target=\"_blank\" title=\"Haz clic para compartir en Telegram\"><span><\/span><span class=\"sharing-screen-reader-text\">Haz clic para compartir en Telegram (Se abre en una ventana nueva)<\/span><\/a><\/li><li class=\"share-end\"><\/li><\/ul><\/div><\/div><\/div>","protected":false},"excerpt":{"rendered":"<p>Llega al Centro Cultural MEDASUR una nueva edici\u00f3n de la Feria Provincial del Libro con talleres para escuelas, invitados internacionales, charlas, presentaciones de libros y<\/p>\n<div class=\"sharedaddy sd-sharing-enabled\"><div class=\"robots-nocontent sd-block sd-social sd-social-icon sd-sharing\"><h3 class=\"sd-title\">Comparte esto:<\/h3><div class=\"sd-content\"><ul><li class=\"share-twitter\"><a rel=\"nofollow noopener noreferrer\" data-shared=\"sharing-twitter-38814\" class=\"share-twitter sd-button share-icon no-text\" href=\"http:\/\/www.rtvnoticias.com.ar\/?p=38814&amp;share=twitter\" target=\"_blank\" title=\"Haz clic para compartir en Twitter\"><span><\/span><span class=\"sharing-screen-reader-text\">Haz clic para compartir en Twitter (Se abre en una ventana nueva)<\/span><\/a><\/li><li class=\"share-facebook\"><a rel=\"nofollow noopener noreferrer\" data-shared=\"sharing-facebook-38814\" class=\"share-facebook sd-button share-icon no-text\" href=\"http:\/\/www.rtvnoticias.com.ar\/?p=38814&amp;share=facebook\" target=\"_blank\" title=\"Haz clic para compartir en Facebook\"><span><\/span><span class=\"sharing-screen-reader-text\">Haz clic para compartir en Facebook (Se abre en una ventana nueva)<\/span><\/a><\/li><li class=\"share-jetpack-whatsapp\"><a rel=\"nofollow noopener noreferrer\" data-shared=\"\" class=\"share-jetpack-whatsapp sd-button share-icon no-text\" href=\"http:\/\/www.rtvnoticias.com.ar\/?p=38814&amp;share=jetpack-whatsapp\" target=\"_blank\" title=\"Haz clic para compartir en WhatsApp\"><span><\/span><span class=\"sharing-screen-reader-text\">Haz clic para compartir en WhatsApp (Se abre en una ventana nueva)<\/span><\/a><\/li><li class=\"share-telegram\"><a rel=\"nofollow noopener noreferrer\" data-shared=\"\" class=\"share-telegram sd-button share-icon no-text\" href=\"http:\/\/www.rtvnoticias.com.ar\/?p=38814&amp;share=telegram\" target=\"_blank\" title=\"Haz clic para compartir en Telegram\"><span><\/span><span class=\"sharing-screen-reader-text\">Haz clic para compartir en Telegram (Se abre en una ventana nueva)<\/span><\/a><\/li><li class=\"share-end\"><\/li><\/ul><\/div><\/div><\/div>","protected":false},"author":5,"featured_media":38815,"comment_status":"closed","ping_status":"closed","sticky":false,"template":"","format":"standard","meta":{"spay_email":"","jetpack_publicize_message":"","jetpack_is_tweetstorm":false,"jetpack_publicize_feature_enabled":true},"categories":[4],"tags":[858],"jetpack_featured_media_url":"http:\/\/www.rtvnoticias.com.ar\/wp-content\/uploads\/2023\/10\/libros-feria.jpg","jetpack_publicize_connections":[],"jetpack_sharing_enabled":true,"_links":{"self":[{"href":"http:\/\/www.rtvnoticias.com.ar\/index.php?rest_route=\/wp\/v2\/posts\/38814"}],"collection":[{"href":"http:\/\/www.rtvnoticias.com.ar\/index.php?rest_route=\/wp\/v2\/posts"}],"about":[{"href":"http:\/\/www.rtvnoticias.com.ar\/index.php?rest_route=\/wp\/v2\/types\/post"}],"author":[{"embeddable":true,"href":"http:\/\/www.rtvnoticias.com.ar\/index.php?rest_route=\/wp\/v2\/users\/5"}],"replies":[{"embeddable":true,"href":"http:\/\/www.rtvnoticias.com.ar\/index.php?rest_route=%2Fwp%2Fv2%2Fcomments&post=38814"}],"version-history":[{"count":1,"href":"http:\/\/www.rtvnoticias.com.ar\/index.php?rest_route=\/wp\/v2\/posts\/38814\/revisions"}],"predecessor-version":[{"id":38816,"href":"http:\/\/www.rtvnoticias.com.ar\/index.php?rest_route=\/wp\/v2\/posts\/38814\/revisions\/38816"}],"wp:featuredmedia":[{"embeddable":true,"href":"http:\/\/www.rtvnoticias.com.ar\/index.php?rest_route=\/wp\/v2\/media\/38815"}],"wp:attachment":[{"href":"http:\/\/www.rtvnoticias.com.ar\/index.php?rest_route=%2Fwp%2Fv2%2Fmedia&parent=38814"}],"wp:term":[{"taxonomy":"category","embeddable":true,"href":"http:\/\/www.rtvnoticias.com.ar\/index.php?rest_route=%2Fwp%2Fv2%2Fcategories&post=38814"},{"taxonomy":"post_tag","embeddable":true,"href":"http:\/\/www.rtvnoticias.com.ar\/index.php?rest_route=%2Fwp%2Fv2%2Ftags&post=38814"}],"curies":[{"name":"wp","href":"https:\/\/api.w.org\/{rel}","templated":true}]}}