{"id":38817,"date":"2023-10-04T18:33:00","date_gmt":"2023-10-04T21:33:00","guid":{"rendered":"http:\/\/www.rtvnoticias.com.ar\/?p=38817"},"modified":"2023-10-04T18:33:03","modified_gmt":"2023-10-04T21:33:03","slug":"fernanda-alonso-recibio-a-estudiantes-de-la-epet-no-2-ganadores-con-un-proyecto-en-concurso-nacional-innovar","status":"publish","type":"post","link":"http:\/\/www.rtvnoticias.com.ar\/?p=38817","title":{"rendered":"Fernanda Alonso recibi\u00f3 a estudiantes de la EPET N\u00ba 2 ganadores con un proyecto en Concurso Nacional Innovar"},"content":{"rendered":"\n<p>Estudiantes de la EPET N\u00b0 2 visitaron este mi\u00e9rcoles la sala de reuniones Alberto Amesgaray del Palacio municipal para reunirse con la intendenta municipal, Fernanda Alonso. Ello se dio tras haber sido reconocidos por un proyecto de revalorizaci\u00f3n de neum\u00e1ticos fuera de uso en el Centro Cultural de la Ciencia de Buenos Aires.<\/p>\n\n\n\n<p>La propuesta denominada \u201cPlanta de tratamiento primario del caucho &#8211; molino picador modular\u201d fue ganadora en la categor\u00eda Escuelas T\u00e9cnicas y Agrot\u00e9cnicas de la 18\u00b0 Edici\u00f3n del concurso INNOVAR del Ministerio de Ciencia, Tecnolog\u00eda e Innovaci\u00f3n de la Naci\u00f3n desarrollado del 28 al 30 de septiembre.<\/p>\n\n\n\n<p>Del significativo evento participaron 46 escuelas de todo el pa\u00eds donde las y los piquenses presentaron su prototipo y obtuvieron un reconocimiento por los aportes realizados a la resoluci\u00f3n de problem\u00e1ticas de la comunidad.<\/p>\n\n\n\n<p>En este sentido, las y los chicos de la instituci\u00f3n local llevaron a cabo una m\u00e1quina para disminuir el volumen y permitir la recuperaci\u00f3n de estos elementos usados. La iniciativa no solo busca reducir el impacto ambiental que genera el sector socio productivo sino que alienta la demanda de empleo t\u00e9cnico calificado.<\/p>\n\n\n\n<p>Acompa\u00f1aron a la jefa comunal el secretario de Ambiente y Servicios P\u00fablicos, Alberto Campo; la directora General de Ambiente y Desarrollo Sustentable, Melina Medus; la directora de Gesti\u00f3n Ambiental, Carol Castillo; el director de la instituci\u00f3n, Silvio Villalva; los profesores Fabio Sergio Fern\u00e1ndez, Jos\u00e9 Vigna y Fernando Minetti; alumnos y alumnas.<\/p>\n\n\n\n<p>La mandataria local realiz\u00f3 un intercambio con las y los estudiantes, interioriz\u00e1ndose sobre la iniciativa concretada y la participaci\u00f3n en esta importante presentaci\u00f3n a nivel pa\u00eds. \u201cLos felicito, cuenten con nosotros para lo que necesiten y seguir avanzando en este tipo de propuestas\u201d.<\/p>\n\n\n\n<p>Al finalizar el encuentro, Carol Castillo afirm\u00f3: \u00abEl a\u00f1o pasado buscamos reducir el volumen de los NFU para disminuir los costos de env\u00edo fuera de la provincia para su tratamiento. As\u00ed fue que la EPET N\u00b0 2 se uni\u00f3, logrando alianzas con el municipio, la UTN de La Plata, INTI, FDR y Margar\u00eda Neum\u00e1ticos\u201d.<\/p>\n\n\n\n<p>\u201cLas y los estudiantes de este a\u00f1o redise\u00f1aron y optimizaron el molino original y ya es un prototipo industrial que se puede escalar a producci\u00f3n y podr\u00eda ser parte de la planta regional que tenemos pensada para nuestra ciudad\u201d, a\u00f1adi\u00f3.<\/p>\n\n\n\n<p>Por su parte, Fabio Fern\u00e1ndez explic\u00f3: \u201cEsta idea del molino picador modular surge para plantear soluciones para el traslado, ya que tiene mucho volumen ocioso ya que los fletes son muy caros\u201d.<\/p>\n<div class=\"sharedaddy sd-sharing-enabled\"><div class=\"robots-nocontent sd-block sd-social sd-social-icon sd-sharing\"><h3 class=\"sd-title\">Comparte esto:<\/h3><div class=\"sd-content\"><ul><li class=\"share-twitter\"><a rel=\"nofollow noopener noreferrer\" data-shared=\"sharing-twitter-38817\" class=\"share-twitter sd-button share-icon no-text\" href=\"http:\/\/www.rtvnoticias.com.ar\/?p=38817&amp;share=twitter\" target=\"_blank\" title=\"Haz clic para compartir en Twitter\"><span><\/span><span class=\"sharing-screen-reader-text\">Haz clic para compartir en Twitter (Se abre en una ventana nueva)<\/span><\/a><\/li><li class=\"share-facebook\"><a rel=\"nofollow noopener noreferrer\" data-shared=\"sharing-facebook-38817\" class=\"share-facebook sd-button share-icon no-text\" href=\"http:\/\/www.rtvnoticias.com.ar\/?p=38817&amp;share=facebook\" target=\"_blank\" title=\"Haz clic para compartir en Facebook\"><span><\/span><span class=\"sharing-screen-reader-text\">Haz clic para compartir en Facebook (Se abre en una ventana nueva)<\/span><\/a><\/li><li class=\"share-jetpack-whatsapp\"><a rel=\"nofollow noopener noreferrer\" data-shared=\"\" class=\"share-jetpack-whatsapp sd-button share-icon no-text\" href=\"http:\/\/www.rtvnoticias.com.ar\/?p=38817&amp;share=jetpack-whatsapp\" target=\"_blank\" title=\"Haz clic para compartir en WhatsApp\"><span><\/span><span class=\"sharing-screen-reader-text\">Haz clic para compartir en WhatsApp (Se abre en una ventana nueva)<\/span><\/a><\/li><li class=\"share-telegram\"><a rel=\"nofollow noopener noreferrer\" data-shared=\"\" class=\"share-telegram sd-button share-icon no-text\" href=\"http:\/\/www.rtvnoticias.com.ar\/?p=38817&amp;share=telegram\" target=\"_blank\" title=\"Haz clic para compartir en Telegram\"><span><\/span><span class=\"sharing-screen-reader-text\">Haz clic para compartir en Telegram (Se abre en una ventana nueva)<\/span><\/a><\/li><li class=\"share-end\"><\/li><\/ul><\/div><\/div><\/div>","protected":false},"excerpt":{"rendered":"<p>Estudiantes de la EPET N\u00b0 2 visitaron este mi\u00e9rcoles la sala de reuniones Alberto Amesgaray del Palacio municipal para reunirse con la intendenta municipal, Fernanda<\/p>\n<div class=\"sharedaddy sd-sharing-enabled\"><div class=\"robots-nocontent sd-block sd-social sd-social-icon sd-sharing\"><h3 class=\"sd-title\">Comparte esto:<\/h3><div class=\"sd-content\"><ul><li class=\"share-twitter\"><a rel=\"nofollow noopener noreferrer\" data-shared=\"sharing-twitter-38817\" class=\"share-twitter sd-button share-icon no-text\" href=\"http:\/\/www.rtvnoticias.com.ar\/?p=38817&amp;share=twitter\" target=\"_blank\" title=\"Haz clic para compartir en Twitter\"><span><\/span><span class=\"sharing-screen-reader-text\">Haz clic para compartir en Twitter (Se abre en una ventana nueva)<\/span><\/a><\/li><li class=\"share-facebook\"><a rel=\"nofollow noopener noreferrer\" data-shared=\"sharing-facebook-38817\" class=\"share-facebook sd-button share-icon no-text\" href=\"http:\/\/www.rtvnoticias.com.ar\/?p=38817&amp;share=facebook\" target=\"_blank\" title=\"Haz clic para compartir en Facebook\"><span><\/span><span class=\"sharing-screen-reader-text\">Haz clic para compartir en Facebook (Se abre en una ventana nueva)<\/span><\/a><\/li><li class=\"share-jetpack-whatsapp\"><a rel=\"nofollow noopener noreferrer\" data-shared=\"\" class=\"share-jetpack-whatsapp sd-button share-icon no-text\" href=\"http:\/\/www.rtvnoticias.com.ar\/?p=38817&amp;share=jetpack-whatsapp\" target=\"_blank\" title=\"Haz clic para compartir en WhatsApp\"><span><\/span><span class=\"sharing-screen-reader-text\">Haz clic para compartir en WhatsApp (Se abre en una ventana nueva)<\/span><\/a><\/li><li class=\"share-telegram\"><a rel=\"nofollow noopener noreferrer\" data-shared=\"\" class=\"share-telegram sd-button share-icon no-text\" href=\"http:\/\/www.rtvnoticias.com.ar\/?p=38817&amp;share=telegram\" target=\"_blank\" title=\"Haz clic para compartir en Telegram\"><span><\/span><span class=\"sharing-screen-reader-text\">Haz clic para compartir en Telegram (Se abre en una ventana nueva)<\/span><\/a><\/li><li class=\"share-end\"><\/li><\/ul><\/div><\/div><\/div>","protected":false},"author":5,"featured_media":38818,"comment_status":"closed","ping_status":"closed","sticky":false,"template":"","format":"standard","meta":{"spay_email":"","jetpack_publicize_message":"","jetpack_is_tweetstorm":false,"jetpack_publicize_feature_enabled":true},"categories":[3],"tags":[4309],"jetpack_featured_media_url":"http:\/\/www.rtvnoticias.com.ar\/wp-content\/uploads\/2023\/10\/Fernanda-EPET-21.jpg","jetpack_publicize_connections":[],"jetpack_sharing_enabled":true,"_links":{"self":[{"href":"http:\/\/www.rtvnoticias.com.ar\/index.php?rest_route=\/wp\/v2\/posts\/38817"}],"collection":[{"href":"http:\/\/www.rtvnoticias.com.ar\/index.php?rest_route=\/wp\/v2\/posts"}],"about":[{"href":"http:\/\/www.rtvnoticias.com.ar\/index.php?rest_route=\/wp\/v2\/types\/post"}],"author":[{"embeddable":true,"href":"http:\/\/www.rtvnoticias.com.ar\/index.php?rest_route=\/wp\/v2\/users\/5"}],"replies":[{"embeddable":true,"href":"http:\/\/www.rtvnoticias.com.ar\/index.php?rest_route=%2Fwp%2Fv2%2Fcomments&post=38817"}],"version-history":[{"count":1,"href":"http:\/\/www.rtvnoticias.com.ar\/index.php?rest_route=\/wp\/v2\/posts\/38817\/revisions"}],"predecessor-version":[{"id":38819,"href":"http:\/\/www.rtvnoticias.com.ar\/index.php?rest_route=\/wp\/v2\/posts\/38817\/revisions\/38819"}],"wp:featuredmedia":[{"embeddable":true,"href":"http:\/\/www.rtvnoticias.com.ar\/index.php?rest_route=\/wp\/v2\/media\/38818"}],"wp:attachment":[{"href":"http:\/\/www.rtvnoticias.com.ar\/index.php?rest_route=%2Fwp%2Fv2%2Fmedia&parent=38817"}],"wp:term":[{"taxonomy":"category","embeddable":true,"href":"http:\/\/www.rtvnoticias.com.ar\/index.php?rest_route=%2Fwp%2Fv2%2Fcategories&post=38817"},{"taxonomy":"post_tag","embeddable":true,"href":"http:\/\/www.rtvnoticias.com.ar\/index.php?rest_route=%2Fwp%2Fv2%2Ftags&post=38817"}],"curies":[{"name":"wp","href":"https:\/\/api.w.org\/{rel}","templated":true}]}}