{"id":38868,"date":"2023-10-11T19:59:46","date_gmt":"2023-10-11T22:59:46","guid":{"rendered":"http:\/\/www.rtvnoticias.com.ar\/?p=38868"},"modified":"2023-10-11T20:03:37","modified_gmt":"2023-10-11T23:03:37","slug":"el-presidente-denuncio-a-milei-por-intimidacion-publica-y-el-candidato-dice-que-buscan-proscribir-a-la-fuerza-mas-votada","status":"publish","type":"post","link":"http:\/\/www.rtvnoticias.com.ar\/?p=38868","title":{"rendered":"El Presidente denunci\u00f3 a Milei por \u00abintimidaci\u00f3n p\u00fablica\u00bb y el candidato dice que \u00abbuscan proscribir a la fuerza m\u00e1s votada\u00bb"},"content":{"rendered":"\n<p>En su primera conferencia de prensa, el candidato presidencial de La Libertad Avanza,\u00a0Javier Milei, le respondi\u00f3 este mi\u00e9rcoles a la tarde al presidente Alberto Fern\u00e1ndez, luego de que el primer mandatario lo denunciara por el delito de \u00abintimidaci\u00f3n p\u00fablica\u00bb a causa de sus declaraciones sobre los plazos fijos en pesos, que desaconsej\u00f3 renovar.<\/p>\n\n\n\n<p>\u00abEl kirchnerismo est\u00e1 intentando ensuciar el proceso electoral o, incluso,\u00a0proscribir\u00a0en las elecciones\u00a0a la fuerza m\u00e1s votada, porque saben que estamos a punto de ganar en octubre y terminar con su gobierno de delincuentes para siempre\u00bb, asegur\u00f3 Milei.<\/p>\n\n\n\n<figure class=\"wp-block-image\"><img decoding=\"async\" src=\"https:\/\/www.cadena3.com\/admin\/playerswf\/fotos\/ARCHI_1028439.jpg\" alt=\"\"\/><\/figure>\n\n\n\n<p>El libertario estuvo acompa\u00f1ado durante la conferencia por el candidato a jefe de Gobierno porte\u00f1o del espacio, Ramiro Marra; el postulante a diputado por la provincia de Buenos Aires, Agust\u00edn Romo; la candidata a diputada, Marcela Pagano, y la aspirante a gobernadora bonaerense, Carolina P\u00edparo.<\/p>\n\n\n\n<p>Por otra parte, Milei tambi\u00e9n le respondi\u00f3 al postulante de Uni\u00f3n por la Patria, Sergio Massa, y afirm\u00f3 que \u00e9l deber\u00eda rendir un examen de econom\u00eda para ser ministro.<\/p>\n\n\n\n<p>\u00abSi \u00e9l est\u00e1 pidiendo un examen psicot\u00e9cnico, yo dir\u00eda que, por lo menos, rinda un examen de econom\u00eda para ser ministro\u00bb, resalt\u00f3 Milei, entre risas.<\/p>\n\n\n\n<p>As\u00ed se expres\u00f3 el candidato libertario luego de que Massa afirmara que iba a pedir que a los postulantes, que lleguen al debate del balotaje, se les realice una prueba psicol\u00f3gica.<\/p>\n\n\n\n<p>M\u00e1s temprano, el l\u00edder libertario le hab\u00eda respondido a\u00a0Alberto Fern\u00e1ndez\u00a0luego de que lo denunciara penalmente:\u00a0<strong>\u00abLa <\/strong>casta tiene miedo\u00bb, afirm\u00f3.<\/p>\n\n\n\n<p>La denuncia tambi\u00e9n alcanza al candidato a jefe de Gobierno porte\u00f1o de LLA,\u00a0Ramiro Marra,\u00a0y a Agust\u00edn Romo, candidato a diputado de LLA.<\/p>\n<div class=\"sharedaddy sd-sharing-enabled\"><div class=\"robots-nocontent sd-block sd-social sd-social-icon sd-sharing\"><h3 class=\"sd-title\">Comparte esto:<\/h3><div class=\"sd-content\"><ul><li class=\"share-twitter\"><a rel=\"nofollow noopener noreferrer\" data-shared=\"sharing-twitter-38868\" class=\"share-twitter sd-button share-icon no-text\" href=\"http:\/\/www.rtvnoticias.com.ar\/?p=38868&amp;share=twitter\" target=\"_blank\" title=\"Haz clic para compartir en Twitter\"><span><\/span><span class=\"sharing-screen-reader-text\">Haz clic para compartir en Twitter (Se abre en una ventana nueva)<\/span><\/a><\/li><li class=\"share-facebook\"><a rel=\"nofollow noopener noreferrer\" data-shared=\"sharing-facebook-38868\" class=\"share-facebook sd-button share-icon no-text\" href=\"http:\/\/www.rtvnoticias.com.ar\/?p=38868&amp;share=facebook\" target=\"_blank\" title=\"Haz clic para compartir en Facebook\"><span><\/span><span class=\"sharing-screen-reader-text\">Haz clic para compartir en Facebook (Se abre en una ventana nueva)<\/span><\/a><\/li><li class=\"share-jetpack-whatsapp\"><a rel=\"nofollow noopener noreferrer\" data-shared=\"\" class=\"share-jetpack-whatsapp sd-button share-icon no-text\" href=\"http:\/\/www.rtvnoticias.com.ar\/?p=38868&amp;share=jetpack-whatsapp\" target=\"_blank\" title=\"Haz clic para compartir en WhatsApp\"><span><\/span><span class=\"sharing-screen-reader-text\">Haz clic para compartir en WhatsApp (Se abre en una ventana nueva)<\/span><\/a><\/li><li class=\"share-telegram\"><a rel=\"nofollow noopener noreferrer\" data-shared=\"\" class=\"share-telegram sd-button share-icon no-text\" href=\"http:\/\/www.rtvnoticias.com.ar\/?p=38868&amp;share=telegram\" target=\"_blank\" title=\"Haz clic para compartir en Telegram\"><span><\/span><span class=\"sharing-screen-reader-text\">Haz clic para compartir en Telegram (Se abre en una ventana nueva)<\/span><\/a><\/li><li class=\"share-end\"><\/li><\/ul><\/div><\/div><\/div>","protected":false},"excerpt":{"rendered":"<p>En su primera conferencia de prensa, el candidato presidencial de La Libertad Avanza,\u00a0Javier Milei, le respondi\u00f3 este mi\u00e9rcoles a la tarde al presidente Alberto Fern\u00e1ndez,<\/p>\n<div class=\"sharedaddy sd-sharing-enabled\"><div class=\"robots-nocontent sd-block sd-social sd-social-icon sd-sharing\"><h3 class=\"sd-title\">Comparte esto:<\/h3><div class=\"sd-content\"><ul><li class=\"share-twitter\"><a rel=\"nofollow noopener noreferrer\" data-shared=\"sharing-twitter-38868\" class=\"share-twitter sd-button share-icon no-text\" href=\"http:\/\/www.rtvnoticias.com.ar\/?p=38868&amp;share=twitter\" target=\"_blank\" title=\"Haz clic para compartir en Twitter\"><span><\/span><span class=\"sharing-screen-reader-text\">Haz clic para compartir en Twitter (Se abre en una ventana nueva)<\/span><\/a><\/li><li class=\"share-facebook\"><a rel=\"nofollow noopener noreferrer\" data-shared=\"sharing-facebook-38868\" class=\"share-facebook sd-button share-icon no-text\" href=\"http:\/\/www.rtvnoticias.com.ar\/?p=38868&amp;share=facebook\" target=\"_blank\" title=\"Haz clic para compartir en Facebook\"><span><\/span><span class=\"sharing-screen-reader-text\">Haz clic para compartir en Facebook (Se abre en una ventana nueva)<\/span><\/a><\/li><li class=\"share-jetpack-whatsapp\"><a rel=\"nofollow noopener noreferrer\" data-shared=\"\" class=\"share-jetpack-whatsapp sd-button share-icon no-text\" href=\"http:\/\/www.rtvnoticias.com.ar\/?p=38868&amp;share=jetpack-whatsapp\" target=\"_blank\" title=\"Haz clic para compartir en WhatsApp\"><span><\/span><span class=\"sharing-screen-reader-text\">Haz clic para compartir en WhatsApp (Se abre en una ventana nueva)<\/span><\/a><\/li><li class=\"share-telegram\"><a rel=\"nofollow noopener noreferrer\" data-shared=\"\" class=\"share-telegram sd-button share-icon no-text\" href=\"http:\/\/www.rtvnoticias.com.ar\/?p=38868&amp;share=telegram\" target=\"_blank\" title=\"Haz clic para compartir en Telegram\"><span><\/span><span class=\"sharing-screen-reader-text\">Haz clic para compartir en Telegram (Se abre en una ventana nueva)<\/span><\/a><\/li><li class=\"share-end\"><\/li><\/ul><\/div><\/div><\/div>","protected":false},"author":5,"featured_media":38869,"comment_status":"closed","ping_status":"closed","sticky":false,"template":"","format":"standard","meta":{"spay_email":"","jetpack_publicize_message":"","jetpack_is_tweetstorm":false,"jetpack_publicize_feature_enabled":true},"categories":[5],"tags":[4318],"jetpack_featured_media_url":"http:\/\/www.rtvnoticias.com.ar\/wp-content\/uploads\/2023\/10\/milei.jpg","jetpack_publicize_connections":[],"jetpack_sharing_enabled":true,"_links":{"self":[{"href":"http:\/\/www.rtvnoticias.com.ar\/index.php?rest_route=\/wp\/v2\/posts\/38868"}],"collection":[{"href":"http:\/\/www.rtvnoticias.com.ar\/index.php?rest_route=\/wp\/v2\/posts"}],"about":[{"href":"http:\/\/www.rtvnoticias.com.ar\/index.php?rest_route=\/wp\/v2\/types\/post"}],"author":[{"embeddable":true,"href":"http:\/\/www.rtvnoticias.com.ar\/index.php?rest_route=\/wp\/v2\/users\/5"}],"replies":[{"embeddable":true,"href":"http:\/\/www.rtvnoticias.com.ar\/index.php?rest_route=%2Fwp%2Fv2%2Fcomments&post=38868"}],"version-history":[{"count":2,"href":"http:\/\/www.rtvnoticias.com.ar\/index.php?rest_route=\/wp\/v2\/posts\/38868\/revisions"}],"predecessor-version":[{"id":38871,"href":"http:\/\/www.rtvnoticias.com.ar\/index.php?rest_route=\/wp\/v2\/posts\/38868\/revisions\/38871"}],"wp:featuredmedia":[{"embeddable":true,"href":"http:\/\/www.rtvnoticias.com.ar\/index.php?rest_route=\/wp\/v2\/media\/38869"}],"wp:attachment":[{"href":"http:\/\/www.rtvnoticias.com.ar\/index.php?rest_route=%2Fwp%2Fv2%2Fmedia&parent=38868"}],"wp:term":[{"taxonomy":"category","embeddable":true,"href":"http:\/\/www.rtvnoticias.com.ar\/index.php?rest_route=%2Fwp%2Fv2%2Fcategories&post=38868"},{"taxonomy":"post_tag","embeddable":true,"href":"http:\/\/www.rtvnoticias.com.ar\/index.php?rest_route=%2Fwp%2Fv2%2Ftags&post=38868"}],"curies":[{"name":"wp","href":"https:\/\/api.w.org\/{rel}","templated":true}]}}