{"id":38892,"date":"2023-10-16T14:50:10","date_gmt":"2023-10-16T17:50:10","guid":{"rendered":"http:\/\/www.rtvnoticias.com.ar\/?p=38892"},"modified":"2023-10-16T14:50:13","modified_gmt":"2023-10-16T17:50:13","slug":"pre-selectivo-del-pico-cumple-con-mas-de-700-artistas","status":"publish","type":"post","link":"http:\/\/www.rtvnoticias.com.ar\/?p=38892","title":{"rendered":"Pre Selectivo del Pico Cumple con m\u00e1s de 700 artistas"},"content":{"rendered":"\n<figure class=\"wp-block-image size-large\"><img data-attachment-id=\"38893\" data-permalink=\"http:\/\/www.rtvnoticias.com.ar\/?attachment_id=38893\" data-orig-file=\"http:\/\/www.rtvnoticias.com.ar\/wp-content\/uploads\/2023\/10\/04146659-B742-4E45-A1C9-220BC74C8BF0.jpeg\" data-orig-size=\"640,426\" data-comments-opened=\"0\" data-image-meta=\"{&quot;aperture&quot;:&quot;0&quot;,&quot;credit&quot;:&quot;&quot;,&quot;camera&quot;:&quot;&quot;,&quot;caption&quot;:&quot;&quot;,&quot;created_timestamp&quot;:&quot;0&quot;,&quot;copyright&quot;:&quot;&quot;,&quot;focal_length&quot;:&quot;0&quot;,&quot;iso&quot;:&quot;0&quot;,&quot;shutter_speed&quot;:&quot;0&quot;,&quot;title&quot;:&quot;&quot;,&quot;orientation&quot;:&quot;1&quot;}\" data-image-title=\"04146659-B742-4E45-A1C9-220BC74C8BF0\" data-image-description=\"\" data-image-caption=\"\" data-medium-file=\"http:\/\/www.rtvnoticias.com.ar\/wp-content\/uploads\/2023\/10\/04146659-B742-4E45-A1C9-220BC74C8BF0-300x200.jpeg\" data-large-file=\"http:\/\/www.rtvnoticias.com.ar\/wp-content\/uploads\/2023\/10\/04146659-B742-4E45-A1C9-220BC74C8BF0.jpeg\" decoding=\"async\" loading=\"lazy\" width=\"640\" height=\"426\" src=\"http:\/\/www.rtvnoticias.com.ar\/wp-content\/uploads\/2023\/10\/04146659-B742-4E45-A1C9-220BC74C8BF0.jpeg\" alt=\"\" class=\"wp-image-38893\" srcset=\"http:\/\/www.rtvnoticias.com.ar\/wp-content\/uploads\/2023\/10\/04146659-B742-4E45-A1C9-220BC74C8BF0.jpeg 640w, http:\/\/www.rtvnoticias.com.ar\/wp-content\/uploads\/2023\/10\/04146659-B742-4E45-A1C9-220BC74C8BF0-300x200.jpeg 300w\" sizes=\"(max-width: 640px) 100vw, 640px\" \/><\/figure>\n\n\n\n<p>Con el objetivo de realizar la celebraci\u00f3n del 118\u00b0 Aniversario de nuestra ciudad, el domingo durante todo el d\u00eda tuvo lugar el certamen Pre Selectivo en El Viejo Galp\u00f3n con m\u00e1s de 68 inscriptos, 15 de los cuales integrar\u00e1n la grilla del esperado Festival Pico Cumple. El evento cont\u00f3 con la presencia de la intendenta municipal, Fernanda Alonso.<\/p>\n\n\n\n<p>La instancia de selecci\u00f3n busc\u00f3 reconocer el talento de artistas locales y provinciales que formar\u00e1n parte del escenario mayor el 10, 11 y&nbsp;12 de noviembre. La categor\u00eda danza tendr\u00e1 seis representantes en escena: Tango Misterio, Academia Guarda Pampa, Syncro, Ballet Mishkilla, Ra\u00edces del alma y Tai\u00f1 Quinan.&nbsp;<\/p>\n\n\n\n<p>De la misma manera, y en cuanto a solistas y conjuntos musicales, las y los nueve finalistas son Fernando C\u00f3rdoba, Jesica Peralta, At\u00edpica Pampa, 5pa2, la Don Peralta, Yaperos, Nadia Nicole Toy, Grupal Utop\u00eda y Daniel Gonz\u00e1lez.<\/p>\n\n\n\n<p>Asimismo, recibieron menciones especiales a \u201clos mejores participantes\u201d Agua Mercurio y la Orquesta General Milonga.<\/p>\n\n\n\n<p>A fin de garantizar la transparencia del certamen, el jurado estuvo integrado por Cristian Alexis Ledesma, bailar\u00edn, core\u00f3grafo y asistente del Ballet Folkl\u00f3rico Nacional; la core\u00f3grafa y docente, Victoria Rosario Galoto; y los m\u00fasicos Sebasti\u00e1n Palacios y Eli Fern\u00e1ndez.<\/p>\n\n\n\n<p>En relaci\u00f3n a la modalidad llevada adelante, el director de Cultura, Mat\u00edas Rach indic\u00f3: \u00abEs un hito en la ciudad porque hoy tuvimos alrededor de 700 artistas, es una acci\u00f3n de participaci\u00f3n ciudadana muy importante. Queremos que cada d\u00eda sea m\u00e1s \u00e1gil, claro y con igualdad de condiciones. Esta es una actividad que no ser\u00eda posible sin un Estado presente\u201d.<\/p>\n\n\n\n<p>\u201cNuestra premisa es la jerarquizaci\u00f3n y la profesionalizaci\u00f3n del arte, porque el del artista es un trabajo como cualquier otro. Pensar esto al principio de la gesti\u00f3n hubiese sido imposible, pero a lo largo de estos cuatro a\u00f1os hemos implementado diversos dispositivos que nos trajeron a este Pre Selectivo, y sobre todas las cosas siempre tuvimos claridad y democracia al momento de la elecci\u00f3n de las y los artistas\u201d a\u00f1adi\u00f3 Rach.&nbsp;&nbsp;<\/p>\n\n\n\n<p>De la misma manera prosigui\u00f3: \u201cA partir de ah\u00ed pensamos c\u00f3mo hacer un Pre Selectivo si en La Pampa no ten\u00edamos todav\u00eda una escuela o un conservatorio de m\u00fasica y danza, por eso fuimos a Buenos Aires y hoy el Centro Cultural Marac\u00f3 es sede de la Universidad Nacional de Las Artes\u201d.<\/p>\n\n\n\n<p>\u201cVamos a comenzar con tres tecnicaturas en m\u00fasica, dos en danza y dos diplomaturas en teatro. Ma\u00f1ana inauguramos una Sala de Artes Esc\u00e9nicas porque desde el Estado nos hemos encargado de garantizar el acceso a la educaci\u00f3n art\u00edstica, igualando condiciones con cualquier artista del resto del pa\u00eds\u201d concluy\u00f3 el funcionario.<\/p>\n\n\n\n<p>Adem\u00e1s del reconocimiento p\u00fablico y su presentaci\u00f3n en el Festival Pico Cumple, las y los 15 artistas seleccionados obtendr\u00e1n un cachet de $400.000 y el derecho a competir por el premio Revelaci\u00f3n, pase directo a su participaci\u00f3n en la pr\u00f3xima edici\u00f3n del Festival en noviembre del 2024.<\/p>\n<div class=\"sharedaddy sd-sharing-enabled\"><div class=\"robots-nocontent sd-block sd-social sd-social-icon sd-sharing\"><h3 class=\"sd-title\">Comparte esto:<\/h3><div class=\"sd-content\"><ul><li class=\"share-twitter\"><a rel=\"nofollow noopener noreferrer\" data-shared=\"sharing-twitter-38892\" class=\"share-twitter sd-button share-icon no-text\" href=\"http:\/\/www.rtvnoticias.com.ar\/?p=38892&amp;share=twitter\" target=\"_blank\" title=\"Haz clic para compartir en Twitter\"><span><\/span><span class=\"sharing-screen-reader-text\">Haz clic para compartir en Twitter (Se abre en una ventana nueva)<\/span><\/a><\/li><li class=\"share-facebook\"><a rel=\"nofollow noopener noreferrer\" data-shared=\"sharing-facebook-38892\" class=\"share-facebook sd-button share-icon no-text\" href=\"http:\/\/www.rtvnoticias.com.ar\/?p=38892&amp;share=facebook\" target=\"_blank\" title=\"Haz clic para compartir en Facebook\"><span><\/span><span class=\"sharing-screen-reader-text\">Haz clic para compartir en Facebook (Se abre en una ventana nueva)<\/span><\/a><\/li><li class=\"share-jetpack-whatsapp\"><a rel=\"nofollow noopener noreferrer\" data-shared=\"\" class=\"share-jetpack-whatsapp sd-button share-icon no-text\" href=\"http:\/\/www.rtvnoticias.com.ar\/?p=38892&amp;share=jetpack-whatsapp\" target=\"_blank\" title=\"Haz clic para compartir en WhatsApp\"><span><\/span><span class=\"sharing-screen-reader-text\">Haz clic para compartir en WhatsApp (Se abre en una ventana nueva)<\/span><\/a><\/li><li class=\"share-telegram\"><a rel=\"nofollow noopener noreferrer\" data-shared=\"\" class=\"share-telegram sd-button share-icon no-text\" href=\"http:\/\/www.rtvnoticias.com.ar\/?p=38892&amp;share=telegram\" target=\"_blank\" title=\"Haz clic para compartir en Telegram\"><span><\/span><span class=\"sharing-screen-reader-text\">Haz clic para compartir en Telegram (Se abre en una ventana nueva)<\/span><\/a><\/li><li class=\"share-end\"><\/li><\/ul><\/div><\/div><\/div>","protected":false},"excerpt":{"rendered":"<p>Con el objetivo de realizar la celebraci\u00f3n del 118\u00b0 Aniversario de nuestra ciudad, el domingo durante todo el d\u00eda tuvo lugar el certamen Pre Selectivo<\/p>\n<div class=\"sharedaddy sd-sharing-enabled\"><div class=\"robots-nocontent sd-block sd-social sd-social-icon sd-sharing\"><h3 class=\"sd-title\">Comparte esto:<\/h3><div class=\"sd-content\"><ul><li class=\"share-twitter\"><a rel=\"nofollow noopener noreferrer\" data-shared=\"sharing-twitter-38892\" class=\"share-twitter sd-button share-icon no-text\" href=\"http:\/\/www.rtvnoticias.com.ar\/?p=38892&amp;share=twitter\" target=\"_blank\" title=\"Haz clic para compartir en Twitter\"><span><\/span><span class=\"sharing-screen-reader-text\">Haz clic para compartir en Twitter (Se abre en una ventana nueva)<\/span><\/a><\/li><li class=\"share-facebook\"><a rel=\"nofollow noopener noreferrer\" data-shared=\"sharing-facebook-38892\" class=\"share-facebook sd-button share-icon no-text\" href=\"http:\/\/www.rtvnoticias.com.ar\/?p=38892&amp;share=facebook\" target=\"_blank\" title=\"Haz clic para compartir en Facebook\"><span><\/span><span class=\"sharing-screen-reader-text\">Haz clic para compartir en Facebook (Se abre en una ventana nueva)<\/span><\/a><\/li><li class=\"share-jetpack-whatsapp\"><a rel=\"nofollow noopener noreferrer\" data-shared=\"\" class=\"share-jetpack-whatsapp sd-button share-icon no-text\" href=\"http:\/\/www.rtvnoticias.com.ar\/?p=38892&amp;share=jetpack-whatsapp\" target=\"_blank\" title=\"Haz clic para compartir en WhatsApp\"><span><\/span><span class=\"sharing-screen-reader-text\">Haz clic para compartir en WhatsApp (Se abre en una ventana nueva)<\/span><\/a><\/li><li class=\"share-telegram\"><a rel=\"nofollow noopener noreferrer\" data-shared=\"\" class=\"share-telegram sd-button share-icon no-text\" href=\"http:\/\/www.rtvnoticias.com.ar\/?p=38892&amp;share=telegram\" target=\"_blank\" title=\"Haz clic para compartir en Telegram\"><span><\/span><span class=\"sharing-screen-reader-text\">Haz clic para compartir en Telegram (Se abre en una ventana nueva)<\/span><\/a><\/li><li class=\"share-end\"><\/li><\/ul><\/div><\/div><\/div>","protected":false},"author":5,"featured_media":0,"comment_status":"closed","ping_status":"closed","sticky":false,"template":"","format":"standard","meta":{"spay_email":"","jetpack_publicize_message":"","jetpack_is_tweetstorm":false,"jetpack_publicize_feature_enabled":true},"categories":[1],"tags":[],"jetpack_featured_media_url":"","jetpack_publicize_connections":[],"jetpack_sharing_enabled":true,"_links":{"self":[{"href":"http:\/\/www.rtvnoticias.com.ar\/index.php?rest_route=\/wp\/v2\/posts\/38892"}],"collection":[{"href":"http:\/\/www.rtvnoticias.com.ar\/index.php?rest_route=\/wp\/v2\/posts"}],"about":[{"href":"http:\/\/www.rtvnoticias.com.ar\/index.php?rest_route=\/wp\/v2\/types\/post"}],"author":[{"embeddable":true,"href":"http:\/\/www.rtvnoticias.com.ar\/index.php?rest_route=\/wp\/v2\/users\/5"}],"replies":[{"embeddable":true,"href":"http:\/\/www.rtvnoticias.com.ar\/index.php?rest_route=%2Fwp%2Fv2%2Fcomments&post=38892"}],"version-history":[{"count":1,"href":"http:\/\/www.rtvnoticias.com.ar\/index.php?rest_route=\/wp\/v2\/posts\/38892\/revisions"}],"predecessor-version":[{"id":38894,"href":"http:\/\/www.rtvnoticias.com.ar\/index.php?rest_route=\/wp\/v2\/posts\/38892\/revisions\/38894"}],"wp:attachment":[{"href":"http:\/\/www.rtvnoticias.com.ar\/index.php?rest_route=%2Fwp%2Fv2%2Fmedia&parent=38892"}],"wp:term":[{"taxonomy":"category","embeddable":true,"href":"http:\/\/www.rtvnoticias.com.ar\/index.php?rest_route=%2Fwp%2Fv2%2Fcategories&post=38892"},{"taxonomy":"post_tag","embeddable":true,"href":"http:\/\/www.rtvnoticias.com.ar\/index.php?rest_route=%2Fwp%2Fv2%2Ftags&post=38892"}],"curies":[{"name":"wp","href":"https:\/\/api.w.org\/{rel}","templated":true}]}}