{"id":38900,"date":"2023-10-17T10:53:41","date_gmt":"2023-10-17T13:53:41","guid":{"rendered":"http:\/\/www.rtvnoticias.com.ar\/?p=38900"},"modified":"2023-10-17T10:53:45","modified_gmt":"2023-10-17T13:53:45","slug":"se-promulgo-la-nueva-ley-de-alquileres-comenzara-a-regir-desde-este-miercoles","status":"publish","type":"post","link":"http:\/\/www.rtvnoticias.com.ar\/?p=38900","title":{"rendered":"Se promulg\u00f3 la nueva Ley de Alquileres: comenzar\u00e1 a regir desde este mi\u00e9rcoles"},"content":{"rendered":"\n<p>A trav\u00e9s del Decreto 533\/2023, publicado este martes en el Bolet\u00edn Oficial, el Gobierno&nbsp;promulg\u00f3 la nueva Ley de Alquileres que busca dar certidumbre a millones de inquilinos que reclaman desde hace a\u00f1os por la problem\u00e1tica habitacional que se ve agravada por la profunda crisis econ\u00f3mica.<\/p>\n\n\n\n<p>La norma comenzar\u00e1 a regir desde este mi\u00e9rcoles. Busca poner fin a una pr\u00e1ctica que se volvi\u00f3 com\u00fan en los \u00faltimos meses: los alquileres en d\u00f3lares. Establece que el precio debe expresarse en moneda nacional, y que la publicidad de propiedades para alquilar no podr\u00e1 mencionar otra moneda que no sea el peso argentino.<\/p>\n\n\n\n<p>En cuanto a la actualizaci\u00f3n de los alquileres, se introduce un cambio significativo. A diferencia de la ley anterior, que permit\u00eda un \u00fanico ajuste anual, la reforma dispone que las actualizaciones se llevar\u00e1n a cabo cada seis meses. En consecuencia, los inquilinos pueden esperar dos incrementos de precio al a\u00f1o en lugar de uno.<\/p>\n\n\n\n<p><strong>\u00bfC\u00f3mo calcular el nuevo valor del alquiler?<\/strong><\/p>\n\n\n\n<p>&#8211; Ingresar a la web oficial de Casa Propia en argentina.gob.ar para ver los \u00faltimos datos del \u00edndice.<\/p>\n\n\n\n<p>&#8211; Multiplicar los valores del semestre que se quiera calcular.<\/p>\n\n\n\n<p>&#8211; Multiplicar el resultado por el monto del alquiler actual.<\/p>\n\n\n\n<p>Por ejemplo, si el inquilino hubiese firmado su contrato en enero de 2023, para saber cu\u00e1nto tendr\u00eda que pagar en julio, debe tomar el \u00edndice de febrero y multiplicarlo por el de marzo, el resultado multiplicarlo por el de abril y as\u00ed mes a mes hasta julio.<\/p>\n\n\n\n<p>El resultado de ese c\u00e1lculo da 1,34594 y, a ese n\u00famero, se lo multiplica por el valor del alquiler para saber de cu\u00e1nto ser\u00e1 el aumento. De esta manera, con los datos de enero a julio de 2023, un alquiler con un valor de $100.000 quedar\u00eda en $134.594 si se actualiza de forma semestral con los datos del \u00edndice Casa Propia, lo que representa un incremento de 34,6%.<\/p>\n\n\n\n<p>Hasta noviembre (\u00faltimo mes disponible) el \u00edndice Casa Propia se increment\u00f3 69%, contra una inflaci\u00f3n interanual (la nueva ley establece que hay que considerar el promedio de los \u00faltimos 12 meses) de 138,3% a septiembre.<\/p>\n\n\n\n<p>De acuerdo con el \u00edndice \u00cdndice de Contratos de Locaci\u00f3n (ICL), utilizado en la ley actual, hasta octubre el incremento anual ascendi\u00f3 a 118%, por lo que un alquiler de $100.000, a fin de a\u00f1o superar\u00eda ampliamente los $ 220.000.<\/p>\n<div class=\"sharedaddy sd-sharing-enabled\"><div class=\"robots-nocontent sd-block sd-social sd-social-icon sd-sharing\"><h3 class=\"sd-title\">Comparte esto:<\/h3><div class=\"sd-content\"><ul><li class=\"share-twitter\"><a rel=\"nofollow noopener noreferrer\" data-shared=\"sharing-twitter-38900\" class=\"share-twitter sd-button share-icon no-text\" href=\"http:\/\/www.rtvnoticias.com.ar\/?p=38900&amp;share=twitter\" target=\"_blank\" title=\"Haz clic para compartir en Twitter\"><span><\/span><span class=\"sharing-screen-reader-text\">Haz clic para compartir en Twitter (Se abre en una ventana nueva)<\/span><\/a><\/li><li class=\"share-facebook\"><a rel=\"nofollow noopener noreferrer\" data-shared=\"sharing-facebook-38900\" class=\"share-facebook sd-button share-icon no-text\" href=\"http:\/\/www.rtvnoticias.com.ar\/?p=38900&amp;share=facebook\" target=\"_blank\" title=\"Haz clic para compartir en Facebook\"><span><\/span><span class=\"sharing-screen-reader-text\">Haz clic para compartir en Facebook (Se abre en una ventana nueva)<\/span><\/a><\/li><li class=\"share-jetpack-whatsapp\"><a rel=\"nofollow noopener noreferrer\" data-shared=\"\" class=\"share-jetpack-whatsapp sd-button share-icon no-text\" href=\"http:\/\/www.rtvnoticias.com.ar\/?p=38900&amp;share=jetpack-whatsapp\" target=\"_blank\" title=\"Haz clic para compartir en WhatsApp\"><span><\/span><span class=\"sharing-screen-reader-text\">Haz clic para compartir en WhatsApp (Se abre en una ventana nueva)<\/span><\/a><\/li><li class=\"share-telegram\"><a rel=\"nofollow noopener noreferrer\" data-shared=\"\" class=\"share-telegram sd-button share-icon no-text\" href=\"http:\/\/www.rtvnoticias.com.ar\/?p=38900&amp;share=telegram\" target=\"_blank\" title=\"Haz clic para compartir en Telegram\"><span><\/span><span class=\"sharing-screen-reader-text\">Haz clic para compartir en Telegram (Se abre en una ventana nueva)<\/span><\/a><\/li><li class=\"share-end\"><\/li><\/ul><\/div><\/div><\/div>","protected":false},"excerpt":{"rendered":"<p>A trav\u00e9s del Decreto 533\/2023, publicado este martes en el Bolet\u00edn Oficial, el Gobierno&nbsp;promulg\u00f3 la nueva Ley de Alquileres que busca dar certidumbre a millones<\/p>\n<div class=\"sharedaddy sd-sharing-enabled\"><div class=\"robots-nocontent sd-block sd-social sd-social-icon sd-sharing\"><h3 class=\"sd-title\">Comparte esto:<\/h3><div class=\"sd-content\"><ul><li class=\"share-twitter\"><a rel=\"nofollow noopener noreferrer\" data-shared=\"sharing-twitter-38900\" class=\"share-twitter sd-button share-icon no-text\" href=\"http:\/\/www.rtvnoticias.com.ar\/?p=38900&amp;share=twitter\" target=\"_blank\" title=\"Haz clic para compartir en Twitter\"><span><\/span><span class=\"sharing-screen-reader-text\">Haz clic para compartir en Twitter (Se abre en una ventana nueva)<\/span><\/a><\/li><li class=\"share-facebook\"><a rel=\"nofollow noopener noreferrer\" data-shared=\"sharing-facebook-38900\" class=\"share-facebook sd-button share-icon no-text\" href=\"http:\/\/www.rtvnoticias.com.ar\/?p=38900&amp;share=facebook\" target=\"_blank\" title=\"Haz clic para compartir en Facebook\"><span><\/span><span class=\"sharing-screen-reader-text\">Haz clic para compartir en Facebook (Se abre en una ventana nueva)<\/span><\/a><\/li><li class=\"share-jetpack-whatsapp\"><a rel=\"nofollow noopener noreferrer\" data-shared=\"\" class=\"share-jetpack-whatsapp sd-button share-icon no-text\" href=\"http:\/\/www.rtvnoticias.com.ar\/?p=38900&amp;share=jetpack-whatsapp\" target=\"_blank\" title=\"Haz clic para compartir en WhatsApp\"><span><\/span><span class=\"sharing-screen-reader-text\">Haz clic para compartir en WhatsApp (Se abre en una ventana nueva)<\/span><\/a><\/li><li class=\"share-telegram\"><a rel=\"nofollow noopener noreferrer\" data-shared=\"\" class=\"share-telegram sd-button share-icon no-text\" href=\"http:\/\/www.rtvnoticias.com.ar\/?p=38900&amp;share=telegram\" target=\"_blank\" title=\"Haz clic para compartir en Telegram\"><span><\/span><span class=\"sharing-screen-reader-text\">Haz clic para compartir en Telegram (Se abre en una ventana nueva)<\/span><\/a><\/li><li class=\"share-end\"><\/li><\/ul><\/div><\/div><\/div>","protected":false},"author":5,"featured_media":0,"comment_status":"closed","ping_status":"closed","sticky":false,"template":"","format":"standard","meta":{"spay_email":"","jetpack_publicize_message":"","jetpack_is_tweetstorm":false,"jetpack_publicize_feature_enabled":true},"categories":[5],"tags":[2992],"jetpack_featured_media_url":"","jetpack_publicize_connections":[],"jetpack_sharing_enabled":true,"_links":{"self":[{"href":"http:\/\/www.rtvnoticias.com.ar\/index.php?rest_route=\/wp\/v2\/posts\/38900"}],"collection":[{"href":"http:\/\/www.rtvnoticias.com.ar\/index.php?rest_route=\/wp\/v2\/posts"}],"about":[{"href":"http:\/\/www.rtvnoticias.com.ar\/index.php?rest_route=\/wp\/v2\/types\/post"}],"author":[{"embeddable":true,"href":"http:\/\/www.rtvnoticias.com.ar\/index.php?rest_route=\/wp\/v2\/users\/5"}],"replies":[{"embeddable":true,"href":"http:\/\/www.rtvnoticias.com.ar\/index.php?rest_route=%2Fwp%2Fv2%2Fcomments&post=38900"}],"version-history":[{"count":1,"href":"http:\/\/www.rtvnoticias.com.ar\/index.php?rest_route=\/wp\/v2\/posts\/38900\/revisions"}],"predecessor-version":[{"id":38901,"href":"http:\/\/www.rtvnoticias.com.ar\/index.php?rest_route=\/wp\/v2\/posts\/38900\/revisions\/38901"}],"wp:attachment":[{"href":"http:\/\/www.rtvnoticias.com.ar\/index.php?rest_route=%2Fwp%2Fv2%2Fmedia&parent=38900"}],"wp:term":[{"taxonomy":"category","embeddable":true,"href":"http:\/\/www.rtvnoticias.com.ar\/index.php?rest_route=%2Fwp%2Fv2%2Fcategories&post=38900"},{"taxonomy":"post_tag","embeddable":true,"href":"http:\/\/www.rtvnoticias.com.ar\/index.php?rest_route=%2Fwp%2Fv2%2Ftags&post=38900"}],"curies":[{"name":"wp","href":"https:\/\/api.w.org\/{rel}","templated":true}]}}