{"id":38919,"date":"2023-10-19T20:48:41","date_gmt":"2023-10-19T23:48:41","guid":{"rendered":"http:\/\/www.rtvnoticias.com.ar\/?p=38919"},"modified":"2023-10-19T20:48:44","modified_gmt":"2023-10-19T23:48:44","slug":"destacamos-la-iniciativa-del-gobierno-provincial-de-garantizar-mas-derechos-a-estudiantes-de-la-universidad-de-la-pampa-dijo-daniel-lopez","status":"publish","type":"post","link":"http:\/\/www.rtvnoticias.com.ar\/?p=38919","title":{"rendered":"\u201cDestacamos la iniciativa del Gobierno Provincial de garantizar m\u00e1s derechos a estudiantes de la Universidad de La Pampa\u201d, dijo Daniel L\u00f3pez"},"content":{"rendered":"\n<p>Una vez concluida la d\u00e9cima octava sesi\u00f3n ordinaria del Concejo Deliberante de General Pico, Daniel L\u00f3pez, titular del legislativo local dialog\u00f3 con los medios de comunicaci\u00f3n presentes en el recinto donde habl\u00f3 de los diversos temas abordados.<\/p>\n\n\n\n<p>En primera instancia el presidente del Concejo hizo referencia al ingreso de la nota municipal que solicita una pr\u00f3rroga para la presentaci\u00f3n del Presupuesto General Ejercicio 2024: \u201cefectivamente ingres\u00f3 la solicitud de pr\u00f3rroga por parte del municipio para la presentaci\u00f3n del Presupuesto General Municipal del Ejercicio 2024, conforme lo establece la Ley 1597, Ley Org\u00e1nica de Municipalidades y Comisiones de Fomento, as\u00ed que estaremos tratando el tema en los pr\u00f3ximos d\u00edas. La necesidad de pedir esta extensi\u00f3n de plazos tiene fundamento en que todav\u00eda se est\u00e1 evaluando y analizando el Presupuesto Provincial para ingresarlo en la legislatura provincial, con lo cual al no estar el presupuesto del Gobierno de la provincia La Pampa, el Ejecutivo local y el equipo de Econom\u00eda se ve imposibilitado de realizar las estimaciones en las erogaciones e ingresos. Por esto estaremos dando la pr\u00f3rroga hasta el 31 de diciembre para la presentaci\u00f3n del Presupuesto 2024\u201d.<\/p>\n\n\n\n<p><strong>Producci\u00f3n<\/strong><\/p>\n\n\n\n<p>Sobre el pedido del Ejecutivo local para que el Concejo autorice la compra por un monto de hasta 49 millones de pesos destinados a la adquisici\u00f3n de equipamiento que se afectara\u0301 al Proyecto de Parques de Producci\u00f3n Social (PPS), Daniel L\u00f3pez cont\u00f3: \u201caprobamos por unanimidad un Expediente Municipal que hab\u00eda ingresado en sesiones anteriores y que tiene que ver con el Parque de Producci\u00f3n Social y la inversi\u00f3n en equipamiento, algo que adquiere relevancia por los distintos proyectos que se van a llevar adelante en General Pico\u201d.<\/p>\n\n\n\n<p>\u201cSon 49 millones de pesos los que ingresan a la ciudad por parte del Ministerio de Ciencia, tecnolog\u00eda, innovaci\u00f3n del Gobierno Nacional, para la compra de equipamiento que se destinar\u00e1n a los distintos proyectos como lo es el desarrollo de la l\u00ednea aviar, la producci\u00f3n hort\u00edcola, el desarrollo regional de audiovisuales, ambiente, cultura y nuevas econom\u00edas. Un gran apoyo y acompa\u00f1amiento a estos sectores de la producci\u00f3n local, al trabajo y a estos proyectos que por supuesto damos la autorizaci\u00f3n un\u00e1nime para la adquisici\u00f3n de equipamiento que les permita continuar creciendo\u201d, agreg\u00f3 Daniel L\u00f3pez.<\/p>\n\n\n\n<p><strong>Gratuidad<\/strong><\/p>\n\n\n\n<p>En ronda de prensa Daniel L\u00f3pez, vice intendente de la ciudad hizo referencia al tema ingresado por fuera del orden del d\u00eda que tiene que ver con un anunci\u00f3 que encabez\u00f3 el Gobernador de la provincia, Sergio Ziliotto, el secretario de Pol\u00edticas Universitarias y rector en uso de licencia, Oscar Alpa y la vicerrectora a cargo del Rectorado, Mar\u00eda Ema Mart\u00edn, relacionado a que los y las estudiantes de la Universidad Nacional de La Pampa tendr\u00e1n boleto estudiantil interurbano gratuito en la provincia a partir del a\u00f1o pr\u00f3ximo. Sobre esto L\u00f3pez expres\u00f3 \u201cpresentamos un proyecto de comunicaci\u00f3n desde el bloque del Frente Justicialista Pampeano, que fue aprobado por unanimidad en esta sesi\u00f3n y que resalta lo que confirm\u00f3 en el d\u00eda de ayer (mi\u00e9rcoles) el gobernador Sergio Ziliotto en conjunto con autoridades de la Universidad de La Pampa, por la propuesta que presenta una agrupaci\u00f3n estudiantil en la Universidad Franja Morada y que tiene que ver con garantizar el boleto gratuito interurbano para las y los estudiantes, para que puedan transitar de manera gratuita para llegar a la casa de Altos Estudios\u201d.<\/p>\n\n\n\n<p>\u201cDestacamos la iniciativa del Gobierno Provincial de garantizar m\u00e1s derechos a estudiantes de la Universidad de La Pampa. Es una gran noticia, una decisi\u00f3n pol\u00edtica del Gobernador, es justicia social, y es aportar a las tantas luchas que se vienen conquistando, en este caso con m\u00e1s derechos para las y los estudiantes de la provincia de La Pampa. Esto eleva la calidad de lo que gira en torno a la educaci\u00f3n p\u00fablica y facilita el acceso a muchas personas que hoy asisten y que en los pr\u00f3ximos a\u00f1os asistir\u00e1n a la casa de estudios superiores. El convenio que firm\u00f3 el Gobernador pretende realizar un estudio de factibilidad, t\u00e9cnica e implementaci\u00f3n por lo que nosotros quer\u00edamos destacar, reconocer a esta propuesta tan importante que nace de la propia Universidad pero que el Gobierno de la provincia va a estar acompa\u00f1ando, una muestra m\u00e1s de apoyo a la educaci\u00f3n p\u00fablica\u201d, se\u00f1al\u00f3 L\u00f3pez.<\/p>\n\n\n\n<p><strong>Feria<\/strong><\/p>\n\n\n\n<p>El presidente del Concejo hizo referencia tambi\u00e9n a la aprobaci\u00f3n de la declaraci\u00f3n inter\u00e9s del Concejo impulsada desde presidencia de la XIII edici\u00f3n de lo que ser\u00e1 una nueva edici\u00f3n de Feria de la Salud cuyo lema para este a\u00f1o es \u201cSalud para todos, con todos\u201d.<\/p>\n\n\n\n<p>\u201cA\u00f1o tras a\u00f1o estamos junto al Ministerio de la Salud de la provincia de La Pampa y con el Hospital Gobernador Centeno, en esta propuesta tan interesante y que ya tiene una trayectoria y una recorrida realmente muy importante en la prevenci\u00f3n y promoci\u00f3n de la salud. Es muy interesante lo que se muestra en esta Feria de la Salud que se abre a la comunidad con toda la oferta y los diferentes stands que tiene las distintas \u00e1reas del ministerio de salud y todo lo que hacen en territorio\u201d, cont\u00f3 L\u00f3pez.<\/p>\n\n\n\n<p>Adem\u00e1s, agreg\u00f3 \u201cno solo acompa\u00f1amos con la declaraci\u00f3n de inter\u00e9s aprobada por todo el cuerpo deliberativo, sino que vamos a estar presentes con un stand institucional promocionado la importancia de respetar las se\u00f1ales de tr\u00e1nsito y todo lo que hace a la educaci\u00f3n vial como as\u00ed tambi\u00e9n continuaremos con la promoci\u00f3n de la donaci\u00f3n de sangre y registro voluntario de m\u00e9dula \u00f3sea, temas que venimos trabajando con instituciones del medio desde el Concejo\u201d.<\/p>\n\n\n\n<p><strong>Prevenci\u00f3n<\/strong><\/p>\n\n\n\n<p>Finalmente, el titular del Concejo fue consultado sobre el ingreso de una nota por parte de una mam\u00e1 protectora en la lucha contra el Abuso Sexual Infantil. Sobre esto dijo: \u201cIngresa hoy una nota de una mam\u00e1 protectora y activista en el marco de conmemorarse el pr\u00f3ximo 19 de noviembre el D\u00eda Internacional de la Lucha contra el abuso sexual en las infancias y adolescencias, que se estar\u00e1 tratando en el interior de las comisiones pero que tenemos la convicci\u00f3n de acompa\u00f1ar como lo hemos hecho en ocasiones anteriores. Este a\u00f1o nos solicitan el apoyo en distintas actividades que tienen que ver con capacitaciones, cursos de formaci\u00f3n, conversatorios, respecto a la adquisici\u00f3n de herramientas sobre esta tem\u00e1tica tan compleja y tan importante para poder seguir entendiendo lo que sucede y que tiene que ver con el abuso sexual infantil. Todo lo que se pueda a realizar para prevenir y concientizar sobre la tem\u00e1tica bienvenido sea para que ninguna persona sufra una situaci\u00f3n de estas caracter\u00edsticas\u201d.<\/p>\n<div class=\"sharedaddy sd-sharing-enabled\"><div class=\"robots-nocontent sd-block sd-social sd-social-icon sd-sharing\"><h3 class=\"sd-title\">Comparte esto:<\/h3><div class=\"sd-content\"><ul><li class=\"share-twitter\"><a rel=\"nofollow noopener noreferrer\" data-shared=\"sharing-twitter-38919\" class=\"share-twitter sd-button share-icon no-text\" href=\"http:\/\/www.rtvnoticias.com.ar\/?p=38919&amp;share=twitter\" target=\"_blank\" title=\"Haz clic para compartir en Twitter\"><span><\/span><span class=\"sharing-screen-reader-text\">Haz clic para compartir en Twitter (Se abre en una ventana nueva)<\/span><\/a><\/li><li class=\"share-facebook\"><a rel=\"nofollow noopener noreferrer\" data-shared=\"sharing-facebook-38919\" class=\"share-facebook sd-button share-icon no-text\" href=\"http:\/\/www.rtvnoticias.com.ar\/?p=38919&amp;share=facebook\" target=\"_blank\" title=\"Haz clic para compartir en Facebook\"><span><\/span><span class=\"sharing-screen-reader-text\">Haz clic para compartir en Facebook (Se abre en una ventana nueva)<\/span><\/a><\/li><li class=\"share-jetpack-whatsapp\"><a rel=\"nofollow noopener noreferrer\" data-shared=\"\" class=\"share-jetpack-whatsapp sd-button share-icon no-text\" href=\"http:\/\/www.rtvnoticias.com.ar\/?p=38919&amp;share=jetpack-whatsapp\" target=\"_blank\" title=\"Haz clic para compartir en WhatsApp\"><span><\/span><span class=\"sharing-screen-reader-text\">Haz clic para compartir en WhatsApp (Se abre en una ventana nueva)<\/span><\/a><\/li><li class=\"share-telegram\"><a rel=\"nofollow noopener noreferrer\" data-shared=\"\" class=\"share-telegram sd-button share-icon no-text\" href=\"http:\/\/www.rtvnoticias.com.ar\/?p=38919&amp;share=telegram\" target=\"_blank\" title=\"Haz clic para compartir en Telegram\"><span><\/span><span class=\"sharing-screen-reader-text\">Haz clic para compartir en Telegram (Se abre en una ventana nueva)<\/span><\/a><\/li><li class=\"share-end\"><\/li><\/ul><\/div><\/div><\/div>","protected":false},"excerpt":{"rendered":"<p>Una vez concluida la d\u00e9cima octava sesi\u00f3n ordinaria del Concejo Deliberante de General Pico, Daniel L\u00f3pez, titular del legislativo local dialog\u00f3 con los medios de<\/p>\n<div class=\"sharedaddy sd-sharing-enabled\"><div class=\"robots-nocontent sd-block sd-social sd-social-icon sd-sharing\"><h3 class=\"sd-title\">Comparte esto:<\/h3><div class=\"sd-content\"><ul><li class=\"share-twitter\"><a rel=\"nofollow noopener noreferrer\" data-shared=\"sharing-twitter-38919\" class=\"share-twitter sd-button share-icon no-text\" href=\"http:\/\/www.rtvnoticias.com.ar\/?p=38919&amp;share=twitter\" target=\"_blank\" title=\"Haz clic para compartir en Twitter\"><span><\/span><span class=\"sharing-screen-reader-text\">Haz clic para compartir en Twitter (Se abre en una ventana nueva)<\/span><\/a><\/li><li class=\"share-facebook\"><a rel=\"nofollow noopener noreferrer\" data-shared=\"sharing-facebook-38919\" class=\"share-facebook sd-button share-icon no-text\" href=\"http:\/\/www.rtvnoticias.com.ar\/?p=38919&amp;share=facebook\" target=\"_blank\" title=\"Haz clic para compartir en Facebook\"><span><\/span><span class=\"sharing-screen-reader-text\">Haz clic para compartir en Facebook (Se abre en una ventana nueva)<\/span><\/a><\/li><li class=\"share-jetpack-whatsapp\"><a rel=\"nofollow noopener noreferrer\" data-shared=\"\" class=\"share-jetpack-whatsapp sd-button share-icon no-text\" href=\"http:\/\/www.rtvnoticias.com.ar\/?p=38919&amp;share=jetpack-whatsapp\" target=\"_blank\" title=\"Haz clic para compartir en WhatsApp\"><span><\/span><span class=\"sharing-screen-reader-text\">Haz clic para compartir en WhatsApp (Se abre en una ventana nueva)<\/span><\/a><\/li><li class=\"share-telegram\"><a rel=\"nofollow noopener noreferrer\" data-shared=\"\" class=\"share-telegram sd-button share-icon no-text\" href=\"http:\/\/www.rtvnoticias.com.ar\/?p=38919&amp;share=telegram\" target=\"_blank\" title=\"Haz clic para compartir en Telegram\"><span><\/span><span class=\"sharing-screen-reader-text\">Haz clic para compartir en Telegram (Se abre en una ventana nueva)<\/span><\/a><\/li><li class=\"share-end\"><\/li><\/ul><\/div><\/div><\/div>","protected":false},"author":5,"featured_media":38920,"comment_status":"closed","ping_status":"closed","sticky":false,"template":"","format":"standard","meta":{"spay_email":"","jetpack_publicize_message":"","jetpack_is_tweetstorm":false,"jetpack_publicize_feature_enabled":true},"categories":[3],"tags":[3163],"jetpack_featured_media_url":"http:\/\/www.rtvnoticias.com.ar\/wp-content\/uploads\/2023\/10\/lopez-concejo.jpg","jetpack_publicize_connections":[],"jetpack_sharing_enabled":true,"_links":{"self":[{"href":"http:\/\/www.rtvnoticias.com.ar\/index.php?rest_route=\/wp\/v2\/posts\/38919"}],"collection":[{"href":"http:\/\/www.rtvnoticias.com.ar\/index.php?rest_route=\/wp\/v2\/posts"}],"about":[{"href":"http:\/\/www.rtvnoticias.com.ar\/index.php?rest_route=\/wp\/v2\/types\/post"}],"author":[{"embeddable":true,"href":"http:\/\/www.rtvnoticias.com.ar\/index.php?rest_route=\/wp\/v2\/users\/5"}],"replies":[{"embeddable":true,"href":"http:\/\/www.rtvnoticias.com.ar\/index.php?rest_route=%2Fwp%2Fv2%2Fcomments&post=38919"}],"version-history":[{"count":1,"href":"http:\/\/www.rtvnoticias.com.ar\/index.php?rest_route=\/wp\/v2\/posts\/38919\/revisions"}],"predecessor-version":[{"id":38921,"href":"http:\/\/www.rtvnoticias.com.ar\/index.php?rest_route=\/wp\/v2\/posts\/38919\/revisions\/38921"}],"wp:featuredmedia":[{"embeddable":true,"href":"http:\/\/www.rtvnoticias.com.ar\/index.php?rest_route=\/wp\/v2\/media\/38920"}],"wp:attachment":[{"href":"http:\/\/www.rtvnoticias.com.ar\/index.php?rest_route=%2Fwp%2Fv2%2Fmedia&parent=38919"}],"wp:term":[{"taxonomy":"category","embeddable":true,"href":"http:\/\/www.rtvnoticias.com.ar\/index.php?rest_route=%2Fwp%2Fv2%2Fcategories&post=38919"},{"taxonomy":"post_tag","embeddable":true,"href":"http:\/\/www.rtvnoticias.com.ar\/index.php?rest_route=%2Fwp%2Fv2%2Ftags&post=38919"}],"curies":[{"name":"wp","href":"https:\/\/api.w.org\/{rel}","templated":true}]}}