{"id":38922,"date":"2023-10-20T06:50:00","date_gmt":"2023-10-20T09:50:00","guid":{"rendered":"http:\/\/www.rtvnoticias.com.ar\/?p=38922"},"modified":"2023-10-19T20:59:21","modified_gmt":"2023-10-19T23:59:21","slug":"ziliotto-junto-a-intendentes-recorrieron-la-ejecucion-de-la-obra-del-acueducto-fernanda-alonso-estuvo-presente","status":"publish","type":"post","link":"http:\/\/www.rtvnoticias.com.ar\/?p=38922","title":{"rendered":"Ziliotto junto a intendentes recorrieron la ejecuci\u00f3n de la obra del Acueducto. Fernanda Alonso estuvo presente"},"content":{"rendered":"\n<p>El gobernador de La Pampa Sergio Ziliotto recorri\u00f3, con intendentas e intendentes de las localidades que se ver\u00e1n beneficiadas, la obra de la segunda etapa del Acueducto del R\u00edo Colorado. Un\u00e1nimemente, las y los jefes comunales, celebraron ver los trabajos en ejecuci\u00f3n y afirmaron que \u201cser\u00e1 un antes y un despu\u00e9s\u201d para los habitantes de sus localidades, al tiempo que destacaron que \u201csin un Estado presente\u201d el acueducto al Pico no ser\u00eda posible y llamaron a \u201ccuidar el federalismo\u201d con el que hoy se gobierna la Provincia y la Naci\u00f3n.<\/p>\n\n\n\n<p>Ziliotto junto al presidente de Aguas del Colorado, Juan Carlos Mecca, dieron detalles t\u00e9cnicos de la obra que est\u00e1 en marcha y que implica una inversi\u00f3n a valores actuales de m\u00e1s de 86 mil millones de pesos o 235 millones de d\u00f3lares. La obra avanza al ritmo previsto porque el Ministerio de Econom\u00eda de Naci\u00f3n, a cargo de Sergio Massa, garantiz\u00f3 el flujo de fondos para ello.<\/p>\n\n\n\n<p>De la recorrida participaron adem\u00e1s el ministro de Obras P\u00fablicas, Julio Rojo; el secretario de Asuntos Municipales, Rogelio Schanton y las intendentas de General Pico, Fernanda Alonso; de Eduardo Castex, M\u00f3nica Curutchet; de Winifreda, Adriana Garc\u00eda; y los intendentes de Monte Nievas, Germ\u00e1n Wilberger; y de Metileo, Juan Carlos Pavoni. Los jefes comunales destacaron la inversi\u00f3n que realizan los estados nacional y provincial para \u201cgarantizarles a los habitantes de La Pampa el derecho humano del acceso al agua potable\u201d.<\/p>\n\n\n\n<p>La comitiva recorri\u00f3 parte de la traza que tendr\u00e1 el acueducto donde ya se colocan los ca\u00f1os, y el espacio en el que se construir\u00e1n 6 cisternas de 5 millones de litros cada una, que sumadas a las que ya se construyeron en Santa Rosa y las que se ejecutan en General Pico, garantizar\u00e1n la provisi\u00f3n de agua cuando se realicen tareas de mantenimiento o reparaci\u00f3n en el ducto.<\/p>\n\n\n\n<p>Las nuevas cisternas que se construir\u00e1n en Santa Rosa se emplazar\u00e1n en un predio en la intersecci\u00f3n del Camino del Centenario y Ruta Nacional 5, al este de la ciudad.<\/p>\n\n\n\n<p>El gobernador Ziliotto inform\u00f3 que la traza original del proyecto fue modificada para evitar roturas de infraestructura vial de Santa Rosa, como la avenida Palacios. \u00abA la altura de Canal 3 la traza rodea la ciudad de Santa Rosa hacia el noreste, pasando por detr\u00e1s del club de golf y el aut\u00f3dromo viejo hasta un predio en la intersecci\u00f3n de la calle Camino del Centenario y Ruta 5. Son 800 metros m\u00e1s de ca\u00f1er\u00edas\u00bb, explic\u00f3 el gobernador.<\/p>\n\n\n\n<figure class=\"wp-block-image size-large\"><img data-attachment-id=\"38923\" data-permalink=\"http:\/\/www.rtvnoticias.com.ar\/?attachment_id=38923\" data-orig-file=\"http:\/\/www.rtvnoticias.com.ar\/wp-content\/uploads\/2023\/10\/int-acueducto2.jpg\" data-orig-size=\"600,400\" data-comments-opened=\"0\" data-image-meta=\"{&quot;aperture&quot;:&quot;8&quot;,&quot;credit&quot;:&quot;&quot;,&quot;camera&quot;:&quot;NIKON D500&quot;,&quot;caption&quot;:&quot;&quot;,&quot;created_timestamp&quot;:&quot;1697711291&quot;,&quot;copyright&quot;:&quot;&quot;,&quot;focal_length&quot;:&quot;18&quot;,&quot;iso&quot;:&quot;100&quot;,&quot;shutter_speed&quot;:&quot;0.00625&quot;,&quot;title&quot;:&quot;&quot;,&quot;orientation&quot;:&quot;1&quot;}\" data-image-title=\"int-acueducto2\" data-image-description=\"\" data-image-caption=\"\" data-medium-file=\"http:\/\/www.rtvnoticias.com.ar\/wp-content\/uploads\/2023\/10\/int-acueducto2-300x200.jpg\" data-large-file=\"http:\/\/www.rtvnoticias.com.ar\/wp-content\/uploads\/2023\/10\/int-acueducto2.jpg\" decoding=\"async\" loading=\"lazy\" width=\"600\" height=\"400\" src=\"http:\/\/www.rtvnoticias.com.ar\/wp-content\/uploads\/2023\/10\/int-acueducto2.jpg\" alt=\"\" class=\"wp-image-38923\" srcset=\"http:\/\/www.rtvnoticias.com.ar\/wp-content\/uploads\/2023\/10\/int-acueducto2.jpg 600w, http:\/\/www.rtvnoticias.com.ar\/wp-content\/uploads\/2023\/10\/int-acueducto2-300x200.jpg 300w\" sizes=\"(max-width: 600px) 100vw, 600px\" \/><\/figure>\n\n\n\n<p><strong>M\u00e1s estaciones de bombeo y cisternas<\/strong><\/p>\n\n\n\n<p>La segunda etapa de la obra del Acueducto del R\u00edo Colorado tiene obras complementarias que viene realizando el Gobierno Provincial. Ziliotto anunci\u00f3 que \u00abestamos poniendo en marcha una estaci\u00f3n de bombeo en el kil\u00f3metro 29 del acueducto que va desde Pichi Mahuida hasta Santa Rosa. El tramo de los primeros 40 kil\u00f3metros es donde m\u00e1s se ha roto porque soporta una fuerte presi\u00f3n debido al bombeo. Con la nueva estaci\u00f3n se alivia la presi\u00f3n que va en el ca\u00f1o, eso genera menos roturas. En los \u00faltimos dos a\u00f1os casi no hubo roturas porque tambi\u00e9n se colocaron v\u00e1lvulas\u00bb.<\/p>\n\n\n\n<p>Agreg\u00f3 que \u00aben Santa Rosa ya hay reservas de 20 millones de litros, a la que se sumar\u00e1n las 6 cisternas de 5 millones cada una. Esto permitir\u00e1 tener autonom\u00eda de tres o cuatro d\u00edas, por cualquier corte o mantenimiento que se necesite\u00bb.<br>Adem\u00e1s, Ziliotto coment\u00f3 que la ubicaci\u00f3n de las seis cisternas en ese lugar, permitir\u00e1 tambi\u00e9n conectar el acueducto de Anguil que pasa por ese lugar\u00bb.<\/p>\n\n\n\n<p><strong>Duplicar la producci\u00f3n de agua<\/strong><\/p>\n\n\n\n<p>El titular de Aguas del Colorado, detall\u00f3 que la obra recorrida hoy se extender\u00e1 a lo largo de m\u00e1s de 140 kil\u00f3metros desde Santa Rosa hacia General Pico.<\/p>\n\n\n\n<p>Los trabajos son ejecutados por una Uni\u00f3n Transitoria de Empresa constituida a ese efecto por las empresas, Supercemento S.A.I.C., Rovella Carranza S.A., CPC S.A y C&amp;E Construcciones S.A.; tiene un plazo de ejecuci\u00f3n de 750 d\u00edas corridos.<\/p>\n\n\n\n<p>Finalmente Mecca coment\u00f3 que est\u00e1 previsto agregar un nuevo \u00abm\u00f3dulo de agua\u00bb para duplicar la capacidad de producci\u00f3n en la toma del acueducto. \u00abCuando lo agreguemos vamos a producir 4.800 metros c\u00fabicos de agua, lo que permitir\u00e1 abastecer con holgura el tramo hasta Pico e incluso a la tercera etapa del Acueducto, que est\u00e1 proyectada para llevar agua de General Pico al norte, hasta Realic\u00f3\u00bb, explic\u00f3.<\/p>\n\n\n\n<p><strong>\u201cAcceso a un derecho humano\u201d, puntualiz\u00f3 Alonso<\/strong><\/p>\n\n\n\n<p>Durante la recorrida, intendentes e intendentas de las localidades a las que llegar\u00e1 el Acueducto del R\u00edo Colorado destacaron la importancia y el significado de la obra. \u00abEs muy emotivo ver c\u00f3mo avanza la obra, metro a metro y que llegue a General Pico agua del R\u00edo Colorado y dar la posibilidad de garantizarle a generaciones futuras el acceso a este derecho humano que es el agua\u00bb, remarc\u00f3 la intendenta de General Pico, Fernanda Alonso.<\/p>\n\n\n\n<p>\u00abEsta obra tan esperada requer\u00eda de inversiones previas que el Gobierno provincial asumi\u00f3 y que ya est\u00e1n avanzadas, como una cisterna de 5.000 metros c\u00fabicos y dos refuerzos a nuestro acu\u00edfero que est\u00e1n avanzando para que siga prestando el acceso al agua\u00bb, detall\u00f3.<\/p>\n\n\n\n<p><strong>\u201cSin Estado esta obra no ser\u00eda posible\u201d, indic\u00f3 Garc\u00eda<\/strong><\/p>\n\n\n\n<p>Por su parte, la intendenta de Winifreda, Adriana Garc\u00eda dijo que \u00abes una obra muy importante por la calidad del agua y aumento del caudal. Vamos a ser uno de los primeros en recibir el agua\u00bb.<\/p>\n\n\n\n<p>\u00abEsperemos que se puedan seguir haciendo obras de este tipo en la provincia porque un Estado presente es importante en una provincia que se tiene que desarrollar. Estas obras, si no las hace el Estado no existir\u00eda manera de hacerlas\u00bb, asegur\u00f3.<\/p>\n\n\n\n<p>\u00abHoy tenemos pozos donde se extrae agua, que tiene una calidad que no es de las mejores, es potable. Siempre hay que seguir haciendo pozos nuevos y esto va a significar un cambio\u00bb, complet\u00f3.<\/p>\n\n\n\n<p><strong>\u201cReflexionemos y cuidemos el federalismo\u201d, se\u00f1al\u00f3 Pavoni<\/strong><\/p>\n\n\n\n<p>El jefe comunal de Metileo, Juan Carlos Pavoni dijo que \u00abcuando uno ve este tipo de obra la satisfacci\u00f3n que se produce es impactante. Los pueblos que tiene problema de agua ver esta obra avanzar, es ver que nos va a cambiar la vida. El agua es esencial para la vida humana y es una defensa que tenemos que hacer todos. Es un logro importante\u00bb.<\/p>\n\n\n\n<p>Sobre la actual provisi\u00f3n de agua que tiene Metileo coment\u00f3: \u00abHoy venimos muy ajustados en verano, porque no hay conciencia del valor que tiene el agua, y por ah\u00ed no es tan cuidadosa en verano. Tenemos un acueducto de 17 kil\u00f3metros, va a sufriendo su desgaste\u00bb.<\/p>\n\n\n\n<p>Agreg\u00f3 que \u00abel acueducto va a dar calidad de agua, pero debemos cuidarla porque por m\u00e1s que tengamos agua en mayor cantidad hay que cuidarla\u00bb.<\/p>\n\n\n\n<p>Pavoni, luego de la recorrida, dej\u00f3 un mensaje: \u00abYo llamo a la reflexi\u00f3n por el federalismo que se est\u00e1 trabajando desde Naci\u00f3n y Provincia a con los pueblos de La Pampa. Este federalismo hay que defenderlo y resaltarlo y de alguna manera hacer recapacitar a los que no lo entienden\u00bb.<\/p>\n\n\n\n<p>\u00abSiempre manifiesto la conformidad que tengo con el Gobierno de la Provincia porque nos tienen en cuenta a pesar de ser un pueblo chico. Las necesidades son las mismas y vemos la impronta del Gobierno de que no hay pueblos grandes y chicos, sino lo que hay son habitantes pampeanos y se trabaja para todos\u00bb, concluy\u00f3.<\/p>\n\n\n\n<p><strong>\u201cUn antes y un despu\u00e9s para Monte Nievas<\/strong>\u201d<strong>, asegur\u00f3 Wilberger<\/strong><\/p>\n\n\n\n<p>El intendente de Monte Nievas, Germ\u00e1n Wilberger destac\u00f3 que \u00abesta obra va a beneficiar a las 5 localidades que se van a sumar a las ya existentes. El gobernador habl\u00f3 de un segundo tramo y a futuro, de un tercer tramo y veo que est\u00e1 muy bien organizada la obra, con un buen avance\u00bb.<\/p>\n\n\n\n<p>\u00abEn Monte Nievas tenemos equipos de \u00f3smosis inversa, con pozos de un acu\u00edfero que tenemos a dos mil metros de la localidad. Tenemos algunos inconvenientes en verano. Adquirimos una cisterna de 100 mil metros c\u00fabicos en 2016, pero esto va a ser un antes y un despu\u00e9s. Estamos muy expectantes y agradecidos al gobernador que se pueda concretar la obra\u00bb, cerr\u00f3.<\/p>\n\n\n\n<p><strong>\u201cUn salto cualitativo y cuantitativo\u201d, dijo Curutchet<\/strong><\/p>\n\n\n\n<p>Por \u00faltimo, a intendenta de Eduardo Castex, M\u00f3nica Curutchet dijo que \u00abla recorrida ayuda para tener m\u00e1s claro c\u00f3mo va ser la obra. Es de mucha importancia, para Castex, es un salto cualitativo en calidad y cantidad de agua. Est\u00e1 bueno poder ver que la obra se est\u00e1 realizando. Saber los plazos de ejecuci\u00f3n\u00bb.<\/p>\n\n\n\n<p>\u00abHoy Castex se est\u00e1 abasteciendo con la planta de agua antigua y estamos en obra de una nueva planta para el sector sureste con el APA y financiamiento de Enhosa\u00bb, dijo.<\/p>\n<div class=\"sharedaddy sd-sharing-enabled\"><div class=\"robots-nocontent sd-block sd-social sd-social-icon sd-sharing\"><h3 class=\"sd-title\">Comparte esto:<\/h3><div class=\"sd-content\"><ul><li class=\"share-twitter\"><a rel=\"nofollow noopener noreferrer\" data-shared=\"sharing-twitter-38922\" class=\"share-twitter sd-button share-icon no-text\" href=\"http:\/\/www.rtvnoticias.com.ar\/?p=38922&amp;share=twitter\" target=\"_blank\" title=\"Haz clic para compartir en Twitter\"><span><\/span><span class=\"sharing-screen-reader-text\">Haz clic para compartir en Twitter (Se abre en una ventana nueva)<\/span><\/a><\/li><li class=\"share-facebook\"><a rel=\"nofollow noopener noreferrer\" data-shared=\"sharing-facebook-38922\" class=\"share-facebook sd-button share-icon no-text\" href=\"http:\/\/www.rtvnoticias.com.ar\/?p=38922&amp;share=facebook\" target=\"_blank\" title=\"Haz clic para compartir en Facebook\"><span><\/span><span class=\"sharing-screen-reader-text\">Haz clic para compartir en Facebook (Se abre en una ventana nueva)<\/span><\/a><\/li><li class=\"share-jetpack-whatsapp\"><a rel=\"nofollow noopener noreferrer\" data-shared=\"\" class=\"share-jetpack-whatsapp sd-button share-icon no-text\" href=\"http:\/\/www.rtvnoticias.com.ar\/?p=38922&amp;share=jetpack-whatsapp\" target=\"_blank\" title=\"Haz clic para compartir en WhatsApp\"><span><\/span><span class=\"sharing-screen-reader-text\">Haz clic para compartir en WhatsApp (Se abre en una ventana nueva)<\/span><\/a><\/li><li class=\"share-telegram\"><a rel=\"nofollow noopener noreferrer\" data-shared=\"\" class=\"share-telegram sd-button share-icon no-text\" href=\"http:\/\/www.rtvnoticias.com.ar\/?p=38922&amp;share=telegram\" target=\"_blank\" title=\"Haz clic para compartir en Telegram\"><span><\/span><span class=\"sharing-screen-reader-text\">Haz clic para compartir en Telegram (Se abre en una ventana nueva)<\/span><\/a><\/li><li class=\"share-end\"><\/li><\/ul><\/div><\/div><\/div>","protected":false},"excerpt":{"rendered":"<p>El gobernador de La Pampa Sergio Ziliotto recorri\u00f3, con intendentas e intendentes de las localidades que se ver\u00e1n beneficiadas, la obra de la segunda etapa<\/p>\n<div class=\"sharedaddy sd-sharing-enabled\"><div class=\"robots-nocontent sd-block sd-social sd-social-icon sd-sharing\"><h3 class=\"sd-title\">Comparte esto:<\/h3><div class=\"sd-content\"><ul><li class=\"share-twitter\"><a rel=\"nofollow noopener noreferrer\" data-shared=\"sharing-twitter-38922\" class=\"share-twitter sd-button share-icon no-text\" href=\"http:\/\/www.rtvnoticias.com.ar\/?p=38922&amp;share=twitter\" target=\"_blank\" title=\"Haz clic para compartir en Twitter\"><span><\/span><span class=\"sharing-screen-reader-text\">Haz clic para compartir en Twitter (Se abre en una ventana nueva)<\/span><\/a><\/li><li class=\"share-facebook\"><a rel=\"nofollow noopener noreferrer\" data-shared=\"sharing-facebook-38922\" class=\"share-facebook sd-button share-icon no-text\" href=\"http:\/\/www.rtvnoticias.com.ar\/?p=38922&amp;share=facebook\" target=\"_blank\" title=\"Haz clic para compartir en Facebook\"><span><\/span><span class=\"sharing-screen-reader-text\">Haz clic para compartir en Facebook (Se abre en una ventana nueva)<\/span><\/a><\/li><li class=\"share-jetpack-whatsapp\"><a rel=\"nofollow noopener noreferrer\" data-shared=\"\" class=\"share-jetpack-whatsapp sd-button share-icon no-text\" href=\"http:\/\/www.rtvnoticias.com.ar\/?p=38922&amp;share=jetpack-whatsapp\" target=\"_blank\" title=\"Haz clic para compartir en WhatsApp\"><span><\/span><span class=\"sharing-screen-reader-text\">Haz clic para compartir en WhatsApp (Se abre en una ventana nueva)<\/span><\/a><\/li><li class=\"share-telegram\"><a rel=\"nofollow noopener noreferrer\" data-shared=\"\" class=\"share-telegram sd-button share-icon no-text\" href=\"http:\/\/www.rtvnoticias.com.ar\/?p=38922&amp;share=telegram\" target=\"_blank\" title=\"Haz clic para compartir en Telegram\"><span><\/span><span class=\"sharing-screen-reader-text\">Haz clic para compartir en Telegram (Se abre en una ventana nueva)<\/span><\/a><\/li><li class=\"share-end\"><\/li><\/ul><\/div><\/div><\/div>","protected":false},"author":5,"featured_media":38924,"comment_status":"closed","ping_status":"closed","sticky":false,"template":"","format":"standard","meta":{"spay_email":"","jetpack_publicize_message":"","jetpack_is_tweetstorm":false,"jetpack_publicize_feature_enabled":true},"categories":[4],"tags":[4340],"jetpack_featured_media_url":"http:\/\/www.rtvnoticias.com.ar\/wp-content\/uploads\/2023\/10\/int-acueducto.jpg","jetpack_publicize_connections":[],"jetpack_sharing_enabled":true,"_links":{"self":[{"href":"http:\/\/www.rtvnoticias.com.ar\/index.php?rest_route=\/wp\/v2\/posts\/38922"}],"collection":[{"href":"http:\/\/www.rtvnoticias.com.ar\/index.php?rest_route=\/wp\/v2\/posts"}],"about":[{"href":"http:\/\/www.rtvnoticias.com.ar\/index.php?rest_route=\/wp\/v2\/types\/post"}],"author":[{"embeddable":true,"href":"http:\/\/www.rtvnoticias.com.ar\/index.php?rest_route=\/wp\/v2\/users\/5"}],"replies":[{"embeddable":true,"href":"http:\/\/www.rtvnoticias.com.ar\/index.php?rest_route=%2Fwp%2Fv2%2Fcomments&post=38922"}],"version-history":[{"count":1,"href":"http:\/\/www.rtvnoticias.com.ar\/index.php?rest_route=\/wp\/v2\/posts\/38922\/revisions"}],"predecessor-version":[{"id":38925,"href":"http:\/\/www.rtvnoticias.com.ar\/index.php?rest_route=\/wp\/v2\/posts\/38922\/revisions\/38925"}],"wp:featuredmedia":[{"embeddable":true,"href":"http:\/\/www.rtvnoticias.com.ar\/index.php?rest_route=\/wp\/v2\/media\/38924"}],"wp:attachment":[{"href":"http:\/\/www.rtvnoticias.com.ar\/index.php?rest_route=%2Fwp%2Fv2%2Fmedia&parent=38922"}],"wp:term":[{"taxonomy":"category","embeddable":true,"href":"http:\/\/www.rtvnoticias.com.ar\/index.php?rest_route=%2Fwp%2Fv2%2Fcategories&post=38922"},{"taxonomy":"post_tag","embeddable":true,"href":"http:\/\/www.rtvnoticias.com.ar\/index.php?rest_route=%2Fwp%2Fv2%2Ftags&post=38922"}],"curies":[{"name":"wp","href":"https:\/\/api.w.org\/{rel}","templated":true}]}}