{"id":38926,"date":"2023-10-20T06:00:00","date_gmt":"2023-10-20T09:00:00","guid":{"rendered":"http:\/\/www.rtvnoticias.com.ar\/?p=38926"},"modified":"2023-10-19T21:02:21","modified_gmt":"2023-10-20T00:02:21","slug":"el-ejecutivo-provincial-reglamento-la-ley-de-coparticipacion","status":"publish","type":"post","link":"http:\/\/www.rtvnoticias.com.ar\/?p=38926","title":{"rendered":"El Ejecutivo Provincial reglament\u00f3 la Ley de Coparticipaci\u00f3n"},"content":{"rendered":"\n<p>En los pr\u00f3ximos d\u00edas, el gobierno provincial convocar\u00e1 a intendentas, intendentes y titulares de Comisiones de Fomento para que el Ministerio de Hacienda y Finanzas informe los alcances del Decreto reglamentario. Ser\u00e1 una reuni\u00f3n de trabajo en la que se pulir\u00e1n detalles y evacuar\u00e1n dudas acerca de la presentaci\u00f3n que deber\u00e1n realizar en el marco de la nueva Ley.<\/p>\n\n\n\n<p>El Poder Ejecutivo Provincial comunic\u00f3 que a trav\u00e9s del Decreto N\u00b0 4683\/23 se aprob\u00f3 el Reglamento y el Texto Ordenado de la Ley N\u00b0 1065, la cual establece el sistema de Coparticipaci\u00f3n de Municipalidades y Comisiones de Fomento, con las modificaciones introducidas por la Ley N\u00b0 3556.<\/p>\n\n\n\n<p>Asimismo, el mencionado Decreto reglament\u00f3 el Fondo de Distribuci\u00f3n Poblacional, de car\u00e1cter permanente, actualizable y solventado con rentas generales, para terminar con la inequidad que sufren las jurisdicciones locales con mayor cantidad de habitantes.<\/p>\n\n\n\n<p>Asimismo debe destacarse que se aprob\u00f3 el \u201cClasificador de Recursos\u201d, el cual ser\u00e1 de gu\u00eda para la confecci\u00f3n del Informe de Rendici\u00f3n de Ingresos de los Recursos, que deben remitir las Municipalidades y Comisiones de Fomento ante la Secretar\u00eda de Asuntos Municipales. De esta forma, la informaci\u00f3n presentada tendr\u00e1 mayor claridad y transparencia y permitir\u00e1 un mejor control de los organismos intervinientes.<\/p>\n\n\n\n<p>Por \u00faltimo, se facult\u00f3 al Observatorio Provincial de Distribuci\u00f3n de Recursos Coparticipables en Municipalidades y Comisiones de Fomento a dictar su reglamento de funcionamiento a los efectos de cumplir con el objeto por el cual fue creado.<\/p>\n\n\n\n<p>El texto completo del Decreto reglamentario se public\u00f3 hoy en una separata del Bolet\u00edn Oficial al cual se accede a trav\u00e9s del siguiente link:<br>https:\/\/boletinoficial.lapampa.gob.ar\/images\/Archivos\/BoletinOficial\/2023\/Sep_II_3592.pdf<\/p>\n<div class=\"sharedaddy sd-sharing-enabled\"><div class=\"robots-nocontent sd-block sd-social sd-social-icon sd-sharing\"><h3 class=\"sd-title\">Comparte esto:<\/h3><div class=\"sd-content\"><ul><li class=\"share-twitter\"><a rel=\"nofollow noopener noreferrer\" data-shared=\"sharing-twitter-38926\" class=\"share-twitter sd-button share-icon no-text\" href=\"http:\/\/www.rtvnoticias.com.ar\/?p=38926&amp;share=twitter\" target=\"_blank\" title=\"Haz clic para compartir en Twitter\"><span><\/span><span class=\"sharing-screen-reader-text\">Haz clic para compartir en Twitter (Se abre en una ventana nueva)<\/span><\/a><\/li><li class=\"share-facebook\"><a rel=\"nofollow noopener noreferrer\" data-shared=\"sharing-facebook-38926\" class=\"share-facebook sd-button share-icon no-text\" href=\"http:\/\/www.rtvnoticias.com.ar\/?p=38926&amp;share=facebook\" target=\"_blank\" title=\"Haz clic para compartir en Facebook\"><span><\/span><span class=\"sharing-screen-reader-text\">Haz clic para compartir en Facebook (Se abre en una ventana nueva)<\/span><\/a><\/li><li class=\"share-jetpack-whatsapp\"><a rel=\"nofollow noopener noreferrer\" data-shared=\"\" class=\"share-jetpack-whatsapp sd-button share-icon no-text\" href=\"http:\/\/www.rtvnoticias.com.ar\/?p=38926&amp;share=jetpack-whatsapp\" target=\"_blank\" title=\"Haz clic para compartir en WhatsApp\"><span><\/span><span class=\"sharing-screen-reader-text\">Haz clic para compartir en WhatsApp (Se abre en una ventana nueva)<\/span><\/a><\/li><li class=\"share-telegram\"><a rel=\"nofollow noopener noreferrer\" data-shared=\"\" class=\"share-telegram sd-button share-icon no-text\" href=\"http:\/\/www.rtvnoticias.com.ar\/?p=38926&amp;share=telegram\" target=\"_blank\" title=\"Haz clic para compartir en Telegram\"><span><\/span><span class=\"sharing-screen-reader-text\">Haz clic para compartir en Telegram (Se abre en una ventana nueva)<\/span><\/a><\/li><li class=\"share-end\"><\/li><\/ul><\/div><\/div><\/div>","protected":false},"excerpt":{"rendered":"<p>En los pr\u00f3ximos d\u00edas, el gobierno provincial convocar\u00e1 a intendentas, intendentes y titulares de Comisiones de Fomento para que el Ministerio de Hacienda y Finanzas<\/p>\n<div class=\"sharedaddy sd-sharing-enabled\"><div class=\"robots-nocontent sd-block sd-social sd-social-icon sd-sharing\"><h3 class=\"sd-title\">Comparte esto:<\/h3><div class=\"sd-content\"><ul><li class=\"share-twitter\"><a rel=\"nofollow noopener noreferrer\" data-shared=\"sharing-twitter-38926\" class=\"share-twitter sd-button share-icon no-text\" href=\"http:\/\/www.rtvnoticias.com.ar\/?p=38926&amp;share=twitter\" target=\"_blank\" title=\"Haz clic para compartir en Twitter\"><span><\/span><span class=\"sharing-screen-reader-text\">Haz clic para compartir en Twitter (Se abre en una ventana nueva)<\/span><\/a><\/li><li class=\"share-facebook\"><a rel=\"nofollow noopener noreferrer\" data-shared=\"sharing-facebook-38926\" class=\"share-facebook sd-button share-icon no-text\" href=\"http:\/\/www.rtvnoticias.com.ar\/?p=38926&amp;share=facebook\" target=\"_blank\" title=\"Haz clic para compartir en Facebook\"><span><\/span><span class=\"sharing-screen-reader-text\">Haz clic para compartir en Facebook (Se abre en una ventana nueva)<\/span><\/a><\/li><li class=\"share-jetpack-whatsapp\"><a rel=\"nofollow noopener noreferrer\" data-shared=\"\" class=\"share-jetpack-whatsapp sd-button share-icon no-text\" href=\"http:\/\/www.rtvnoticias.com.ar\/?p=38926&amp;share=jetpack-whatsapp\" target=\"_blank\" title=\"Haz clic para compartir en WhatsApp\"><span><\/span><span class=\"sharing-screen-reader-text\">Haz clic para compartir en WhatsApp (Se abre en una ventana nueva)<\/span><\/a><\/li><li class=\"share-telegram\"><a rel=\"nofollow noopener noreferrer\" data-shared=\"\" class=\"share-telegram sd-button share-icon no-text\" href=\"http:\/\/www.rtvnoticias.com.ar\/?p=38926&amp;share=telegram\" target=\"_blank\" title=\"Haz clic para compartir en Telegram\"><span><\/span><span class=\"sharing-screen-reader-text\">Haz clic para compartir en Telegram (Se abre en una ventana nueva)<\/span><\/a><\/li><li class=\"share-end\"><\/li><\/ul><\/div><\/div><\/div>","protected":false},"author":5,"featured_media":0,"comment_status":"closed","ping_status":"closed","sticky":false,"template":"","format":"standard","meta":{"spay_email":"","jetpack_publicize_message":"","jetpack_is_tweetstorm":false,"jetpack_publicize_feature_enabled":true},"categories":[1],"tags":[],"jetpack_featured_media_url":"","jetpack_publicize_connections":[],"jetpack_sharing_enabled":true,"_links":{"self":[{"href":"http:\/\/www.rtvnoticias.com.ar\/index.php?rest_route=\/wp\/v2\/posts\/38926"}],"collection":[{"href":"http:\/\/www.rtvnoticias.com.ar\/index.php?rest_route=\/wp\/v2\/posts"}],"about":[{"href":"http:\/\/www.rtvnoticias.com.ar\/index.php?rest_route=\/wp\/v2\/types\/post"}],"author":[{"embeddable":true,"href":"http:\/\/www.rtvnoticias.com.ar\/index.php?rest_route=\/wp\/v2\/users\/5"}],"replies":[{"embeddable":true,"href":"http:\/\/www.rtvnoticias.com.ar\/index.php?rest_route=%2Fwp%2Fv2%2Fcomments&post=38926"}],"version-history":[{"count":1,"href":"http:\/\/www.rtvnoticias.com.ar\/index.php?rest_route=\/wp\/v2\/posts\/38926\/revisions"}],"predecessor-version":[{"id":38927,"href":"http:\/\/www.rtvnoticias.com.ar\/index.php?rest_route=\/wp\/v2\/posts\/38926\/revisions\/38927"}],"wp:attachment":[{"href":"http:\/\/www.rtvnoticias.com.ar\/index.php?rest_route=%2Fwp%2Fv2%2Fmedia&parent=38926"}],"wp:term":[{"taxonomy":"category","embeddable":true,"href":"http:\/\/www.rtvnoticias.com.ar\/index.php?rest_route=%2Fwp%2Fv2%2Fcategories&post=38926"},{"taxonomy":"post_tag","embeddable":true,"href":"http:\/\/www.rtvnoticias.com.ar\/index.php?rest_route=%2Fwp%2Fv2%2Ftags&post=38926"}],"curies":[{"name":"wp","href":"https:\/\/api.w.org\/{rel}","templated":true}]}}