{"id":39059,"date":"2023-10-31T06:45:00","date_gmt":"2023-10-31T09:45:00","guid":{"rendered":"http:\/\/www.rtvnoticias.com.ar\/?p=39059"},"modified":"2023-10-30T20:48:35","modified_gmt":"2023-10-30T23:48:35","slug":"el-gobierno-ratifico-que-no-movera-el-feriado-del-20-de-noviembre","status":"publish","type":"post","link":"http:\/\/www.rtvnoticias.com.ar\/?p=39059","title":{"rendered":"El Gobierno ratific\u00f3 que no mover\u00e1 el feriado del 20 de noviembre"},"content":{"rendered":"\n<p>El Gobierno nacional ratific\u00f3 que no ser\u00e1 trasladado el feriado del pr\u00f3ximo 20 de noviembre, fecha en que se celebra el D\u00eda de la Soberan\u00eda, pese a que la jornada anterior, el 19, est\u00e1 prevista la realizaci\u00f3n del balotaje presidencial.<\/p>\n\n\n\n<p>De esta forma, la \u00faltima instancia electoral se concretar\u00e1 el domingo comprendido en el fin de semana largo de noviembre.<\/p>\n\n\n\n<p>As\u00ed lo confirm\u00f3 el secretario General de la Presidencia, Julio VItobello, en una carta enviada el 26 de este mes a la C\u00e1mara Nacional Electoral y a la que accedi\u00f3 T\u00e9lam.<\/p>\n\n\n\n<p>La C\u00e1mara Electoral pidi\u00f3 al Gobierno trasladar el feriado del 20 de noviembre<br>Vitobello se\u00f1al\u00f3 en el escrito que \u00abel calendario de feriados del presente a\u00f1o se estableci\u00f3 conforme a lo prescripto por la ley 27.399 sancionada en el a\u00f1o 2017 y el Decreto 764 del mes de noviembre de 2022\u00bb.<\/p>\n\n\n\n<p>El funcionario explic\u00f3 que \u00abel feriado del 20 de noviembre pr\u00f3ximo no es un &#8216;feriado puente&#8217; de los que puede determinar el Poder Ejecutivo conforme lo establecido en el art\u00edculo 7 de la mencionada ley, sino que, por el contrario, se trata de un feriado m\u00f3vil cuya definici\u00f3n est\u00e1 prevista en el art\u00edculo 6 de la misma norma\u00bb.<\/p>\n\n\n\n<p>\u00abEl cronograma electoral es tambi\u00e9n producto de normativa que ha venido aplic\u00e1ndose a lo largo de este a\u00f1o en concordancia con los que oportunamente decidieran las provincias argentinas para llevar adelante los comicios locales. Es decir, hace un tiempo m\u00e1s que considerable que se encuentran establecidas estas fechas y en pleno conocimiento de nuestra ciudadan\u00eda\u00bb, agreg\u00f3.<\/p>\n\n\n\n<p>Y ampli\u00f3: \u00abEn funci\u00f3n de ellas, se han adoptado decisiones, planificando desplazamientos, programando actividades culturales, educativas, comerciales, deportivas y tur\u00edsticas\u00bb.<\/p>\n\n\n\n<p>El secretario General de la Presidencia manifest\u00f3 adem\u00e1s que \u00abel ejercicio del derecho electoral es, a su vez, una obligaci\u00f3n para los ciudadanos y ciudadanas argentinas, que como tantas otras obligaciones han sabido compatibilizar con sus otras actividades\u00bb.<\/p>\n\n\n\n<p>\u00abHabi\u00e9ndose analizado el conjunto de circunstancias mencionadas y en atenci\u00f3n al escaso tiempo conque se cuenta, se estima que no resulta apropiado dictar un decreto de necesidad y urgencia para alterar las disposiciones legislativas vigentes, referidas al feriado que nos ocupa\u00bb, razon\u00f3 Vitobello.<\/p>\n\n\n\n<p>Y concluy\u00f3: \u00abSe entiende que, de esta forma, se asegurar\u00e1 la normal continuidad de un proceso electoral transparente y que se encuentra en marcha hace ya muchos meses\u00bb.<\/p>\n<div class=\"sharedaddy sd-sharing-enabled\"><div class=\"robots-nocontent sd-block sd-social sd-social-icon sd-sharing\"><h3 class=\"sd-title\">Comparte esto:<\/h3><div class=\"sd-content\"><ul><li class=\"share-twitter\"><a rel=\"nofollow noopener noreferrer\" data-shared=\"sharing-twitter-39059\" class=\"share-twitter sd-button share-icon no-text\" href=\"http:\/\/www.rtvnoticias.com.ar\/?p=39059&amp;share=twitter\" target=\"_blank\" title=\"Haz clic para compartir en Twitter\"><span><\/span><span class=\"sharing-screen-reader-text\">Haz clic para compartir en Twitter (Se abre en una ventana nueva)<\/span><\/a><\/li><li class=\"share-facebook\"><a rel=\"nofollow noopener noreferrer\" data-shared=\"sharing-facebook-39059\" class=\"share-facebook sd-button share-icon no-text\" href=\"http:\/\/www.rtvnoticias.com.ar\/?p=39059&amp;share=facebook\" target=\"_blank\" title=\"Haz clic para compartir en Facebook\"><span><\/span><span class=\"sharing-screen-reader-text\">Haz clic para compartir en Facebook (Se abre en una ventana nueva)<\/span><\/a><\/li><li class=\"share-jetpack-whatsapp\"><a rel=\"nofollow noopener noreferrer\" data-shared=\"\" class=\"share-jetpack-whatsapp sd-button share-icon no-text\" href=\"http:\/\/www.rtvnoticias.com.ar\/?p=39059&amp;share=jetpack-whatsapp\" target=\"_blank\" title=\"Haz clic para compartir en WhatsApp\"><span><\/span><span class=\"sharing-screen-reader-text\">Haz clic para compartir en WhatsApp (Se abre en una ventana nueva)<\/span><\/a><\/li><li class=\"share-telegram\"><a rel=\"nofollow noopener noreferrer\" data-shared=\"\" class=\"share-telegram sd-button share-icon no-text\" href=\"http:\/\/www.rtvnoticias.com.ar\/?p=39059&amp;share=telegram\" target=\"_blank\" title=\"Haz clic para compartir en Telegram\"><span><\/span><span class=\"sharing-screen-reader-text\">Haz clic para compartir en Telegram (Se abre en una ventana nueva)<\/span><\/a><\/li><li class=\"share-end\"><\/li><\/ul><\/div><\/div><\/div>","protected":false},"excerpt":{"rendered":"<p>El Gobierno nacional ratific\u00f3 que no ser\u00e1 trasladado el feriado del pr\u00f3ximo 20 de noviembre, fecha en que se celebra el D\u00eda de la Soberan\u00eda,<\/p>\n<div class=\"sharedaddy sd-sharing-enabled\"><div class=\"robots-nocontent sd-block sd-social sd-social-icon sd-sharing\"><h3 class=\"sd-title\">Comparte esto:<\/h3><div class=\"sd-content\"><ul><li class=\"share-twitter\"><a rel=\"nofollow noopener noreferrer\" data-shared=\"sharing-twitter-39059\" class=\"share-twitter sd-button share-icon no-text\" href=\"http:\/\/www.rtvnoticias.com.ar\/?p=39059&amp;share=twitter\" target=\"_blank\" title=\"Haz clic para compartir en Twitter\"><span><\/span><span class=\"sharing-screen-reader-text\">Haz clic para compartir en Twitter (Se abre en una ventana nueva)<\/span><\/a><\/li><li class=\"share-facebook\"><a rel=\"nofollow noopener noreferrer\" data-shared=\"sharing-facebook-39059\" class=\"share-facebook sd-button share-icon no-text\" href=\"http:\/\/www.rtvnoticias.com.ar\/?p=39059&amp;share=facebook\" target=\"_blank\" title=\"Haz clic para compartir en Facebook\"><span><\/span><span class=\"sharing-screen-reader-text\">Haz clic para compartir en Facebook (Se abre en una ventana nueva)<\/span><\/a><\/li><li class=\"share-jetpack-whatsapp\"><a rel=\"nofollow noopener noreferrer\" data-shared=\"\" class=\"share-jetpack-whatsapp sd-button share-icon no-text\" href=\"http:\/\/www.rtvnoticias.com.ar\/?p=39059&amp;share=jetpack-whatsapp\" target=\"_blank\" title=\"Haz clic para compartir en WhatsApp\"><span><\/span><span class=\"sharing-screen-reader-text\">Haz clic para compartir en WhatsApp (Se abre en una ventana nueva)<\/span><\/a><\/li><li class=\"share-telegram\"><a rel=\"nofollow noopener noreferrer\" data-shared=\"\" class=\"share-telegram sd-button share-icon no-text\" href=\"http:\/\/www.rtvnoticias.com.ar\/?p=39059&amp;share=telegram\" target=\"_blank\" title=\"Haz clic para compartir en Telegram\"><span><\/span><span class=\"sharing-screen-reader-text\">Haz clic para compartir en Telegram (Se abre en una ventana nueva)<\/span><\/a><\/li><li class=\"share-end\"><\/li><\/ul><\/div><\/div><\/div>","protected":false},"author":5,"featured_media":0,"comment_status":"closed","ping_status":"closed","sticky":false,"template":"","format":"standard","meta":{"spay_email":"","jetpack_publicize_message":"","jetpack_is_tweetstorm":false,"jetpack_publicize_feature_enabled":true},"categories":[1],"tags":[],"jetpack_featured_media_url":"","jetpack_publicize_connections":[],"jetpack_sharing_enabled":true,"_links":{"self":[{"href":"http:\/\/www.rtvnoticias.com.ar\/index.php?rest_route=\/wp\/v2\/posts\/39059"}],"collection":[{"href":"http:\/\/www.rtvnoticias.com.ar\/index.php?rest_route=\/wp\/v2\/posts"}],"about":[{"href":"http:\/\/www.rtvnoticias.com.ar\/index.php?rest_route=\/wp\/v2\/types\/post"}],"author":[{"embeddable":true,"href":"http:\/\/www.rtvnoticias.com.ar\/index.php?rest_route=\/wp\/v2\/users\/5"}],"replies":[{"embeddable":true,"href":"http:\/\/www.rtvnoticias.com.ar\/index.php?rest_route=%2Fwp%2Fv2%2Fcomments&post=39059"}],"version-history":[{"count":2,"href":"http:\/\/www.rtvnoticias.com.ar\/index.php?rest_route=\/wp\/v2\/posts\/39059\/revisions"}],"predecessor-version":[{"id":39061,"href":"http:\/\/www.rtvnoticias.com.ar\/index.php?rest_route=\/wp\/v2\/posts\/39059\/revisions\/39061"}],"wp:attachment":[{"href":"http:\/\/www.rtvnoticias.com.ar\/index.php?rest_route=%2Fwp%2Fv2%2Fmedia&parent=39059"}],"wp:term":[{"taxonomy":"category","embeddable":true,"href":"http:\/\/www.rtvnoticias.com.ar\/index.php?rest_route=%2Fwp%2Fv2%2Fcategories&post=39059"},{"taxonomy":"post_tag","embeddable":true,"href":"http:\/\/www.rtvnoticias.com.ar\/index.php?rest_route=%2Fwp%2Fv2%2Ftags&post=39059"}],"curies":[{"name":"wp","href":"https:\/\/api.w.org\/{rel}","templated":true}]}}