{"id":39074,"date":"2023-11-01T10:32:48","date_gmt":"2023-11-01T13:32:48","guid":{"rendered":"http:\/\/www.rtvnoticias.com.ar\/?p=39074"},"modified":"2023-11-01T10:32:50","modified_gmt":"2023-11-01T13:32:50","slug":"dos-empresas-pampeanas-cotizaron-para-construir-el-centro-de-salud-de-mauricio-mayer","status":"publish","type":"post","link":"http:\/\/www.rtvnoticias.com.ar\/?p=39074","title":{"rendered":"Dos empresas pampeanas cotizaron para construir el Centro de Salud de Mauricio Mayer"},"content":{"rendered":"\n<p>Se llev\u00f3 a cabo en la localidad de Mauricio Mayer el acto administrativo de la licitaci\u00f3n del nuevo Centro de Salud que cont\u00f3 con la presencia de los ministros Julio Rojo, de Obras y Servicios P\u00fablicos y Mario Kohan, de Salud, quienes acompa\u00f1aron al intendente Celestino Folmer, junto con la diputada provincial Lorena Clara y el director de Obras P\u00fablicas Sergio Meli\u00e1n. <\/p>\n\n\n\n<p>Las empresas oferentes para la construcci\u00f3n del Centro de Salud, que cuenta con un presupuesto oficial de $608.162.222,09 y un plazo de obra de 540 d\u00edas, fueron BK Construcciones y SC Construcciones.<\/p>\n\n\n\n<p>El ministro Mario Kohan celebr\u00f3 la concreci\u00f3n del acto administrativo mencionando, \u201ces un d\u00eda trascendental para Mauricio Mayer que va a contar con un centro de salud\u201d y destac\u00f3, \u201cclaramente, es una pol\u00edtica p\u00fablica del gobernador Ziliotto el hacer obras para salud como pocas veces se ha visto, hoy lo estamos observando en Mauricio Mayer siendo el reflejo de todo lo que se hace en la totalidad del territorio provincial\u201d.<\/p>\n\n\n\n<p>\u201cSi bien la ni\u00f1a bonita es el Ren\u00e9 Favaloro, una obra digna de ser conocida, hay toda una planificaci\u00f3n estrat\u00e9gica de pol\u00edtica p\u00fablica de salud establecida por el Gobierno provincial, por eso la presencia de obras en todo el territorio, que permiten trabajar en red para desarrollar un sistema provincial de salud integral conectados con el centro de mayor envergadura que es el Ren\u00e9 Favaloro, hace lograr el prop\u00f3sito siendo el resultado de mucho tiempo y acciones que ni siquiera la pandemia puedo detener\u201d.<\/p>\n\n\n\n<p>El ministro Kohan, destac\u00f3 la importancia de la Salud P\u00fablica en la sociedad actual, siendo muy enf\u00e1tico en sus dichos. \u201cTenemos que entender, dentro del contexto que atraviesa la Argentina, que es la presencia del Estado, en salud o educaci\u00f3n, por ejemplo, la \u00fanica posibilidad existente que otorga un sistema de salud s\u00f3lido, consistente y desplegado en todo el territorio. Sin un Estado presente esto no ser\u00eda posible, de no entenderlo, los argentinos vamos a empezar a discutir cosas que son del siglo XVIII\u201d.<\/p>\n\n\n\n<p>El ministro Julio Rojo, se refiri\u00f3 a la obra y su significado social para la comunidad de Mauricio Mayer y la Provincia en general, \u201choy estamos licitando, ni m\u00e1s ni menos que un Centro de Salud nivel II, una construcci\u00f3n que tiene m\u00e1s de 670 m2 que contempla todas las prestaciones que el servicio va a brindar\u201d.<\/p>\n\n\n\n<p>\u201cEsta es una obra de magnitud tanto en lo edilicio como en el rol social porque los vecinos no tendr\u00e1n que trasladarse como hasta ahora para realizar consultas m\u00e9dicas.<\/p>\n\n\n\n<p>El Estado provincial est\u00e1 presente como tambi\u00e9n el Nacional, para llegar a todos con infraestructuras que aporten beneficios y derechos\u201d.<\/p>\n\n\n\n<p>\u201cEl Gobierno de Sergio Ziliotto ha tenido la premisa de llegar con obras a cada una de las localidades, m\u00e1s all\u00e1 de su color pol\u00edtico, porque lo importante son los habitantes de nuestra provincia y su bienestar, para ello ha permanecido el concepto de equidad e igualdad de condiciones para todas y todos\u201d.<\/p>\n\n\n\n<p>Rojo profundiz\u00f3 en el desarrollo que tiene la obra p\u00fablica y sostuvo \u201cpara este a\u00f1o 2023 contamos con un presupuesto de 73.000 millones de pesos, el que nos permiti\u00f3 realizar obras de salud, educaci\u00f3n, saneamiento y viales en todas las localidades. Obras de importante magnitud y obras de esta envergadura como la del hospital Ren\u00e9 Favaloro. Pero lo que debemos destacar es la diversidad de ellas en localidades desde el norte al sur y del este al oeste de la Provincia, donde la inversi\u00f3n provincial y nacional est\u00e1n presentes\u201d.<\/p>\n\n\n\n<p>Por su parte, el intendente municipal Celestino Folmer, dio una c\u00e1lida bienvenida a los funcionarios provinciales presentes en su localidad, augur\u00e1ndoles una hermosa estad\u00eda y destacando la importancia de la construcci\u00f3n del Centro de salud, para lo cual expres\u00f3 \u201cestamos muy orgullosos, es de todas las obras que hemos hecho, seguramente la m\u00e1s importante, me retiro en 30 d\u00edas y el nuevo intendente dar\u00e1 continuidad a este proyecto\u201d. Para finalizar, Folmer indic\u00f3 \u201cel gobierno de la Provincia ha estado siempre a la altura de las circunstancias, esta obra es una muestra m\u00e1s de ello\u201d.<\/p>\n\n\n\n<p><strong>Caracter\u00edsticas edilicias que determinan su nivel<\/strong><\/p>\n\n\n\n<p>El edificio a construir del Centro de Salud Nivel II de Mauricio Mayer, se emplazar\u00e1 en el ingreso de la localidad y contar\u00e1 con una construcci\u00f3n de 642 m2 cubiertos y 39 m2 semicubiertos. En esta superficie se distribuye la recepci\u00f3n y atenci\u00f3n, sector administrativo con archivo, sala de espera, dos consultorios de los cuales uno tendr\u00e1 ba\u00f1o, odontolog\u00eda, sala de observaci\u00f3n y de internaci\u00f3n con ba\u00f1os, sala de enfermer\u00eda, farmacia y servicios comunes de sanitarios, estares, cocina y lavadero, shock room, diagn\u00f3stico por im\u00e1genes, cuatro salas t\u00e9cnicas para aire comprimido, generador, ox\u00edgeno y aspiraci\u00f3n, y dep\u00f3sito de residuos patol\u00f3gicos. Se han planificado ingresos diferenciados para el vacunatorio, el cual contar\u00e1 con sala de espera, ba\u00f1o adaptado, sector de recepci\u00f3n y atenci\u00f3n. Los semicubiertos son para cochera de ambulancia y accesos al edificio.<\/p>\n<div class=\"sharedaddy sd-sharing-enabled\"><div class=\"robots-nocontent sd-block sd-social sd-social-icon sd-sharing\"><h3 class=\"sd-title\">Comparte esto:<\/h3><div class=\"sd-content\"><ul><li class=\"share-twitter\"><a rel=\"nofollow noopener noreferrer\" data-shared=\"sharing-twitter-39074\" class=\"share-twitter sd-button share-icon no-text\" href=\"http:\/\/www.rtvnoticias.com.ar\/?p=39074&amp;share=twitter\" target=\"_blank\" title=\"Haz clic para compartir en Twitter\"><span><\/span><span class=\"sharing-screen-reader-text\">Haz clic para compartir en Twitter (Se abre en una ventana nueva)<\/span><\/a><\/li><li class=\"share-facebook\"><a rel=\"nofollow noopener noreferrer\" data-shared=\"sharing-facebook-39074\" class=\"share-facebook sd-button share-icon no-text\" href=\"http:\/\/www.rtvnoticias.com.ar\/?p=39074&amp;share=facebook\" target=\"_blank\" title=\"Haz clic para compartir en Facebook\"><span><\/span><span class=\"sharing-screen-reader-text\">Haz clic para compartir en Facebook (Se abre en una ventana nueva)<\/span><\/a><\/li><li class=\"share-jetpack-whatsapp\"><a rel=\"nofollow noopener noreferrer\" data-shared=\"\" class=\"share-jetpack-whatsapp sd-button share-icon no-text\" href=\"http:\/\/www.rtvnoticias.com.ar\/?p=39074&amp;share=jetpack-whatsapp\" target=\"_blank\" title=\"Haz clic para compartir en WhatsApp\"><span><\/span><span class=\"sharing-screen-reader-text\">Haz clic para compartir en WhatsApp (Se abre en una ventana nueva)<\/span><\/a><\/li><li class=\"share-telegram\"><a rel=\"nofollow noopener noreferrer\" data-shared=\"\" class=\"share-telegram sd-button share-icon no-text\" href=\"http:\/\/www.rtvnoticias.com.ar\/?p=39074&amp;share=telegram\" target=\"_blank\" title=\"Haz clic para compartir en Telegram\"><span><\/span><span class=\"sharing-screen-reader-text\">Haz clic para compartir en Telegram (Se abre en una ventana nueva)<\/span><\/a><\/li><li class=\"share-end\"><\/li><\/ul><\/div><\/div><\/div>","protected":false},"excerpt":{"rendered":"<p>Se llev\u00f3 a cabo en la localidad de Mauricio Mayer el acto administrativo de la licitaci\u00f3n del nuevo Centro de Salud que cont\u00f3 con la<\/p>\n<div class=\"sharedaddy sd-sharing-enabled\"><div class=\"robots-nocontent sd-block sd-social sd-social-icon sd-sharing\"><h3 class=\"sd-title\">Comparte esto:<\/h3><div class=\"sd-content\"><ul><li class=\"share-twitter\"><a rel=\"nofollow noopener noreferrer\" data-shared=\"sharing-twitter-39074\" class=\"share-twitter sd-button share-icon no-text\" href=\"http:\/\/www.rtvnoticias.com.ar\/?p=39074&amp;share=twitter\" target=\"_blank\" title=\"Haz clic para compartir en Twitter\"><span><\/span><span class=\"sharing-screen-reader-text\">Haz clic para compartir en Twitter (Se abre en una ventana nueva)<\/span><\/a><\/li><li class=\"share-facebook\"><a rel=\"nofollow noopener noreferrer\" data-shared=\"sharing-facebook-39074\" class=\"share-facebook sd-button share-icon no-text\" href=\"http:\/\/www.rtvnoticias.com.ar\/?p=39074&amp;share=facebook\" target=\"_blank\" title=\"Haz clic para compartir en Facebook\"><span><\/span><span class=\"sharing-screen-reader-text\">Haz clic para compartir en Facebook (Se abre en una ventana nueva)<\/span><\/a><\/li><li class=\"share-jetpack-whatsapp\"><a rel=\"nofollow noopener noreferrer\" data-shared=\"\" class=\"share-jetpack-whatsapp sd-button share-icon no-text\" href=\"http:\/\/www.rtvnoticias.com.ar\/?p=39074&amp;share=jetpack-whatsapp\" target=\"_blank\" title=\"Haz clic para compartir en WhatsApp\"><span><\/span><span class=\"sharing-screen-reader-text\">Haz clic para compartir en WhatsApp (Se abre en una ventana nueva)<\/span><\/a><\/li><li class=\"share-telegram\"><a rel=\"nofollow noopener noreferrer\" data-shared=\"\" class=\"share-telegram sd-button share-icon no-text\" href=\"http:\/\/www.rtvnoticias.com.ar\/?p=39074&amp;share=telegram\" target=\"_blank\" title=\"Haz clic para compartir en Telegram\"><span><\/span><span class=\"sharing-screen-reader-text\">Haz clic para compartir en Telegram (Se abre en una ventana nueva)<\/span><\/a><\/li><li class=\"share-end\"><\/li><\/ul><\/div><\/div><\/div>","protected":false},"author":5,"featured_media":39075,"comment_status":"closed","ping_status":"closed","sticky":false,"template":"","format":"standard","meta":{"spay_email":"","jetpack_publicize_message":"","jetpack_is_tweetstorm":false,"jetpack_publicize_feature_enabled":true},"categories":[4],"tags":[4352],"jetpack_featured_media_url":"http:\/\/www.rtvnoticias.com.ar\/wp-content\/uploads\/2023\/11\/mayer.jpg","jetpack_publicize_connections":[],"jetpack_sharing_enabled":true,"_links":{"self":[{"href":"http:\/\/www.rtvnoticias.com.ar\/index.php?rest_route=\/wp\/v2\/posts\/39074"}],"collection":[{"href":"http:\/\/www.rtvnoticias.com.ar\/index.php?rest_route=\/wp\/v2\/posts"}],"about":[{"href":"http:\/\/www.rtvnoticias.com.ar\/index.php?rest_route=\/wp\/v2\/types\/post"}],"author":[{"embeddable":true,"href":"http:\/\/www.rtvnoticias.com.ar\/index.php?rest_route=\/wp\/v2\/users\/5"}],"replies":[{"embeddable":true,"href":"http:\/\/www.rtvnoticias.com.ar\/index.php?rest_route=%2Fwp%2Fv2%2Fcomments&post=39074"}],"version-history":[{"count":1,"href":"http:\/\/www.rtvnoticias.com.ar\/index.php?rest_route=\/wp\/v2\/posts\/39074\/revisions"}],"predecessor-version":[{"id":39076,"href":"http:\/\/www.rtvnoticias.com.ar\/index.php?rest_route=\/wp\/v2\/posts\/39074\/revisions\/39076"}],"wp:featuredmedia":[{"embeddable":true,"href":"http:\/\/www.rtvnoticias.com.ar\/index.php?rest_route=\/wp\/v2\/media\/39075"}],"wp:attachment":[{"href":"http:\/\/www.rtvnoticias.com.ar\/index.php?rest_route=%2Fwp%2Fv2%2Fmedia&parent=39074"}],"wp:term":[{"taxonomy":"category","embeddable":true,"href":"http:\/\/www.rtvnoticias.com.ar\/index.php?rest_route=%2Fwp%2Fv2%2Fcategories&post=39074"},{"taxonomy":"post_tag","embeddable":true,"href":"http:\/\/www.rtvnoticias.com.ar\/index.php?rest_route=%2Fwp%2Fv2%2Ftags&post=39074"}],"curies":[{"name":"wp","href":"https:\/\/api.w.org\/{rel}","templated":true}]}}