{"id":39083,"date":"2023-11-01T20:40:49","date_gmt":"2023-11-01T23:40:49","guid":{"rendered":"http:\/\/www.rtvnoticias.com.ar\/?p=39083"},"modified":"2023-11-01T20:40:52","modified_gmt":"2023-11-01T23:40:52","slug":"ziliotto-y-massa-firman-convenio-por-el-juicio-que-la-pampa-gano-a-nacion-por-coparticipacion","status":"publish","type":"post","link":"http:\/\/www.rtvnoticias.com.ar\/?p=39083","title":{"rendered":"Ziliotto y Massa firman convenio por el juicio que La Pampa gan\u00f3 a Naci\u00f3n por coparticipaci\u00f3n"},"content":{"rendered":"\n<p><strong>Los fondos pertenecen a un juicio que gan\u00f3 La Pampa a Naci\u00f3n. Se destinar\u00e1n a la construcci\u00f3n de viviendas y una parte ($2.531 millones) ir\u00e1 en efectivo a cada una de las localidades porque son de asignaci\u00f3n directa a municipios y comisiones de fomento por la ley de coparticipaci\u00f3n.\u00a0<\/strong><br><br><br>El gobernador Sergio Ziliotto y el ministro de Econom\u00eda, Sergio Massa firmaron este mi\u00e9rcoles en Santa Rosa el convenio que establece la forma de pago de 21.585 millones de pesos del juicio por coparticipaci\u00f3n que La Pampa le gan\u00f3 a la Naci\u00f3n. Los fondos que devuelve Naci\u00f3n en bonos se destinar\u00e1n a la construcci\u00f3n de viviendas sociales y, una parte, 2.531 millones de pesos, se distribuir\u00e1n en efectivo como masa coparticipable a cada una de las 79 localidades.<\/p>\n\n\n\n<figure class=\"wp-block-image size-large\"><img data-attachment-id=\"39084\" data-permalink=\"http:\/\/www.rtvnoticias.com.ar\/?attachment_id=39084\" data-orig-file=\"http:\/\/www.rtvnoticias.com.ar\/wp-content\/uploads\/2023\/11\/7FFA69A9-1BC9-4E9C-B371-6649E16DC925.jpeg\" data-orig-size=\"640,427\" data-comments-opened=\"0\" data-image-meta=\"{&quot;aperture&quot;:&quot;0&quot;,&quot;credit&quot;:&quot;&quot;,&quot;camera&quot;:&quot;&quot;,&quot;caption&quot;:&quot;&quot;,&quot;created_timestamp&quot;:&quot;0&quot;,&quot;copyright&quot;:&quot;&quot;,&quot;focal_length&quot;:&quot;0&quot;,&quot;iso&quot;:&quot;0&quot;,&quot;shutter_speed&quot;:&quot;0&quot;,&quot;title&quot;:&quot;&quot;,&quot;orientation&quot;:&quot;1&quot;}\" data-image-title=\"7FFA69A9-1BC9-4E9C-B371-6649E16DC925\" data-image-description=\"\" data-image-caption=\"\" data-medium-file=\"http:\/\/www.rtvnoticias.com.ar\/wp-content\/uploads\/2023\/11\/7FFA69A9-1BC9-4E9C-B371-6649E16DC925-300x200.jpeg\" data-large-file=\"http:\/\/www.rtvnoticias.com.ar\/wp-content\/uploads\/2023\/11\/7FFA69A9-1BC9-4E9C-B371-6649E16DC925.jpeg\" decoding=\"async\" loading=\"lazy\" width=\"640\" height=\"427\" src=\"http:\/\/www.rtvnoticias.com.ar\/wp-content\/uploads\/2023\/11\/7FFA69A9-1BC9-4E9C-B371-6649E16DC925.jpeg\" alt=\"\" class=\"wp-image-39084\" srcset=\"http:\/\/www.rtvnoticias.com.ar\/wp-content\/uploads\/2023\/11\/7FFA69A9-1BC9-4E9C-B371-6649E16DC925.jpeg 640w, http:\/\/www.rtvnoticias.com.ar\/wp-content\/uploads\/2023\/11\/7FFA69A9-1BC9-4E9C-B371-6649E16DC925-300x200.jpeg 300w\" sizes=\"(max-width: 640px) 100vw, 640px\" \/><\/figure>\n\n\n\n<p><br>\u00abVamos a poder fortalecer la pol\u00edtica de vivienda en cada una de las 79 localidades, sin ning\u00fan tipo de discriminaci\u00f3n gobierne quien gobierne, lejos o cerca de Santa Rosa, o pocos o muchos a la hora de votar\u00bb, asegur\u00f3 Ziliotto.<\/p>\n\n\n\n<p><br>El ministro Massa destac\u00f3 el acto porque es \u00abel s\u00edmbolo de unidad en defensa de La Pampa, con intendentes de distinto signo pol\u00edtico detr\u00e1s de un logro que beneficia a la provincia\u00bb.<br>La actividad se desarroll\u00f3 en el Hotel La Campi\u00f1a de Santa Rosa y participaron la mayor\u00eda de los intendentes e intendentas de la provincia, incluso los y las que fueron electas y asumir\u00e1n el pr\u00f3ximo 10 de diciembre.\u00a0<\/p>\n\n\n\n<p><br>En la cabecera, adem\u00e1s de Ziliotto y Massa, estuvieron la fiscala de Estado, Romina Schmidt; el ministro de Hacienda, Guido Bisterfeld; y el ministro de Gobierno, Justicia y Seguridad y diputado nacional electo, Ariel Rauschenberger.<\/p>\n\n\n\n<p><br>Este a\u00f1o, la Corte Suprema de Justicia de la Naci\u00f3n aprob\u00f3 la liquidaci\u00f3n final del monto que cobra La Pampa por el juicio que le gan\u00f3 a Naci\u00f3n por el descuento de fondos coparticipables para financiar la Anses, que se aplicaron entre abril de 2002 y noviembre de 2018.<\/p>\n<div class=\"sharedaddy sd-sharing-enabled\"><div class=\"robots-nocontent sd-block sd-social sd-social-icon sd-sharing\"><h3 class=\"sd-title\">Comparte esto:<\/h3><div class=\"sd-content\"><ul><li class=\"share-twitter\"><a rel=\"nofollow noopener noreferrer\" data-shared=\"sharing-twitter-39083\" class=\"share-twitter sd-button share-icon no-text\" href=\"http:\/\/www.rtvnoticias.com.ar\/?p=39083&amp;share=twitter\" target=\"_blank\" title=\"Haz clic para compartir en Twitter\"><span><\/span><span class=\"sharing-screen-reader-text\">Haz clic para compartir en Twitter (Se abre en una ventana nueva)<\/span><\/a><\/li><li class=\"share-facebook\"><a rel=\"nofollow noopener noreferrer\" data-shared=\"sharing-facebook-39083\" class=\"share-facebook sd-button share-icon no-text\" href=\"http:\/\/www.rtvnoticias.com.ar\/?p=39083&amp;share=facebook\" target=\"_blank\" title=\"Haz clic para compartir en Facebook\"><span><\/span><span class=\"sharing-screen-reader-text\">Haz clic para compartir en Facebook (Se abre en una ventana nueva)<\/span><\/a><\/li><li class=\"share-jetpack-whatsapp\"><a rel=\"nofollow noopener noreferrer\" data-shared=\"\" class=\"share-jetpack-whatsapp sd-button share-icon no-text\" href=\"http:\/\/www.rtvnoticias.com.ar\/?p=39083&amp;share=jetpack-whatsapp\" target=\"_blank\" title=\"Haz clic para compartir en WhatsApp\"><span><\/span><span class=\"sharing-screen-reader-text\">Haz clic para compartir en WhatsApp (Se abre en una ventana nueva)<\/span><\/a><\/li><li class=\"share-telegram\"><a rel=\"nofollow noopener noreferrer\" data-shared=\"\" class=\"share-telegram sd-button share-icon no-text\" href=\"http:\/\/www.rtvnoticias.com.ar\/?p=39083&amp;share=telegram\" target=\"_blank\" title=\"Haz clic para compartir en Telegram\"><span><\/span><span class=\"sharing-screen-reader-text\">Haz clic para compartir en Telegram (Se abre en una ventana nueva)<\/span><\/a><\/li><li class=\"share-end\"><\/li><\/ul><\/div><\/div><\/div>","protected":false},"excerpt":{"rendered":"<p>Los fondos pertenecen a un juicio que gan\u00f3 La Pampa a Naci\u00f3n. Se destinar\u00e1n a la construcci\u00f3n de viviendas y una parte ($2.531 millones) ir\u00e1<\/p>\n<div class=\"sharedaddy sd-sharing-enabled\"><div class=\"robots-nocontent sd-block sd-social sd-social-icon sd-sharing\"><h3 class=\"sd-title\">Comparte esto:<\/h3><div class=\"sd-content\"><ul><li class=\"share-twitter\"><a rel=\"nofollow noopener noreferrer\" data-shared=\"sharing-twitter-39083\" class=\"share-twitter sd-button share-icon no-text\" href=\"http:\/\/www.rtvnoticias.com.ar\/?p=39083&amp;share=twitter\" target=\"_blank\" title=\"Haz clic para compartir en Twitter\"><span><\/span><span class=\"sharing-screen-reader-text\">Haz clic para compartir en Twitter (Se abre en una ventana nueva)<\/span><\/a><\/li><li class=\"share-facebook\"><a rel=\"nofollow noopener noreferrer\" data-shared=\"sharing-facebook-39083\" class=\"share-facebook sd-button share-icon no-text\" href=\"http:\/\/www.rtvnoticias.com.ar\/?p=39083&amp;share=facebook\" target=\"_blank\" title=\"Haz clic para compartir en Facebook\"><span><\/span><span class=\"sharing-screen-reader-text\">Haz clic para compartir en Facebook (Se abre en una ventana nueva)<\/span><\/a><\/li><li class=\"share-jetpack-whatsapp\"><a rel=\"nofollow noopener noreferrer\" data-shared=\"\" class=\"share-jetpack-whatsapp sd-button share-icon no-text\" href=\"http:\/\/www.rtvnoticias.com.ar\/?p=39083&amp;share=jetpack-whatsapp\" target=\"_blank\" title=\"Haz clic para compartir en WhatsApp\"><span><\/span><span class=\"sharing-screen-reader-text\">Haz clic para compartir en WhatsApp (Se abre en una ventana nueva)<\/span><\/a><\/li><li class=\"share-telegram\"><a rel=\"nofollow noopener noreferrer\" data-shared=\"\" class=\"share-telegram sd-button share-icon no-text\" href=\"http:\/\/www.rtvnoticias.com.ar\/?p=39083&amp;share=telegram\" target=\"_blank\" title=\"Haz clic para compartir en Telegram\"><span><\/span><span class=\"sharing-screen-reader-text\">Haz clic para compartir en Telegram (Se abre en una ventana nueva)<\/span><\/a><\/li><li class=\"share-end\"><\/li><\/ul><\/div><\/div><\/div>","protected":false},"author":5,"featured_media":0,"comment_status":"closed","ping_status":"closed","sticky":false,"template":"","format":"standard","meta":{"spay_email":"","jetpack_publicize_message":"","jetpack_is_tweetstorm":false,"jetpack_publicize_feature_enabled":true},"categories":[1],"tags":[],"jetpack_featured_media_url":"","jetpack_publicize_connections":[],"jetpack_sharing_enabled":true,"_links":{"self":[{"href":"http:\/\/www.rtvnoticias.com.ar\/index.php?rest_route=\/wp\/v2\/posts\/39083"}],"collection":[{"href":"http:\/\/www.rtvnoticias.com.ar\/index.php?rest_route=\/wp\/v2\/posts"}],"about":[{"href":"http:\/\/www.rtvnoticias.com.ar\/index.php?rest_route=\/wp\/v2\/types\/post"}],"author":[{"embeddable":true,"href":"http:\/\/www.rtvnoticias.com.ar\/index.php?rest_route=\/wp\/v2\/users\/5"}],"replies":[{"embeddable":true,"href":"http:\/\/www.rtvnoticias.com.ar\/index.php?rest_route=%2Fwp%2Fv2%2Fcomments&post=39083"}],"version-history":[{"count":1,"href":"http:\/\/www.rtvnoticias.com.ar\/index.php?rest_route=\/wp\/v2\/posts\/39083\/revisions"}],"predecessor-version":[{"id":39085,"href":"http:\/\/www.rtvnoticias.com.ar\/index.php?rest_route=\/wp\/v2\/posts\/39083\/revisions\/39085"}],"wp:attachment":[{"href":"http:\/\/www.rtvnoticias.com.ar\/index.php?rest_route=%2Fwp%2Fv2%2Fmedia&parent=39083"}],"wp:term":[{"taxonomy":"category","embeddable":true,"href":"http:\/\/www.rtvnoticias.com.ar\/index.php?rest_route=%2Fwp%2Fv2%2Fcategories&post=39083"},{"taxonomy":"post_tag","embeddable":true,"href":"http:\/\/www.rtvnoticias.com.ar\/index.php?rest_route=%2Fwp%2Fv2%2Ftags&post=39083"}],"curies":[{"name":"wp","href":"https:\/\/api.w.org\/{rel}","templated":true}]}}