{"id":39096,"date":"2023-11-04T17:57:27","date_gmt":"2023-11-04T20:57:27","guid":{"rendered":"http:\/\/www.rtvnoticias.com.ar\/?p=39096"},"modified":"2023-11-04T17:57:30","modified_gmt":"2023-11-04T20:57:30","slug":"alonso-recorrio-la-expo-verde","status":"publish","type":"post","link":"http:\/\/www.rtvnoticias.com.ar\/?p=39096","title":{"rendered":"Alonso recorri\u00f3 la Expo Verde"},"content":{"rendered":"\n<p>Durante la tarde del s\u00e1bado la mandataria local particip\u00f3 del primer d\u00eda de la 3\u00b0 Edici\u00f3n de la Expo Verde en el predio de la Sociedad Rural con una gran convocatoria. La propuesta, con entrada libre y gratuita, continuar\u00e1 ma\u00f1ana\u00a0domingo 5, de 10:00 a 20:30, en\u00a0calle 40 y 25\u00a0con m\u00e1s de 40 stands.<\/p>\n\n\n\n<figure class=\"wp-block-image size-large\"><img data-attachment-id=\"39097\" data-permalink=\"http:\/\/www.rtvnoticias.com.ar\/?attachment_id=39097\" data-orig-file=\"http:\/\/www.rtvnoticias.com.ar\/wp-content\/uploads\/2023\/11\/F1C06346-2355-4825-B6A9-EDEA032DA72A.jpeg\" data-orig-size=\"640,426\" data-comments-opened=\"0\" data-image-meta=\"{&quot;aperture&quot;:&quot;0&quot;,&quot;credit&quot;:&quot;&quot;,&quot;camera&quot;:&quot;&quot;,&quot;caption&quot;:&quot;&quot;,&quot;created_timestamp&quot;:&quot;0&quot;,&quot;copyright&quot;:&quot;&quot;,&quot;focal_length&quot;:&quot;0&quot;,&quot;iso&quot;:&quot;0&quot;,&quot;shutter_speed&quot;:&quot;0&quot;,&quot;title&quot;:&quot;&quot;,&quot;orientation&quot;:&quot;1&quot;}\" data-image-title=\"F1C06346-2355-4825-B6A9-EDEA032DA72A\" data-image-description=\"\" data-image-caption=\"\" data-medium-file=\"http:\/\/www.rtvnoticias.com.ar\/wp-content\/uploads\/2023\/11\/F1C06346-2355-4825-B6A9-EDEA032DA72A-300x200.jpeg\" data-large-file=\"http:\/\/www.rtvnoticias.com.ar\/wp-content\/uploads\/2023\/11\/F1C06346-2355-4825-B6A9-EDEA032DA72A.jpeg\" decoding=\"async\" loading=\"lazy\" width=\"640\" height=\"426\" src=\"http:\/\/www.rtvnoticias.com.ar\/wp-content\/uploads\/2023\/11\/F1C06346-2355-4825-B6A9-EDEA032DA72A.jpeg\" alt=\"\" class=\"wp-image-39097\" srcset=\"http:\/\/www.rtvnoticias.com.ar\/wp-content\/uploads\/2023\/11\/F1C06346-2355-4825-B6A9-EDEA032DA72A.jpeg 640w, http:\/\/www.rtvnoticias.com.ar\/wp-content\/uploads\/2023\/11\/F1C06346-2355-4825-B6A9-EDEA032DA72A-300x200.jpeg 300w\" sizes=\"(max-width: 640px) 100vw, 640px\" \/><\/figure>\n\n\n\n<p>En este sentido, quienes deseen acercarse al segundo d\u00eda podr\u00e1n disfrutar de talleres abiertos a la comunidad.&nbsp;A las 16:00&nbsp;horas, \u201cCompostaje Domiciliario\u201d, a cargo de Terr\u00e1queo Composteras, mientras que&nbsp;a las 17:00&nbsp;horas ser\u00e1 el turno de \u201cLas Arom\u00e1ticas en la Huerta Familiar\u201d, cuyo responsable ser\u00e1 el ingeniero agr\u00f3nomo Rodrigo Allier.<\/p>\n\n\n\n<p>Respecto a la propuesta art\u00edstica,&nbsp;a las 15:00, se presentar\u00e1n Les Cachivaches;&nbsp;a las 18:30, Paola Garc\u00eda y&nbsp;a las 19:30, Mamalokura.<\/p>\n\n\n\n<p>En relaci\u00f3n al comienzo de la iniciativa, la mandataria local destac\u00f3: \u201cEsta es la posibilidad de que todos los que se dedican a la floricultura puedan venir a mostrar, vender y exponer. A compartir con otras personas que producen y se dedican al tema\u201d.<\/p>\n\n\n\n<p>\u201cTenemos dos modalidades, esta en primavera verano y otra en oto\u00f1o invierno, dos momentos de reposici\u00f3n que deciden los expositores, que son quienes saben. Hay mucha diversidad y la opci\u00f3n de llevarte accesorios para poner en valor cualquier jard\u00edn y el hogar. Es un lugar para disfrutar\u201d, a\u00f1adi\u00f3.&nbsp;<\/p>\n\n\n\n<p>De la misma manera, prosigui\u00f3: \u201cCada feria de emprendimientos es un espacio permanente que sostenemos mensualmente en distintos lugares, tambi\u00e9n con las y los artesanos. El objetivo es ir instituyendo momentos y lugares de comercializaci\u00f3n en distintos puntos de la ciudad\u201d.<\/p>\n\n\n\n<p>\u201cNosotros acompa\u00f1amos la decisi\u00f3n que tiene una familia de autogestionarse, de generar un emprendimiento y de poder sostenerlo en el tiempo, y cuando vienen malas, acompa\u00f1arlos\u201d, continu\u00f3.<\/p>\n\n\n\n<p>A modo de cierre y en cuanto a los emprendimientos que se suman en cada feria, mencion\u00f3: \u201cAlgunos generan un producto y otros brindan servicios. Cada vez el ingenio de la gente es mayor y lo que tienen para ofrecer tambi\u00e9n. Son productos de muy buena calidad y gran diversidad\u201d.&nbsp;<\/p>\n<div class=\"sharedaddy sd-sharing-enabled\"><div class=\"robots-nocontent sd-block sd-social sd-social-icon sd-sharing\"><h3 class=\"sd-title\">Comparte esto:<\/h3><div class=\"sd-content\"><ul><li class=\"share-twitter\"><a rel=\"nofollow noopener noreferrer\" data-shared=\"sharing-twitter-39096\" class=\"share-twitter sd-button share-icon no-text\" href=\"http:\/\/www.rtvnoticias.com.ar\/?p=39096&amp;share=twitter\" target=\"_blank\" title=\"Haz clic para compartir en Twitter\"><span><\/span><span class=\"sharing-screen-reader-text\">Haz clic para compartir en Twitter (Se abre en una ventana nueva)<\/span><\/a><\/li><li class=\"share-facebook\"><a rel=\"nofollow noopener noreferrer\" data-shared=\"sharing-facebook-39096\" class=\"share-facebook sd-button share-icon no-text\" href=\"http:\/\/www.rtvnoticias.com.ar\/?p=39096&amp;share=facebook\" target=\"_blank\" title=\"Haz clic para compartir en Facebook\"><span><\/span><span class=\"sharing-screen-reader-text\">Haz clic para compartir en Facebook (Se abre en una ventana nueva)<\/span><\/a><\/li><li class=\"share-jetpack-whatsapp\"><a rel=\"nofollow noopener noreferrer\" data-shared=\"\" class=\"share-jetpack-whatsapp sd-button share-icon no-text\" href=\"http:\/\/www.rtvnoticias.com.ar\/?p=39096&amp;share=jetpack-whatsapp\" target=\"_blank\" title=\"Haz clic para compartir en WhatsApp\"><span><\/span><span class=\"sharing-screen-reader-text\">Haz clic para compartir en WhatsApp (Se abre en una ventana nueva)<\/span><\/a><\/li><li class=\"share-telegram\"><a rel=\"nofollow noopener noreferrer\" data-shared=\"\" class=\"share-telegram sd-button share-icon no-text\" href=\"http:\/\/www.rtvnoticias.com.ar\/?p=39096&amp;share=telegram\" target=\"_blank\" title=\"Haz clic para compartir en Telegram\"><span><\/span><span class=\"sharing-screen-reader-text\">Haz clic para compartir en Telegram (Se abre en una ventana nueva)<\/span><\/a><\/li><li class=\"share-end\"><\/li><\/ul><\/div><\/div><\/div>","protected":false},"excerpt":{"rendered":"<p>Durante la tarde del s\u00e1bado la mandataria local particip\u00f3 del primer d\u00eda de la 3\u00b0 Edici\u00f3n de la Expo Verde en el predio de la<\/p>\n<div class=\"sharedaddy sd-sharing-enabled\"><div class=\"robots-nocontent sd-block sd-social sd-social-icon sd-sharing\"><h3 class=\"sd-title\">Comparte esto:<\/h3><div class=\"sd-content\"><ul><li class=\"share-twitter\"><a rel=\"nofollow noopener noreferrer\" data-shared=\"sharing-twitter-39096\" class=\"share-twitter sd-button share-icon no-text\" href=\"http:\/\/www.rtvnoticias.com.ar\/?p=39096&amp;share=twitter\" target=\"_blank\" title=\"Haz clic para compartir en Twitter\"><span><\/span><span class=\"sharing-screen-reader-text\">Haz clic para compartir en Twitter (Se abre en una ventana nueva)<\/span><\/a><\/li><li class=\"share-facebook\"><a rel=\"nofollow noopener noreferrer\" data-shared=\"sharing-facebook-39096\" class=\"share-facebook sd-button share-icon no-text\" href=\"http:\/\/www.rtvnoticias.com.ar\/?p=39096&amp;share=facebook\" target=\"_blank\" title=\"Haz clic para compartir en Facebook\"><span><\/span><span class=\"sharing-screen-reader-text\">Haz clic para compartir en Facebook (Se abre en una ventana nueva)<\/span><\/a><\/li><li class=\"share-jetpack-whatsapp\"><a rel=\"nofollow noopener noreferrer\" data-shared=\"\" class=\"share-jetpack-whatsapp sd-button share-icon no-text\" href=\"http:\/\/www.rtvnoticias.com.ar\/?p=39096&amp;share=jetpack-whatsapp\" target=\"_blank\" title=\"Haz clic para compartir en WhatsApp\"><span><\/span><span class=\"sharing-screen-reader-text\">Haz clic para compartir en WhatsApp (Se abre en una ventana nueva)<\/span><\/a><\/li><li class=\"share-telegram\"><a rel=\"nofollow noopener noreferrer\" data-shared=\"\" class=\"share-telegram sd-button share-icon no-text\" href=\"http:\/\/www.rtvnoticias.com.ar\/?p=39096&amp;share=telegram\" target=\"_blank\" title=\"Haz clic para compartir en Telegram\"><span><\/span><span class=\"sharing-screen-reader-text\">Haz clic para compartir en Telegram (Se abre en una ventana nueva)<\/span><\/a><\/li><li class=\"share-end\"><\/li><\/ul><\/div><\/div><\/div>","protected":false},"author":5,"featured_media":0,"comment_status":"closed","ping_status":"closed","sticky":false,"template":"","format":"standard","meta":{"spay_email":"","jetpack_publicize_message":"","jetpack_is_tweetstorm":false,"jetpack_publicize_feature_enabled":true},"categories":[1],"tags":[],"jetpack_featured_media_url":"","jetpack_publicize_connections":[],"jetpack_sharing_enabled":true,"_links":{"self":[{"href":"http:\/\/www.rtvnoticias.com.ar\/index.php?rest_route=\/wp\/v2\/posts\/39096"}],"collection":[{"href":"http:\/\/www.rtvnoticias.com.ar\/index.php?rest_route=\/wp\/v2\/posts"}],"about":[{"href":"http:\/\/www.rtvnoticias.com.ar\/index.php?rest_route=\/wp\/v2\/types\/post"}],"author":[{"embeddable":true,"href":"http:\/\/www.rtvnoticias.com.ar\/index.php?rest_route=\/wp\/v2\/users\/5"}],"replies":[{"embeddable":true,"href":"http:\/\/www.rtvnoticias.com.ar\/index.php?rest_route=%2Fwp%2Fv2%2Fcomments&post=39096"}],"version-history":[{"count":1,"href":"http:\/\/www.rtvnoticias.com.ar\/index.php?rest_route=\/wp\/v2\/posts\/39096\/revisions"}],"predecessor-version":[{"id":39098,"href":"http:\/\/www.rtvnoticias.com.ar\/index.php?rest_route=\/wp\/v2\/posts\/39096\/revisions\/39098"}],"wp:attachment":[{"href":"http:\/\/www.rtvnoticias.com.ar\/index.php?rest_route=%2Fwp%2Fv2%2Fmedia&parent=39096"}],"wp:term":[{"taxonomy":"category","embeddable":true,"href":"http:\/\/www.rtvnoticias.com.ar\/index.php?rest_route=%2Fwp%2Fv2%2Fcategories&post=39096"},{"taxonomy":"post_tag","embeddable":true,"href":"http:\/\/www.rtvnoticias.com.ar\/index.php?rest_route=%2Fwp%2Fv2%2Ftags&post=39096"}],"curies":[{"name":"wp","href":"https:\/\/api.w.org\/{rel}","templated":true}]}}