{"id":39101,"date":"2023-11-05T19:08:12","date_gmt":"2023-11-05T22:08:12","guid":{"rendered":"http:\/\/www.rtvnoticias.com.ar\/?p=39101"},"modified":"2023-11-05T19:08:14","modified_gmt":"2023-11-05T22:08:14","slug":"finalizo-bas21-y-se-consagro-campeon-los-tigres-de-capilla-del-senor","status":"publish","type":"post","link":"http:\/\/www.rtvnoticias.com.ar\/?p=39101","title":{"rendered":"Finaliz\u00f3 BAS21 y se consagr\u00f3 campe\u00f3n Los  Tigres de Capilla del Se\u00f1or"},"content":{"rendered":"\n<p>La Municipalidad de General Pico concret\u00f3 este domingo la final de la 2\u00b0 Edici\u00f3n del Torneo Nacional de b\u00e1squet para personas con s\u00edndrome de Down, en las instalaciones de Pico Football Club, con el emotivo triunfo de Los Tigres de Capilla del Se\u00f1or quienes ya se hab\u00edan consagrado campeones en el BAS21 del a\u00f1o pasado.<\/p>\n\n\n\n<figure class=\"wp-block-image size-large\"><img data-attachment-id=\"39102\" data-permalink=\"http:\/\/www.rtvnoticias.com.ar\/?attachment_id=39102\" data-orig-file=\"http:\/\/www.rtvnoticias.com.ar\/wp-content\/uploads\/2023\/11\/149F6C2F-BD3D-47A9-B826-3C6143E27F2B.jpeg\" data-orig-size=\"640,360\" data-comments-opened=\"0\" data-image-meta=\"{&quot;aperture&quot;:&quot;0&quot;,&quot;credit&quot;:&quot;&quot;,&quot;camera&quot;:&quot;&quot;,&quot;caption&quot;:&quot;&quot;,&quot;created_timestamp&quot;:&quot;0&quot;,&quot;copyright&quot;:&quot;&quot;,&quot;focal_length&quot;:&quot;0&quot;,&quot;iso&quot;:&quot;0&quot;,&quot;shutter_speed&quot;:&quot;0&quot;,&quot;title&quot;:&quot;&quot;,&quot;orientation&quot;:&quot;1&quot;}\" data-image-title=\"149F6C2F-BD3D-47A9-B826-3C6143E27F2B\" data-image-description=\"\" data-image-caption=\"\" data-medium-file=\"http:\/\/www.rtvnoticias.com.ar\/wp-content\/uploads\/2023\/11\/149F6C2F-BD3D-47A9-B826-3C6143E27F2B-300x169.jpeg\" data-large-file=\"http:\/\/www.rtvnoticias.com.ar\/wp-content\/uploads\/2023\/11\/149F6C2F-BD3D-47A9-B826-3C6143E27F2B.jpeg\" decoding=\"async\" loading=\"lazy\" width=\"640\" height=\"360\" src=\"http:\/\/www.rtvnoticias.com.ar\/wp-content\/uploads\/2023\/11\/149F6C2F-BD3D-47A9-B826-3C6143E27F2B.jpeg\" alt=\"\" class=\"wp-image-39102\" srcset=\"http:\/\/www.rtvnoticias.com.ar\/wp-content\/uploads\/2023\/11\/149F6C2F-BD3D-47A9-B826-3C6143E27F2B.jpeg 640w, http:\/\/www.rtvnoticias.com.ar\/wp-content\/uploads\/2023\/11\/149F6C2F-BD3D-47A9-B826-3C6143E27F2B-300x169.jpeg 300w, http:\/\/www.rtvnoticias.com.ar\/wp-content\/uploads\/2023\/11\/149F6C2F-BD3D-47A9-B826-3C6143E27F2B-480x270.jpeg 480w\" sizes=\"(max-width: 640px) 100vw, 640px\" \/><\/figure>\n\n\n\n<p>Asimismo, el 2\u00b0 lugar fue obtenido por el equipo Litoral, combinado de Santa Fe y Entre R\u00edos; el 3\u00b0 por el local, Par 21; mientras que el 4\u00b0 se lo llev\u00f3 Tirando Paredes de la ciudad de Campana.<\/p>\n\n\n\n<p>Mart\u00edn Mendiara del equipo piquense fue el jugador destacado por su gran desempe\u00f1o a lo largo de todo el Torneo, y Los Pampas de Santa Rosa recibieron el reconocimiento al equipo fair play 2023.<\/p>\n\n\n\n<p>Luego de disputar los \u00faltimos partidos, se despleg\u00f3 la sentida premiaci\u00f3n para todos y todas las participantes, momento donde prim\u00f3 el compa\u00f1erismo por sobre los resultados finales. A modo de cierre las familias piquenses recibieron medallas por su acompa\u00f1amiento constante.<\/p>\n\n\n\n<p>En relaci\u00f3n al evento, la directora de Deportes, Mariela Lera mencion\u00f3: \u00abNos estalla el coraz\u00f3n de emoci\u00f3n de ver una vez m\u00e1s a la familia junto a las y los adolescentes, no solo de Pico, sino de aqu\u00e9llas que hicieron el sacrificio econ\u00f3mico e invirtieron su tiempo para venir y estar estos cuatro d\u00edas en nuestra ciudad\u201d.<\/p>\n\n\n\n<p>\u201cPara las y los jugadores la felicidad es enorme, hace que uno se replantee cu\u00e1ntas cosas nos quedan por aprender sobre solidaridad, compromiso y compa\u00f1erismo y amistad. Son los valores que queremos demostrar\u201d, a\u00f1adi\u00f3.<\/p>\n\n\n\n<p>En cuanto a la importancia de contar con pol\u00edticas p\u00fablicas activas destinadas al deporte y la inclusi\u00f3n destac\u00f3 que es algo primordial para el \u201cacompa\u00f1amiento de los y las deportistas y de las instituciones, algo posible gracias a un Estado presente y al apoyo de la familia. Dos ejes fundamentales para poder realizar este torneo\u201d, concluy\u00f3.&nbsp;<\/p>\n\n\n\n<p>Durante cuatro d\u00edas nuestra ciudad se visti\u00f3 de fiesta para alentar a los ocho equipos de Buenos Aires, C\u00f3rdoba, Entre R\u00edos, Santa F\u00e9 y La Pampa en las instalaciones del Club Sportivo Independiente y de Pico Football Club.<\/p>\n<div class=\"sharedaddy sd-sharing-enabled\"><div class=\"robots-nocontent sd-block sd-social sd-social-icon sd-sharing\"><h3 class=\"sd-title\">Comparte esto:<\/h3><div class=\"sd-content\"><ul><li class=\"share-twitter\"><a rel=\"nofollow noopener noreferrer\" data-shared=\"sharing-twitter-39101\" class=\"share-twitter sd-button share-icon no-text\" href=\"http:\/\/www.rtvnoticias.com.ar\/?p=39101&amp;share=twitter\" target=\"_blank\" title=\"Haz clic para compartir en Twitter\"><span><\/span><span class=\"sharing-screen-reader-text\">Haz clic para compartir en Twitter (Se abre en una ventana nueva)<\/span><\/a><\/li><li class=\"share-facebook\"><a rel=\"nofollow noopener noreferrer\" data-shared=\"sharing-facebook-39101\" class=\"share-facebook sd-button share-icon no-text\" href=\"http:\/\/www.rtvnoticias.com.ar\/?p=39101&amp;share=facebook\" target=\"_blank\" title=\"Haz clic para compartir en Facebook\"><span><\/span><span class=\"sharing-screen-reader-text\">Haz clic para compartir en Facebook (Se abre en una ventana nueva)<\/span><\/a><\/li><li class=\"share-jetpack-whatsapp\"><a rel=\"nofollow noopener noreferrer\" data-shared=\"\" class=\"share-jetpack-whatsapp sd-button share-icon no-text\" href=\"http:\/\/www.rtvnoticias.com.ar\/?p=39101&amp;share=jetpack-whatsapp\" target=\"_blank\" title=\"Haz clic para compartir en WhatsApp\"><span><\/span><span class=\"sharing-screen-reader-text\">Haz clic para compartir en WhatsApp (Se abre en una ventana nueva)<\/span><\/a><\/li><li class=\"share-telegram\"><a rel=\"nofollow noopener noreferrer\" data-shared=\"\" class=\"share-telegram sd-button share-icon no-text\" href=\"http:\/\/www.rtvnoticias.com.ar\/?p=39101&amp;share=telegram\" target=\"_blank\" title=\"Haz clic para compartir en Telegram\"><span><\/span><span class=\"sharing-screen-reader-text\">Haz clic para compartir en Telegram (Se abre en una ventana nueva)<\/span><\/a><\/li><li class=\"share-end\"><\/li><\/ul><\/div><\/div><\/div>","protected":false},"excerpt":{"rendered":"<p>La Municipalidad de General Pico concret\u00f3 este domingo la final de la 2\u00b0 Edici\u00f3n del Torneo Nacional de b\u00e1squet para personas con s\u00edndrome de Down,<\/p>\n<div class=\"sharedaddy sd-sharing-enabled\"><div class=\"robots-nocontent sd-block sd-social sd-social-icon sd-sharing\"><h3 class=\"sd-title\">Comparte esto:<\/h3><div class=\"sd-content\"><ul><li class=\"share-twitter\"><a rel=\"nofollow noopener noreferrer\" data-shared=\"sharing-twitter-39101\" class=\"share-twitter sd-button share-icon no-text\" href=\"http:\/\/www.rtvnoticias.com.ar\/?p=39101&amp;share=twitter\" target=\"_blank\" title=\"Haz clic para compartir en Twitter\"><span><\/span><span class=\"sharing-screen-reader-text\">Haz clic para compartir en Twitter (Se abre en una ventana nueva)<\/span><\/a><\/li><li class=\"share-facebook\"><a rel=\"nofollow noopener noreferrer\" data-shared=\"sharing-facebook-39101\" class=\"share-facebook sd-button share-icon no-text\" href=\"http:\/\/www.rtvnoticias.com.ar\/?p=39101&amp;share=facebook\" target=\"_blank\" title=\"Haz clic para compartir en Facebook\"><span><\/span><span class=\"sharing-screen-reader-text\">Haz clic para compartir en Facebook (Se abre en una ventana nueva)<\/span><\/a><\/li><li class=\"share-jetpack-whatsapp\"><a rel=\"nofollow noopener noreferrer\" data-shared=\"\" class=\"share-jetpack-whatsapp sd-button share-icon no-text\" href=\"http:\/\/www.rtvnoticias.com.ar\/?p=39101&amp;share=jetpack-whatsapp\" target=\"_blank\" title=\"Haz clic para compartir en WhatsApp\"><span><\/span><span class=\"sharing-screen-reader-text\">Haz clic para compartir en WhatsApp (Se abre en una ventana nueva)<\/span><\/a><\/li><li class=\"share-telegram\"><a rel=\"nofollow noopener noreferrer\" data-shared=\"\" class=\"share-telegram sd-button share-icon no-text\" href=\"http:\/\/www.rtvnoticias.com.ar\/?p=39101&amp;share=telegram\" target=\"_blank\" title=\"Haz clic para compartir en Telegram\"><span><\/span><span class=\"sharing-screen-reader-text\">Haz clic para compartir en Telegram (Se abre en una ventana nueva)<\/span><\/a><\/li><li class=\"share-end\"><\/li><\/ul><\/div><\/div><\/div>","protected":false},"author":5,"featured_media":0,"comment_status":"closed","ping_status":"closed","sticky":false,"template":"","format":"standard","meta":{"spay_email":"","jetpack_publicize_message":"","jetpack_is_tweetstorm":false,"jetpack_publicize_feature_enabled":true},"categories":[1],"tags":[],"jetpack_featured_media_url":"","jetpack_publicize_connections":[],"jetpack_sharing_enabled":true,"_links":{"self":[{"href":"http:\/\/www.rtvnoticias.com.ar\/index.php?rest_route=\/wp\/v2\/posts\/39101"}],"collection":[{"href":"http:\/\/www.rtvnoticias.com.ar\/index.php?rest_route=\/wp\/v2\/posts"}],"about":[{"href":"http:\/\/www.rtvnoticias.com.ar\/index.php?rest_route=\/wp\/v2\/types\/post"}],"author":[{"embeddable":true,"href":"http:\/\/www.rtvnoticias.com.ar\/index.php?rest_route=\/wp\/v2\/users\/5"}],"replies":[{"embeddable":true,"href":"http:\/\/www.rtvnoticias.com.ar\/index.php?rest_route=%2Fwp%2Fv2%2Fcomments&post=39101"}],"version-history":[{"count":1,"href":"http:\/\/www.rtvnoticias.com.ar\/index.php?rest_route=\/wp\/v2\/posts\/39101\/revisions"}],"predecessor-version":[{"id":39103,"href":"http:\/\/www.rtvnoticias.com.ar\/index.php?rest_route=\/wp\/v2\/posts\/39101\/revisions\/39103"}],"wp:attachment":[{"href":"http:\/\/www.rtvnoticias.com.ar\/index.php?rest_route=%2Fwp%2Fv2%2Fmedia&parent=39101"}],"wp:term":[{"taxonomy":"category","embeddable":true,"href":"http:\/\/www.rtvnoticias.com.ar\/index.php?rest_route=%2Fwp%2Fv2%2Fcategories&post=39101"},{"taxonomy":"post_tag","embeddable":true,"href":"http:\/\/www.rtvnoticias.com.ar\/index.php?rest_route=%2Fwp%2Fv2%2Ftags&post=39101"}],"curies":[{"name":"wp","href":"https:\/\/api.w.org\/{rel}","templated":true}]}}