{"id":39105,"date":"2023-11-06T10:27:46","date_gmt":"2023-11-06T13:27:46","guid":{"rendered":"http:\/\/www.rtvnoticias.com.ar\/?p=39105"},"modified":"2023-11-06T10:27:48","modified_gmt":"2023-11-06T13:27:48","slug":"cinco-muertos-y-seis-heridos-graves-en-choque-frontal","status":"publish","type":"post","link":"http:\/\/www.rtvnoticias.com.ar\/?p=39105","title":{"rendered":"Cinco muertos y seis heridos graves en choque frontal"},"content":{"rendered":"\n<p>Cinco muertos\u00a0y\u00a0seis heridos\u00a0de diversa consideraci\u00f3n fue el saldo que dej\u00f3 un accidente de tr\u00e1nsito, ocurrido en la ruta S-253, que une las localidades cordobesas de Monte Ralo y Despe\u00f1aderos, en el sur de la provincia de C\u00f3rdoba.<\/p>\n\n\n\n<p>Por causas que se investigan, una&nbsp;<em>traffic<\/em>, que llevaba de regreso a un grupo de j\u00f3venes futbolistas de la reserva del Club Deportivo Casino de R\u00edo Tercero, choc\u00f3 de frente con una camioneta Toyota Hilux.<\/p>\n\n\n\n<p>Como consecuencia del impacto, el veh\u00edculo que trasladaba a los deportistas\u00a0se prendi\u00f3 fuego\u00a0y origin\u00f3 un incendio forestal que oblig\u00f3 a trabajar a varias dotaciones de bomberos de la zona, seg\u00fan lo informado a\u00a0Cadena 3\u00a0por el jefe de Bomberos de R\u00edo Tercero, Abel Dom\u00ednguez.<\/p>\n\n\n\n<figure class=\"wp-block-image\"><img decoding=\"async\" src=\"https:\/\/www.cadena3.com\/admin\/playerswf\/fotos\/ARCHI_1033404.jpg\" alt=\"\"\/><\/figure>\n\n\n\n<p>Las v\u00edctimas fatales son dos integrantes del plantel, el padre de uno de los futbolistas, el chofer del minib\u00fas, todos \u00e9stos de R\u00edo Tercero, y el conductor de la camioneta, un hombre oriundo de Despe\u00f1aderos, seg\u00fan lo precisado a\u00a0Cadena 3\u00a0por el secretario de Seguridad de R\u00edo Tercero, Miguel Canuto.\u00a0 \u00a0<\/p>\n\n\n\n<p>Tres de los seis heridos fueron trasladados al hospital de R\u00edo Tercero. Los restantes fueron derivados a nosocomios de C\u00f3rdoba, Alta Gracia y Despe\u00f1aderos.&nbsp; \u00abAlgunos ten\u00edan quebraduras y lesiones importantes\u00bb, se\u00f1al\u00f3 Canuto.&nbsp;&nbsp;<\/p>\n\n\n\n<p>Los j\u00f3venes futbolistas volv\u00edan a su ciudad tras haber jugado un partido por la liga local ante el club Alianza de Despe\u00f1aderos.<\/p>\n\n\n\n<p>Apenas conocido el tr\u00e1gico accidente, la Municipalidad de R\u00edo Tercero expres\u00f3, a trav\u00e9s de un comunicado, que \u201cse une a la comunidad en este momento de profundo pesar y tristeza\u201d.<\/p>\n\n\n\n<p>\u201cEs con gran consternaci\u00f3n que expresamos nuestras condolencias m\u00e1s sinceras a las familias y seres queridos de quienes perdieron la vida en el tr\u00e1gico accidente vehicular, que involucra a una combi que trasladaba jugadores del Club Deportivo Casino\u201d, reza el texto.<\/p>\n\n\n\n<p>La Municipalidad de R\u00edo Tercero declar\u00f3 duelo de 72 horas en memoria de los fallecidos.<\/p>\n\n\n\n<p>\u201cDurante este tiempo, invitamos a la comunidad a unirse en el luto y a prestar apoyo a las familias afectadas. Reiteramos nuestro m\u00e1s profundo p\u00e9same y solidaridad con las familias de las v\u00edctimas. Nuestros pensamientos y oraciones est\u00e1n con todos los afectados por esta dolorosa p\u00e9rdida\u201d, concluye el comunicado.<\/p>\n\n\n\n<p>En di\u00e1logo con\u00a0Cadena 3, Miguel Canuto, secretario de Seguridad de R\u00edo Tercero dijo que en comunicaci\u00f3n con el presidente del Club, dos de los heridos\u00a0 m\u00e1s complicados fueron trasladados a C\u00f3rdoba.<\/p>\n\n\n\n<p>Y se\u00f1al\u00f3 que todav\u00eda no determinaron las causas del choque: \u00abEs una cosa que no se entiende, los peritos trabajaron hasta altas horas de la noche, las condiciones estaban todas en buen estado y alguien debe haber usado el carril contrario, pero no se alcanza a ver y tom\u00f3 fuego el minib\u00fas, lo que complica la situaci\u00f3n\u00bb.<\/p>\n\n\n\n<p>Respecto a los 3 d\u00edas de duelo opin\u00f3: \u00abEs muy triste, es una ciudad donde se trata de j\u00f3venes de clubes y donde nos conocemos todos\u00bb.\u00a0<\/p>\n\n\n\n<p>Este lunes por la ma\u00f1ana, la directora del Hospital de R\u00edo Tercero, Andrea Zalazar, indic\u00f3 en di\u00e1logo con\u00a0Cadena 3\u00a0que, de las tres personas que se encuentran internadas all\u00ed, estar\u00edan fuera de peligro con traumatismos menores.<\/p>\n\n\n\n<p>En la ciudad de C\u00f3rdoba, el joven de 19 a\u00f1os que permanec\u00eda internado en el Nuevo Hospital San Roque estaba fuera de peligro, pero seguir\u00e1 algunos d\u00edas m\u00e1s en observaci\u00f3n.<\/p>\n\n\n\n<p>\u00abIngres\u00f3 con una primera atenci\u00f3n en Despe\u00f1aderos, luego en Alta Gracia y finalmente lleg\u00f3 al San Roque. Hoy se estar\u00e1 reevaluando la parte traumatol\u00f3gica. El paciente estar\u00e1 en observaci\u00f3n, pero se encuentra estable y no ha entrado con lesiones como quemaduras. Siempre es prudente una observaci\u00f3n antes del alta\u00bb, se\u00f1al\u00f3 a\u00a0Cadena 3\u00a0el director del nosocomio C\u00e9sar Bertaina.<\/p>\n<div class=\"sharedaddy sd-sharing-enabled\"><div class=\"robots-nocontent sd-block sd-social sd-social-icon sd-sharing\"><h3 class=\"sd-title\">Comparte esto:<\/h3><div class=\"sd-content\"><ul><li class=\"share-twitter\"><a rel=\"nofollow noopener noreferrer\" data-shared=\"sharing-twitter-39105\" class=\"share-twitter sd-button share-icon no-text\" href=\"http:\/\/www.rtvnoticias.com.ar\/?p=39105&amp;share=twitter\" target=\"_blank\" title=\"Haz clic para compartir en Twitter\"><span><\/span><span class=\"sharing-screen-reader-text\">Haz clic para compartir en Twitter (Se abre en una ventana nueva)<\/span><\/a><\/li><li class=\"share-facebook\"><a rel=\"nofollow noopener noreferrer\" data-shared=\"sharing-facebook-39105\" class=\"share-facebook sd-button share-icon no-text\" href=\"http:\/\/www.rtvnoticias.com.ar\/?p=39105&amp;share=facebook\" target=\"_blank\" title=\"Haz clic para compartir en Facebook\"><span><\/span><span class=\"sharing-screen-reader-text\">Haz clic para compartir en Facebook (Se abre en una ventana nueva)<\/span><\/a><\/li><li class=\"share-jetpack-whatsapp\"><a rel=\"nofollow noopener noreferrer\" data-shared=\"\" class=\"share-jetpack-whatsapp sd-button share-icon no-text\" href=\"http:\/\/www.rtvnoticias.com.ar\/?p=39105&amp;share=jetpack-whatsapp\" target=\"_blank\" title=\"Haz clic para compartir en WhatsApp\"><span><\/span><span class=\"sharing-screen-reader-text\">Haz clic para compartir en WhatsApp (Se abre en una ventana nueva)<\/span><\/a><\/li><li class=\"share-telegram\"><a rel=\"nofollow noopener noreferrer\" data-shared=\"\" class=\"share-telegram sd-button share-icon no-text\" href=\"http:\/\/www.rtvnoticias.com.ar\/?p=39105&amp;share=telegram\" target=\"_blank\" title=\"Haz clic para compartir en Telegram\"><span><\/span><span class=\"sharing-screen-reader-text\">Haz clic para compartir en Telegram (Se abre en una ventana nueva)<\/span><\/a><\/li><li class=\"share-end\"><\/li><\/ul><\/div><\/div><\/div>","protected":false},"excerpt":{"rendered":"<p>Cinco muertos\u00a0y\u00a0seis heridos\u00a0de diversa consideraci\u00f3n fue el saldo que dej\u00f3 un accidente de tr\u00e1nsito, ocurrido en la ruta S-253, que une las localidades cordobesas de<\/p>\n<div class=\"sharedaddy sd-sharing-enabled\"><div class=\"robots-nocontent sd-block sd-social sd-social-icon sd-sharing\"><h3 class=\"sd-title\">Comparte esto:<\/h3><div class=\"sd-content\"><ul><li class=\"share-twitter\"><a rel=\"nofollow noopener noreferrer\" data-shared=\"sharing-twitter-39105\" class=\"share-twitter sd-button share-icon no-text\" href=\"http:\/\/www.rtvnoticias.com.ar\/?p=39105&amp;share=twitter\" target=\"_blank\" title=\"Haz clic para compartir en Twitter\"><span><\/span><span class=\"sharing-screen-reader-text\">Haz clic para compartir en Twitter (Se abre en una ventana nueva)<\/span><\/a><\/li><li class=\"share-facebook\"><a rel=\"nofollow noopener noreferrer\" data-shared=\"sharing-facebook-39105\" class=\"share-facebook sd-button share-icon no-text\" href=\"http:\/\/www.rtvnoticias.com.ar\/?p=39105&amp;share=facebook\" target=\"_blank\" title=\"Haz clic para compartir en Facebook\"><span><\/span><span class=\"sharing-screen-reader-text\">Haz clic para compartir en Facebook (Se abre en una ventana nueva)<\/span><\/a><\/li><li class=\"share-jetpack-whatsapp\"><a rel=\"nofollow noopener noreferrer\" data-shared=\"\" class=\"share-jetpack-whatsapp sd-button share-icon no-text\" href=\"http:\/\/www.rtvnoticias.com.ar\/?p=39105&amp;share=jetpack-whatsapp\" target=\"_blank\" title=\"Haz clic para compartir en WhatsApp\"><span><\/span><span class=\"sharing-screen-reader-text\">Haz clic para compartir en WhatsApp (Se abre en una ventana nueva)<\/span><\/a><\/li><li class=\"share-telegram\"><a rel=\"nofollow noopener noreferrer\" data-shared=\"\" class=\"share-telegram sd-button share-icon no-text\" href=\"http:\/\/www.rtvnoticias.com.ar\/?p=39105&amp;share=telegram\" target=\"_blank\" title=\"Haz clic para compartir en Telegram\"><span><\/span><span class=\"sharing-screen-reader-text\">Haz clic para compartir en Telegram (Se abre en una ventana nueva)<\/span><\/a><\/li><li class=\"share-end\"><\/li><\/ul><\/div><\/div><\/div>","protected":false},"author":5,"featured_media":39106,"comment_status":"closed","ping_status":"closed","sticky":false,"template":"","format":"standard","meta":{"spay_email":"","jetpack_publicize_message":"","jetpack_is_tweetstorm":false,"jetpack_publicize_feature_enabled":true},"categories":[5],"tags":[4355],"jetpack_featured_media_url":"http:\/\/www.rtvnoticias.com.ar\/wp-content\/uploads\/2023\/11\/auto-incendio.jpg","jetpack_publicize_connections":[],"jetpack_sharing_enabled":true,"_links":{"self":[{"href":"http:\/\/www.rtvnoticias.com.ar\/index.php?rest_route=\/wp\/v2\/posts\/39105"}],"collection":[{"href":"http:\/\/www.rtvnoticias.com.ar\/index.php?rest_route=\/wp\/v2\/posts"}],"about":[{"href":"http:\/\/www.rtvnoticias.com.ar\/index.php?rest_route=\/wp\/v2\/types\/post"}],"author":[{"embeddable":true,"href":"http:\/\/www.rtvnoticias.com.ar\/index.php?rest_route=\/wp\/v2\/users\/5"}],"replies":[{"embeddable":true,"href":"http:\/\/www.rtvnoticias.com.ar\/index.php?rest_route=%2Fwp%2Fv2%2Fcomments&post=39105"}],"version-history":[{"count":1,"href":"http:\/\/www.rtvnoticias.com.ar\/index.php?rest_route=\/wp\/v2\/posts\/39105\/revisions"}],"predecessor-version":[{"id":39107,"href":"http:\/\/www.rtvnoticias.com.ar\/index.php?rest_route=\/wp\/v2\/posts\/39105\/revisions\/39107"}],"wp:featuredmedia":[{"embeddable":true,"href":"http:\/\/www.rtvnoticias.com.ar\/index.php?rest_route=\/wp\/v2\/media\/39106"}],"wp:attachment":[{"href":"http:\/\/www.rtvnoticias.com.ar\/index.php?rest_route=%2Fwp%2Fv2%2Fmedia&parent=39105"}],"wp:term":[{"taxonomy":"category","embeddable":true,"href":"http:\/\/www.rtvnoticias.com.ar\/index.php?rest_route=%2Fwp%2Fv2%2Fcategories&post=39105"},{"taxonomy":"post_tag","embeddable":true,"href":"http:\/\/www.rtvnoticias.com.ar\/index.php?rest_route=%2Fwp%2Fv2%2Ftags&post=39105"}],"curies":[{"name":"wp","href":"https:\/\/api.w.org\/{rel}","templated":true}]}}