{"id":39111,"date":"2023-11-06T11:40:24","date_gmt":"2023-11-06T14:40:24","guid":{"rendered":"http:\/\/www.rtvnoticias.com.ar\/?p=39111"},"modified":"2023-11-06T11:40:28","modified_gmt":"2023-11-06T14:40:28","slug":"tandil-batio-el-record-y-tiene-el-salame-mas-largo-del-mundo","status":"publish","type":"post","link":"http:\/\/www.rtvnoticias.com.ar\/?p=39111","title":{"rendered":"Tandil bati\u00f3 el r\u00e9cord y tiene el salame m\u00e1s largo del mundo"},"content":{"rendered":"\n<p>El fin de semana se realiz\u00f3 en Tandil el \u201cFestival del Salame y Cerdo\u201d en el que los productores locales presentaron el\u00a0salame m\u00e1s largo del mundo\u00a0que bati\u00f3 un R\u00e9cord Guinness que se encontraba vigente desde julio de este a\u00f1o.\u00a0<\/p>\n\n\n\n<p>Este salame midi\u00f3 310,69 metros\u00a0y para elaborarlo se utilizaron\u00a0cientos de kilos de carne porcina\u00a0e intervinieron m\u00e1s de 100 personas contando todas las etapas del proceso de elaboraci\u00f3n que incluye la fase de embutido, estacionamiento, traslado al predio ferial y degustaci\u00f3n en el evento.\u00a0<\/p>\n\n\n\n<p>Todos los a\u00f1os los productores tandilenses presentan un salame de gran longitud en esta feria: en\u00a02022\u00a0hab\u00edan elaborado un\u00a0salame de 183,40 metros\u00a0que ostentaba el r\u00e9cord de m\u00e1s largo del mundo hasta que\u00a0en julio de 2023 los productores de Oncativo, C\u00f3rdoba, presentaron uno de 237 metros.\u00a0<\/p>\n\n\n\n<p>De esta manera, el\u00a0Cl\u00faster Porcino\u00a0de Tandil\u00a0quer\u00eda volver a\u00a0recuperar el premio mayor\u00a0y, teniendo en cuenta adem\u00e1s que la ciudad en este 2023 cumple 200 a\u00f1os, se propusieron superar al salame de Oncativo, otro centro tradicional de de elaboraci\u00f3n de chacinados en nuestro pa\u00eds.\u00a0\u00a0<\/p>\n\n\n\n<p>Lo lograron en el marco de un gran festejo que incluy\u00f3\u00a0food trucks, shows musicales en vivo,\u00a0exposici\u00f3n de autos cl\u00e1sicos\u00a0y salas de aventuras de escape para la recreaci\u00f3n de los m\u00e1s chicos.\u00a0<\/p>\n\n\n\n<p>Ahora el juego qued\u00f3 abierto y habr\u00e1 que ver que sucede el a\u00f1o que viene en Oncativo y si se arma el \u201ccl\u00e1sico nacional\u201d para ver qui\u00e9n tiene el salame casero m\u00e1s grande de la Argentina y del mundo.\u00a0<\/p>\n\n\n\n<p>Fuente: NA <\/p>\n<div class=\"sharedaddy sd-sharing-enabled\"><div class=\"robots-nocontent sd-block sd-social sd-social-icon sd-sharing\"><h3 class=\"sd-title\">Comparte esto:<\/h3><div class=\"sd-content\"><ul><li class=\"share-twitter\"><a rel=\"nofollow noopener noreferrer\" data-shared=\"sharing-twitter-39111\" class=\"share-twitter sd-button share-icon no-text\" href=\"http:\/\/www.rtvnoticias.com.ar\/?p=39111&amp;share=twitter\" target=\"_blank\" title=\"Haz clic para compartir en Twitter\"><span><\/span><span class=\"sharing-screen-reader-text\">Haz clic para compartir en Twitter (Se abre en una ventana nueva)<\/span><\/a><\/li><li class=\"share-facebook\"><a rel=\"nofollow noopener noreferrer\" data-shared=\"sharing-facebook-39111\" class=\"share-facebook sd-button share-icon no-text\" href=\"http:\/\/www.rtvnoticias.com.ar\/?p=39111&amp;share=facebook\" target=\"_blank\" title=\"Haz clic para compartir en Facebook\"><span><\/span><span class=\"sharing-screen-reader-text\">Haz clic para compartir en Facebook (Se abre en una ventana nueva)<\/span><\/a><\/li><li class=\"share-jetpack-whatsapp\"><a rel=\"nofollow noopener noreferrer\" data-shared=\"\" class=\"share-jetpack-whatsapp sd-button share-icon no-text\" href=\"http:\/\/www.rtvnoticias.com.ar\/?p=39111&amp;share=jetpack-whatsapp\" target=\"_blank\" title=\"Haz clic para compartir en WhatsApp\"><span><\/span><span class=\"sharing-screen-reader-text\">Haz clic para compartir en WhatsApp (Se abre en una ventana nueva)<\/span><\/a><\/li><li class=\"share-telegram\"><a rel=\"nofollow noopener noreferrer\" data-shared=\"\" class=\"share-telegram sd-button share-icon no-text\" href=\"http:\/\/www.rtvnoticias.com.ar\/?p=39111&amp;share=telegram\" target=\"_blank\" title=\"Haz clic para compartir en Telegram\"><span><\/span><span class=\"sharing-screen-reader-text\">Haz clic para compartir en Telegram (Se abre en una ventana nueva)<\/span><\/a><\/li><li class=\"share-end\"><\/li><\/ul><\/div><\/div><\/div>","protected":false},"excerpt":{"rendered":"<p>El fin de semana se realiz\u00f3 en Tandil el \u201cFestival del Salame y Cerdo\u201d en el que los productores locales presentaron el\u00a0salame m\u00e1s largo del<\/p>\n<div class=\"sharedaddy sd-sharing-enabled\"><div class=\"robots-nocontent sd-block sd-social sd-social-icon sd-sharing\"><h3 class=\"sd-title\">Comparte esto:<\/h3><div class=\"sd-content\"><ul><li class=\"share-twitter\"><a rel=\"nofollow noopener noreferrer\" data-shared=\"sharing-twitter-39111\" class=\"share-twitter sd-button share-icon no-text\" href=\"http:\/\/www.rtvnoticias.com.ar\/?p=39111&amp;share=twitter\" target=\"_blank\" title=\"Haz clic para compartir en Twitter\"><span><\/span><span class=\"sharing-screen-reader-text\">Haz clic para compartir en Twitter (Se abre en una ventana nueva)<\/span><\/a><\/li><li class=\"share-facebook\"><a rel=\"nofollow noopener noreferrer\" data-shared=\"sharing-facebook-39111\" class=\"share-facebook sd-button share-icon no-text\" href=\"http:\/\/www.rtvnoticias.com.ar\/?p=39111&amp;share=facebook\" target=\"_blank\" title=\"Haz clic para compartir en Facebook\"><span><\/span><span class=\"sharing-screen-reader-text\">Haz clic para compartir en Facebook (Se abre en una ventana nueva)<\/span><\/a><\/li><li class=\"share-jetpack-whatsapp\"><a rel=\"nofollow noopener noreferrer\" data-shared=\"\" class=\"share-jetpack-whatsapp sd-button share-icon no-text\" href=\"http:\/\/www.rtvnoticias.com.ar\/?p=39111&amp;share=jetpack-whatsapp\" target=\"_blank\" title=\"Haz clic para compartir en WhatsApp\"><span><\/span><span class=\"sharing-screen-reader-text\">Haz clic para compartir en WhatsApp (Se abre en una ventana nueva)<\/span><\/a><\/li><li class=\"share-telegram\"><a rel=\"nofollow noopener noreferrer\" data-shared=\"\" class=\"share-telegram sd-button share-icon no-text\" href=\"http:\/\/www.rtvnoticias.com.ar\/?p=39111&amp;share=telegram\" target=\"_blank\" title=\"Haz clic para compartir en Telegram\"><span><\/span><span class=\"sharing-screen-reader-text\">Haz clic para compartir en Telegram (Se abre en una ventana nueva)<\/span><\/a><\/li><li class=\"share-end\"><\/li><\/ul><\/div><\/div><\/div>","protected":false},"author":5,"featured_media":39112,"comment_status":"closed","ping_status":"closed","sticky":false,"template":"","format":"standard","meta":{"spay_email":"","jetpack_publicize_message":"","jetpack_is_tweetstorm":false,"jetpack_publicize_feature_enabled":true},"categories":[5],"tags":[4357],"jetpack_featured_media_url":"http:\/\/www.rtvnoticias.com.ar\/wp-content\/uploads\/2023\/11\/Salame-record.jpg","jetpack_publicize_connections":[],"jetpack_sharing_enabled":true,"_links":{"self":[{"href":"http:\/\/www.rtvnoticias.com.ar\/index.php?rest_route=\/wp\/v2\/posts\/39111"}],"collection":[{"href":"http:\/\/www.rtvnoticias.com.ar\/index.php?rest_route=\/wp\/v2\/posts"}],"about":[{"href":"http:\/\/www.rtvnoticias.com.ar\/index.php?rest_route=\/wp\/v2\/types\/post"}],"author":[{"embeddable":true,"href":"http:\/\/www.rtvnoticias.com.ar\/index.php?rest_route=\/wp\/v2\/users\/5"}],"replies":[{"embeddable":true,"href":"http:\/\/www.rtvnoticias.com.ar\/index.php?rest_route=%2Fwp%2Fv2%2Fcomments&post=39111"}],"version-history":[{"count":1,"href":"http:\/\/www.rtvnoticias.com.ar\/index.php?rest_route=\/wp\/v2\/posts\/39111\/revisions"}],"predecessor-version":[{"id":39113,"href":"http:\/\/www.rtvnoticias.com.ar\/index.php?rest_route=\/wp\/v2\/posts\/39111\/revisions\/39113"}],"wp:featuredmedia":[{"embeddable":true,"href":"http:\/\/www.rtvnoticias.com.ar\/index.php?rest_route=\/wp\/v2\/media\/39112"}],"wp:attachment":[{"href":"http:\/\/www.rtvnoticias.com.ar\/index.php?rest_route=%2Fwp%2Fv2%2Fmedia&parent=39111"}],"wp:term":[{"taxonomy":"category","embeddable":true,"href":"http:\/\/www.rtvnoticias.com.ar\/index.php?rest_route=%2Fwp%2Fv2%2Fcategories&post=39111"},{"taxonomy":"post_tag","embeddable":true,"href":"http:\/\/www.rtvnoticias.com.ar\/index.php?rest_route=%2Fwp%2Fv2%2Ftags&post=39111"}],"curies":[{"name":"wp","href":"https:\/\/api.w.org\/{rel}","templated":true}]}}