{"id":39139,"date":"2023-11-09T09:41:35","date_gmt":"2023-11-09T12:41:35","guid":{"rendered":"http:\/\/www.rtvnoticias.com.ar\/?p=39139"},"modified":"2023-11-09T09:41:40","modified_gmt":"2023-11-09T12:41:40","slug":"murio-el-periodista-edi-zunino-a-los-60-anos","status":"publish","type":"post","link":"http:\/\/www.rtvnoticias.com.ar\/?p=39139","title":{"rendered":"Muri\u00f3 el periodista Edi Zunino, a los 60 a\u00f1os"},"content":{"rendered":"\n<p>El reconocido periodista Edi Zunino, quien\u00a0atravesaba\u00a0una dura enfermedad\u00a0con la que luchaba hace un tiempo, muri\u00f3 a los 60 a\u00f1os.<\/p>\n\n\n\n<p>\u00a0La triste noticia fue confirmada por\u00a0Jorge Fontevecchia, director de\u00a0<em>Perfil<\/em>, mientras dialogaba con el periodista\u00a0Ernesto Tenembaum.<\/p>\n\n\n\n<p>\u00abMe acaban de dar una noticia muy triste, muri\u00f3 Edu Zunino y no pude prestar atenci\u00f3n a lo que me estabas diciendo\u00bb, expres\u00f3 Fontevecchia.\u00a0<\/p>\n\n\n\n<p>Durante su extensa trayectoria, Zunino se desempe\u00f1\u00f3 como colaborador en los matutinos\u00a0<em>La Voz,\u00a0<\/em>fue redactor y director de la revista\u00a0<em>Noticias<\/em>\u00a0y\u00a0se especializ\u00f3 en el periodismo pol\u00edtico y de investigaci\u00f3n, destac\u00e1ndose su participaci\u00f3n en el equipo del\u00a0caso por el crimen de Jos\u00e9 Luis Cabezas.<\/p>\n\n\n\n<p>Tambi\u00e9n, fue editor de la revista&nbsp;<em>TXT,<\/em>&nbsp;secretario general de redacci\u00f3n de&nbsp;<em>Perfil<\/em>, luego jefe de redacci\u00f3n y director en la Editorial.<\/p>\n\n\n\n<p>Rodrigo Lloret, periodista e\u00a0integrante del Comit\u00e9 Editorial Grupo Perfil, lo record\u00f3 en redes sociales:\u00a0\u201cEn una gran entrevista de Ernesto Tenembaum a Fontevecchia sobre medios, pol\u00edtica y periodismo, Jorge coment\u00f3 al aire una\u00a0trist\u00edsima noticia\u00a0para todos y especialmente para mi: muri\u00f3 Edi Zunino. Edi fue el mejor jefe que tuve. Un\u00a0apasionado\u00a0por el periodismo. Un periodista de raza\u201d.<\/p>\n\n\n\n<p><\/p>\n<div class=\"sharedaddy sd-sharing-enabled\"><div class=\"robots-nocontent sd-block sd-social sd-social-icon sd-sharing\"><h3 class=\"sd-title\">Comparte esto:<\/h3><div class=\"sd-content\"><ul><li class=\"share-twitter\"><a rel=\"nofollow noopener noreferrer\" data-shared=\"sharing-twitter-39139\" class=\"share-twitter sd-button share-icon no-text\" href=\"http:\/\/www.rtvnoticias.com.ar\/?p=39139&amp;share=twitter\" target=\"_blank\" title=\"Haz clic para compartir en Twitter\"><span><\/span><span class=\"sharing-screen-reader-text\">Haz clic para compartir en Twitter (Se abre en una ventana nueva)<\/span><\/a><\/li><li class=\"share-facebook\"><a rel=\"nofollow noopener noreferrer\" data-shared=\"sharing-facebook-39139\" class=\"share-facebook sd-button share-icon no-text\" href=\"http:\/\/www.rtvnoticias.com.ar\/?p=39139&amp;share=facebook\" target=\"_blank\" title=\"Haz clic para compartir en Facebook\"><span><\/span><span class=\"sharing-screen-reader-text\">Haz clic para compartir en Facebook (Se abre en una ventana nueva)<\/span><\/a><\/li><li class=\"share-jetpack-whatsapp\"><a rel=\"nofollow noopener noreferrer\" data-shared=\"\" class=\"share-jetpack-whatsapp sd-button share-icon no-text\" href=\"http:\/\/www.rtvnoticias.com.ar\/?p=39139&amp;share=jetpack-whatsapp\" target=\"_blank\" title=\"Haz clic para compartir en WhatsApp\"><span><\/span><span class=\"sharing-screen-reader-text\">Haz clic para compartir en WhatsApp (Se abre en una ventana nueva)<\/span><\/a><\/li><li class=\"share-telegram\"><a rel=\"nofollow noopener noreferrer\" data-shared=\"\" class=\"share-telegram sd-button share-icon no-text\" href=\"http:\/\/www.rtvnoticias.com.ar\/?p=39139&amp;share=telegram\" target=\"_blank\" title=\"Haz clic para compartir en Telegram\"><span><\/span><span class=\"sharing-screen-reader-text\">Haz clic para compartir en Telegram (Se abre en una ventana nueva)<\/span><\/a><\/li><li class=\"share-end\"><\/li><\/ul><\/div><\/div><\/div>","protected":false},"excerpt":{"rendered":"<p>El reconocido periodista Edi Zunino, quien\u00a0atravesaba\u00a0una dura enfermedad\u00a0con la que luchaba hace un tiempo, muri\u00f3 a los 60 a\u00f1os. \u00a0La triste noticia fue confirmada por\u00a0Jorge<\/p>\n<div class=\"sharedaddy sd-sharing-enabled\"><div class=\"robots-nocontent sd-block sd-social sd-social-icon sd-sharing\"><h3 class=\"sd-title\">Comparte esto:<\/h3><div class=\"sd-content\"><ul><li class=\"share-twitter\"><a rel=\"nofollow noopener noreferrer\" data-shared=\"sharing-twitter-39139\" class=\"share-twitter sd-button share-icon no-text\" href=\"http:\/\/www.rtvnoticias.com.ar\/?p=39139&amp;share=twitter\" target=\"_blank\" title=\"Haz clic para compartir en Twitter\"><span><\/span><span class=\"sharing-screen-reader-text\">Haz clic para compartir en Twitter (Se abre en una ventana nueva)<\/span><\/a><\/li><li class=\"share-facebook\"><a rel=\"nofollow noopener noreferrer\" data-shared=\"sharing-facebook-39139\" class=\"share-facebook sd-button share-icon no-text\" href=\"http:\/\/www.rtvnoticias.com.ar\/?p=39139&amp;share=facebook\" target=\"_blank\" title=\"Haz clic para compartir en Facebook\"><span><\/span><span class=\"sharing-screen-reader-text\">Haz clic para compartir en Facebook (Se abre en una ventana nueva)<\/span><\/a><\/li><li class=\"share-jetpack-whatsapp\"><a rel=\"nofollow noopener noreferrer\" data-shared=\"\" class=\"share-jetpack-whatsapp sd-button share-icon no-text\" href=\"http:\/\/www.rtvnoticias.com.ar\/?p=39139&amp;share=jetpack-whatsapp\" target=\"_blank\" title=\"Haz clic para compartir en WhatsApp\"><span><\/span><span class=\"sharing-screen-reader-text\">Haz clic para compartir en WhatsApp (Se abre en una ventana nueva)<\/span><\/a><\/li><li class=\"share-telegram\"><a rel=\"nofollow noopener noreferrer\" data-shared=\"\" class=\"share-telegram sd-button share-icon no-text\" href=\"http:\/\/www.rtvnoticias.com.ar\/?p=39139&amp;share=telegram\" target=\"_blank\" title=\"Haz clic para compartir en Telegram\"><span><\/span><span class=\"sharing-screen-reader-text\">Haz clic para compartir en Telegram (Se abre en una ventana nueva)<\/span><\/a><\/li><li class=\"share-end\"><\/li><\/ul><\/div><\/div><\/div>","protected":false},"author":5,"featured_media":39140,"comment_status":"closed","ping_status":"closed","sticky":false,"template":"","format":"standard","meta":{"spay_email":"","jetpack_publicize_message":"","jetpack_is_tweetstorm":false,"jetpack_publicize_feature_enabled":true},"categories":[5],"tags":[4362],"jetpack_featured_media_url":"http:\/\/www.rtvnoticias.com.ar\/wp-content\/uploads\/2023\/11\/zunino.jpg","jetpack_publicize_connections":[],"jetpack_sharing_enabled":true,"_links":{"self":[{"href":"http:\/\/www.rtvnoticias.com.ar\/index.php?rest_route=\/wp\/v2\/posts\/39139"}],"collection":[{"href":"http:\/\/www.rtvnoticias.com.ar\/index.php?rest_route=\/wp\/v2\/posts"}],"about":[{"href":"http:\/\/www.rtvnoticias.com.ar\/index.php?rest_route=\/wp\/v2\/types\/post"}],"author":[{"embeddable":true,"href":"http:\/\/www.rtvnoticias.com.ar\/index.php?rest_route=\/wp\/v2\/users\/5"}],"replies":[{"embeddable":true,"href":"http:\/\/www.rtvnoticias.com.ar\/index.php?rest_route=%2Fwp%2Fv2%2Fcomments&post=39139"}],"version-history":[{"count":2,"href":"http:\/\/www.rtvnoticias.com.ar\/index.php?rest_route=\/wp\/v2\/posts\/39139\/revisions"}],"predecessor-version":[{"id":39144,"href":"http:\/\/www.rtvnoticias.com.ar\/index.php?rest_route=\/wp\/v2\/posts\/39139\/revisions\/39144"}],"wp:featuredmedia":[{"embeddable":true,"href":"http:\/\/www.rtvnoticias.com.ar\/index.php?rest_route=\/wp\/v2\/media\/39140"}],"wp:attachment":[{"href":"http:\/\/www.rtvnoticias.com.ar\/index.php?rest_route=%2Fwp%2Fv2%2Fmedia&parent=39139"}],"wp:term":[{"taxonomy":"category","embeddable":true,"href":"http:\/\/www.rtvnoticias.com.ar\/index.php?rest_route=%2Fwp%2Fv2%2Fcategories&post=39139"},{"taxonomy":"post_tag","embeddable":true,"href":"http:\/\/www.rtvnoticias.com.ar\/index.php?rest_route=%2Fwp%2Fv2%2Ftags&post=39139"}],"curies":[{"name":"wp","href":"https:\/\/api.w.org\/{rel}","templated":true}]}}