{"id":39150,"date":"2023-11-11T18:59:35","date_gmt":"2023-11-11T21:59:35","guid":{"rendered":"http:\/\/www.rtvnoticias.com.ar\/?p=39150"},"modified":"2023-11-11T18:59:39","modified_gmt":"2023-11-11T21:59:39","slug":"general-pico-celebra-118-anos","status":"publish","type":"post","link":"http:\/\/www.rtvnoticias.com.ar\/?p=39150","title":{"rendered":"General Pico celebra 118 a\u00f1os"},"content":{"rendered":"\n<p>Con el fin de conmemorar los 118 a\u00f1os de nuestra ciudad, en la ma\u00f1ana del s\u00e1bado la Municipalidad de General Pico despleg\u00f3 el acto protocolar en reconocimiento a nuestra localidad y al General Eduardo Pico, en la plaza que lleva su nombre ubicada en las calles 11 y 102.<\/p>\n\n\n\n<p>Del acto participaron la intendenta Fernanda Alonso; el vicegobernador de La Pampa, Mariano Fern\u00e1ndez; el diputado nacional, Hern\u00e1n P\u00e9rez Araujo; el intendente de la ciudad de Santa Rosa, Luciano di N\u00e1poli; la vicepresidenta 1\u00aa de la C\u00e1mara de Diputados, Alicia Mayoral; diputadas y diputados provinciales; intendentes e intendentas de localidad vecinas; el viceintendente, Daniel L\u00f3pez; el ministro de Educaci\u00f3n de La Pampa, Pablo Maccione; funcionarios provinciales y del Ejecutivo Municipal; concejales y concejalas; autoridades militares, policiales, de seguridad, representantes de entidades y p\u00fablico presente.<\/p>\n\n\n\n<p>De la misma manera acompa\u00f1aron el sentido acto la se\u00f1ora Dionisia D\u00edaz de Allan, nuera de Rebeca Allan, y el bisnieto de Frank Allan, Mat\u00edas Allan.<\/p>\n\n\n\n<p>Una vez presentadas las autoridades, se entonaron las estrofas del Himno Nacional Argentino ejecutado por la Orquesta General Milonga e interpretado por Paola Garc\u00eda.<\/p>\n\n\n\n<p>Posteriormente, fue el turno del Himno a General Pico, creado por los hermanos Marcel en el 25\u00b0 Aniversario de nuestra ciudad. Al finalizar, Fernanda Alonso entreg\u00f3 un presente recordatorio a la familia Olivieri, en reconocimiento al Maestro Verne Olivieri, quien lo adapt\u00f3 e interpret\u00f3 junto a artistas locales.<\/p>\n\n\n\n<figure class=\"wp-block-image size-large\"><img data-attachment-id=\"39153\" data-permalink=\"http:\/\/www.rtvnoticias.com.ar\/?attachment_id=39153\" data-orig-file=\"http:\/\/www.rtvnoticias.com.ar\/wp-content\/uploads\/2023\/11\/acto-118-5-1.jpg\" data-orig-size=\"600,400\" data-comments-opened=\"0\" data-image-meta=\"{&quot;aperture&quot;:&quot;0&quot;,&quot;credit&quot;:&quot;&quot;,&quot;camera&quot;:&quot;&quot;,&quot;caption&quot;:&quot;&quot;,&quot;created_timestamp&quot;:&quot;0&quot;,&quot;copyright&quot;:&quot;&quot;,&quot;focal_length&quot;:&quot;0&quot;,&quot;iso&quot;:&quot;0&quot;,&quot;shutter_speed&quot;:&quot;0&quot;,&quot;title&quot;:&quot;&quot;,&quot;orientation&quot;:&quot;0&quot;}\" data-image-title=\"acto-118-5-1\" data-image-description=\"\" data-image-caption=\"\" data-medium-file=\"http:\/\/www.rtvnoticias.com.ar\/wp-content\/uploads\/2023\/11\/acto-118-5-1-300x200.jpg\" data-large-file=\"http:\/\/www.rtvnoticias.com.ar\/wp-content\/uploads\/2023\/11\/acto-118-5-1.jpg\" decoding=\"async\" loading=\"lazy\" width=\"600\" height=\"400\" src=\"http:\/\/www.rtvnoticias.com.ar\/wp-content\/uploads\/2023\/11\/acto-118-5-1.jpg\" alt=\"\" class=\"wp-image-39153\" srcset=\"http:\/\/www.rtvnoticias.com.ar\/wp-content\/uploads\/2023\/11\/acto-118-5-1.jpg 600w, http:\/\/www.rtvnoticias.com.ar\/wp-content\/uploads\/2023\/11\/acto-118-5-1-300x200.jpg 300w\" sizes=\"(max-width: 600px) 100vw, 600px\" \/><\/figure>\n\n\n\n<p>Luego del homenaje, y respecto del natalicio de nuestra localidad, Fernanda Alonso relat\u00f3: \u201cCumplir 118 a\u00f1os habla de historia. Hoy tenemos la visita de Dionisia de 98 a\u00f1os y Mat\u00edas, es un momento muy emotivo porque la voluntad de la familia Allan ha hecho mucho por el desarrollo de nuestra ciudad\u201d.<\/p>\n\n\n\n<p>\u201cLa historia se vive, se cuenta y se traslada de generaci\u00f3n en generaci\u00f3n. Cada cumplea\u00f1os es particular, este con 40 a\u00f1os de democracia y en un a\u00f1o electoral. Hemos transitado cuatro a\u00f1os de gesti\u00f3n y siempre se va haciendo m\u00e1s dif\u00edcil tomar la palabra porque emociona\u201d, continu\u00f3.<\/p>\n\n\n\n<p>En cuanto al crecimiento de Pico, resalt\u00f3: \u201cEsta ciudad se transforma permanentemente y siempre est\u00e1 dispuesta a recibirte, a esperarte, te atrapa y te enamora. Tenemos que valorar y rescatar esa particularidad de nuestra ciudad, que es su gente. La que la hace todos los d\u00edas\u201d.<\/p>\n\n\n\n<p>\u201cLos empresarios que siguen apostando al desarrollo, trabajadores y trabajadoras que siguen sintiendo el orgullo de pertenecer. Eso es sentirse enamorado. Que cuando nos visitan nos digan \u201cqu\u00e9 lindo est\u00e1 Pico\u201d, eso habla de nosotros, de lo que hemos podido construir sistem\u00e1ticamente y sostenidamente a lo largo del tiempo\u201d, prosigui\u00f3.<\/p>\n\n\n\n<p>Asimismo, la mandataria destac\u00f3: \u201cSon 118 a\u00f1os de ciudad que no ha parado de crecer y de invitarte a que te quedes a vivirla. Hoy es un d\u00eda de festejo que nos tenemos que dar y a lo grande. Quiero agradecer y mucho al sector privado que nos ha hecho posible que festejemos, aportando econ\u00f3micamente para que tengamos una fiesta que merecemos y esperamos\u201d.<\/p>\n\n\n\n<p>\u201cHoy y ma\u00f1ana vamos a disfrutar de dos d\u00edas espl\u00e9ndidos, a seguir enorgulleci\u00e9ndonos de nuestro General Pico, el que hacemos todos los d\u00edas, cada habitante. Nos tenemos que dejar llevar, esta es nuestra ciudad y nuestra gente\u201d, concluy\u00f3.<\/p>\n\n\n\n<p>A modo de continuar con el acto, representantes del Gobierno provincial, de la C\u00e1mara de Diputados, del Departamento Ejecutivo Municipal y del Concejo Deliberante, realizaron la colocaci\u00f3n de ofrendas florales al pie del monumento del General Eduardo Pico.<\/p>\n\n\n\n<p>Luego, se procedi\u00f3 a la entrega de presentes recordatorios a las y los empleados municipales que cumplieron 25 a\u00f1os de servicio.<\/p>\n\n\n\n<p>Seguidamente, la Orquesta General Milonga interpret\u00f3 \u201cSos encantadora\u201d y Libertango, acompa\u00f1ados por la agrupaci\u00f3n Molino Tango en la danza.<\/p>\n\n\n\n<p>A modo de cierre, las y los presentes cantaron el tradicional feliz cumplea\u00f1os a nuestra querida ciudad.<\/p>\n<div class=\"sharedaddy sd-sharing-enabled\"><div class=\"robots-nocontent sd-block sd-social sd-social-icon sd-sharing\"><h3 class=\"sd-title\">Comparte esto:<\/h3><div class=\"sd-content\"><ul><li class=\"share-twitter\"><a rel=\"nofollow noopener noreferrer\" data-shared=\"sharing-twitter-39150\" class=\"share-twitter sd-button share-icon no-text\" href=\"http:\/\/www.rtvnoticias.com.ar\/?p=39150&amp;share=twitter\" target=\"_blank\" title=\"Haz clic para compartir en Twitter\"><span><\/span><span class=\"sharing-screen-reader-text\">Haz clic para compartir en Twitter (Se abre en una ventana nueva)<\/span><\/a><\/li><li class=\"share-facebook\"><a rel=\"nofollow noopener noreferrer\" data-shared=\"sharing-facebook-39150\" class=\"share-facebook sd-button share-icon no-text\" href=\"http:\/\/www.rtvnoticias.com.ar\/?p=39150&amp;share=facebook\" target=\"_blank\" title=\"Haz clic para compartir en Facebook\"><span><\/span><span class=\"sharing-screen-reader-text\">Haz clic para compartir en Facebook (Se abre en una ventana nueva)<\/span><\/a><\/li><li class=\"share-jetpack-whatsapp\"><a rel=\"nofollow noopener noreferrer\" data-shared=\"\" class=\"share-jetpack-whatsapp sd-button share-icon no-text\" href=\"http:\/\/www.rtvnoticias.com.ar\/?p=39150&amp;share=jetpack-whatsapp\" target=\"_blank\" title=\"Haz clic para compartir en WhatsApp\"><span><\/span><span class=\"sharing-screen-reader-text\">Haz clic para compartir en WhatsApp (Se abre en una ventana nueva)<\/span><\/a><\/li><li class=\"share-telegram\"><a rel=\"nofollow noopener noreferrer\" data-shared=\"\" class=\"share-telegram sd-button share-icon no-text\" href=\"http:\/\/www.rtvnoticias.com.ar\/?p=39150&amp;share=telegram\" target=\"_blank\" title=\"Haz clic para compartir en Telegram\"><span><\/span><span class=\"sharing-screen-reader-text\">Haz clic para compartir en Telegram (Se abre en una ventana nueva)<\/span><\/a><\/li><li class=\"share-end\"><\/li><\/ul><\/div><\/div><\/div>","protected":false},"excerpt":{"rendered":"<p>Con el fin de conmemorar los 118 a\u00f1os de nuestra ciudad, en la ma\u00f1ana del s\u00e1bado la Municipalidad de General Pico despleg\u00f3 el acto protocolar<\/p>\n<div class=\"sharedaddy sd-sharing-enabled\"><div class=\"robots-nocontent sd-block sd-social sd-social-icon sd-sharing\"><h3 class=\"sd-title\">Comparte esto:<\/h3><div class=\"sd-content\"><ul><li class=\"share-twitter\"><a rel=\"nofollow noopener noreferrer\" data-shared=\"sharing-twitter-39150\" class=\"share-twitter sd-button share-icon no-text\" href=\"http:\/\/www.rtvnoticias.com.ar\/?p=39150&amp;share=twitter\" target=\"_blank\" title=\"Haz clic para compartir en Twitter\"><span><\/span><span class=\"sharing-screen-reader-text\">Haz clic para compartir en Twitter (Se abre en una ventana nueva)<\/span><\/a><\/li><li class=\"share-facebook\"><a rel=\"nofollow noopener noreferrer\" data-shared=\"sharing-facebook-39150\" class=\"share-facebook sd-button share-icon no-text\" href=\"http:\/\/www.rtvnoticias.com.ar\/?p=39150&amp;share=facebook\" target=\"_blank\" title=\"Haz clic para compartir en Facebook\"><span><\/span><span class=\"sharing-screen-reader-text\">Haz clic para compartir en Facebook (Se abre en una ventana nueva)<\/span><\/a><\/li><li class=\"share-jetpack-whatsapp\"><a rel=\"nofollow noopener noreferrer\" data-shared=\"\" class=\"share-jetpack-whatsapp sd-button share-icon no-text\" href=\"http:\/\/www.rtvnoticias.com.ar\/?p=39150&amp;share=jetpack-whatsapp\" target=\"_blank\" title=\"Haz clic para compartir en WhatsApp\"><span><\/span><span class=\"sharing-screen-reader-text\">Haz clic para compartir en WhatsApp (Se abre en una ventana nueva)<\/span><\/a><\/li><li class=\"share-telegram\"><a rel=\"nofollow noopener noreferrer\" data-shared=\"\" class=\"share-telegram sd-button share-icon no-text\" href=\"http:\/\/www.rtvnoticias.com.ar\/?p=39150&amp;share=telegram\" target=\"_blank\" title=\"Haz clic para compartir en Telegram\"><span><\/span><span class=\"sharing-screen-reader-text\">Haz clic para compartir en Telegram (Se abre en una ventana nueva)<\/span><\/a><\/li><li class=\"share-end\"><\/li><\/ul><\/div><\/div><\/div>","protected":false},"author":5,"featured_media":39152,"comment_status":"closed","ping_status":"closed","sticky":false,"template":"","format":"standard","meta":{"spay_email":"","jetpack_publicize_message":"","jetpack_is_tweetstorm":false,"jetpack_publicize_feature_enabled":true},"categories":[3],"tags":[],"jetpack_featured_media_url":"http:\/\/www.rtvnoticias.com.ar\/wp-content\/uploads\/2023\/11\/acto-118-4.jpg","jetpack_publicize_connections":[],"jetpack_sharing_enabled":true,"_links":{"self":[{"href":"http:\/\/www.rtvnoticias.com.ar\/index.php?rest_route=\/wp\/v2\/posts\/39150"}],"collection":[{"href":"http:\/\/www.rtvnoticias.com.ar\/index.php?rest_route=\/wp\/v2\/posts"}],"about":[{"href":"http:\/\/www.rtvnoticias.com.ar\/index.php?rest_route=\/wp\/v2\/types\/post"}],"author":[{"embeddable":true,"href":"http:\/\/www.rtvnoticias.com.ar\/index.php?rest_route=\/wp\/v2\/users\/5"}],"replies":[{"embeddable":true,"href":"http:\/\/www.rtvnoticias.com.ar\/index.php?rest_route=%2Fwp%2Fv2%2Fcomments&post=39150"}],"version-history":[{"count":1,"href":"http:\/\/www.rtvnoticias.com.ar\/index.php?rest_route=\/wp\/v2\/posts\/39150\/revisions"}],"predecessor-version":[{"id":39154,"href":"http:\/\/www.rtvnoticias.com.ar\/index.php?rest_route=\/wp\/v2\/posts\/39150\/revisions\/39154"}],"wp:featuredmedia":[{"embeddable":true,"href":"http:\/\/www.rtvnoticias.com.ar\/index.php?rest_route=\/wp\/v2\/media\/39152"}],"wp:attachment":[{"href":"http:\/\/www.rtvnoticias.com.ar\/index.php?rest_route=%2Fwp%2Fv2%2Fmedia&parent=39150"}],"wp:term":[{"taxonomy":"category","embeddable":true,"href":"http:\/\/www.rtvnoticias.com.ar\/index.php?rest_route=%2Fwp%2Fv2%2Fcategories&post=39150"},{"taxonomy":"post_tag","embeddable":true,"href":"http:\/\/www.rtvnoticias.com.ar\/index.php?rest_route=%2Fwp%2Fv2%2Ftags&post=39150"}],"curies":[{"name":"wp","href":"https:\/\/api.w.org\/{rel}","templated":true}]}}