{"id":39177,"date":"2023-11-14T20:17:01","date_gmt":"2023-11-14T23:17:01","guid":{"rendered":"http:\/\/www.rtvnoticias.com.ar\/?p=39177"},"modified":"2023-11-14T20:17:05","modified_gmt":"2023-11-14T23:17:05","slug":"sigue-la-movilizacion-de-vecinos-para-recuperar-edificio-de-la-asociacion-fomento-barrio-talleres","status":"publish","type":"post","link":"http:\/\/www.rtvnoticias.com.ar\/?p=39177","title":{"rendered":"Sigue la movilizaci\u00f3n de vecinos para recuperar edificio de la Asociaci\u00f3n Fomento Barrio Talleres"},"content":{"rendered":"\n<p>La asamblea convocada por la conducci\u00f3n de la Asociaci\u00f3n Fomento Barrio Talleres no se realiz\u00f3 y m\u00e1s de 50 personas quedaron afuera del edificio de la calle 11 entre 2 y 102 esperando por los responsables de la comisi\u00f3n. El hecho llam\u00f3 poderosamente la atenci\u00f3n, ya que la convocatoria fue publicada para este martes a las 18,30 horas y nadie de la comisi\u00f3n se hizo presente.<\/p>\n\n\n\n<p>A ra\u00edz de esta situaci\u00f3n y ante el enojo de los presentes, que permanecieron en la vereda a la espera de la apertura del edificio para la asamblea, se decidi\u00f3 labrar un acta y presentar este mi\u00e9rcoles una denuncia judicial. <\/p>\n\n\n\n<p>Cabe recordar que hace un tiempo se produjo la normalizaci\u00f3n de la entidad, recayendo la conducci\u00f3n en Rodolfo Mario Poblet, qui\u00e9n inmediatamente dispuso el cierre del edificio y suspensi\u00f3n de  todas las actividades sociales y culturales que los miembros de la entidad, todas personas de la tercer edad, hac\u00edan desde la fundaci\u00f3n de la instituci\u00f3n, hace m\u00e1s de 50 a\u00f1os.<\/p>\n\n\n\n<p>Incluso todos los elementos que se encuentran en el edificio, heladeras, freezer, sillas y mesas, fueron adquiridos por los vecinos quienes a partir de esta situaci\u00f3n no pudieron realizar ninguna actividad m\u00e1s en el lugar.<\/p>\n\n\n\n<p>En el \u00faltimo a\u00f1o han renunciado algunas personas de la comisi\u00f3n por diferencia con la actitud asumida por Poblet con los abuelos.<\/p>\n\n\n\n<p>Extra\u00f1a que ning\u00fan organismo provincial o municipal intervenga en esta situaci\u00f3n, m\u00e1xime cuando se trata de un edificio donde se podr\u00eda tener una extensa actividad social y cultural las personas mayores del barrio Talleres.<\/p>\n<div class=\"sharedaddy sd-sharing-enabled\"><div class=\"robots-nocontent sd-block sd-social sd-social-icon sd-sharing\"><h3 class=\"sd-title\">Comparte esto:<\/h3><div class=\"sd-content\"><ul><li class=\"share-twitter\"><a rel=\"nofollow noopener noreferrer\" data-shared=\"sharing-twitter-39177\" class=\"share-twitter sd-button share-icon no-text\" href=\"http:\/\/www.rtvnoticias.com.ar\/?p=39177&amp;share=twitter\" target=\"_blank\" title=\"Haz clic para compartir en Twitter\"><span><\/span><span class=\"sharing-screen-reader-text\">Haz clic para compartir en Twitter (Se abre en una ventana nueva)<\/span><\/a><\/li><li class=\"share-facebook\"><a rel=\"nofollow noopener noreferrer\" data-shared=\"sharing-facebook-39177\" class=\"share-facebook sd-button share-icon no-text\" href=\"http:\/\/www.rtvnoticias.com.ar\/?p=39177&amp;share=facebook\" target=\"_blank\" title=\"Haz clic para compartir en Facebook\"><span><\/span><span class=\"sharing-screen-reader-text\">Haz clic para compartir en Facebook (Se abre en una ventana nueva)<\/span><\/a><\/li><li class=\"share-jetpack-whatsapp\"><a rel=\"nofollow noopener noreferrer\" data-shared=\"\" class=\"share-jetpack-whatsapp sd-button share-icon no-text\" href=\"http:\/\/www.rtvnoticias.com.ar\/?p=39177&amp;share=jetpack-whatsapp\" target=\"_blank\" title=\"Haz clic para compartir en WhatsApp\"><span><\/span><span class=\"sharing-screen-reader-text\">Haz clic para compartir en WhatsApp (Se abre en una ventana nueva)<\/span><\/a><\/li><li class=\"share-telegram\"><a rel=\"nofollow noopener noreferrer\" data-shared=\"\" class=\"share-telegram sd-button share-icon no-text\" href=\"http:\/\/www.rtvnoticias.com.ar\/?p=39177&amp;share=telegram\" target=\"_blank\" title=\"Haz clic para compartir en Telegram\"><span><\/span><span class=\"sharing-screen-reader-text\">Haz clic para compartir en Telegram (Se abre en una ventana nueva)<\/span><\/a><\/li><li class=\"share-end\"><\/li><\/ul><\/div><\/div><\/div>","protected":false},"excerpt":{"rendered":"<p>La asamblea convocada por la conducci\u00f3n de la Asociaci\u00f3n Fomento Barrio Talleres no se realiz\u00f3 y m\u00e1s de 50 personas quedaron afuera del edificio de<\/p>\n<div class=\"sharedaddy sd-sharing-enabled\"><div class=\"robots-nocontent sd-block sd-social sd-social-icon sd-sharing\"><h3 class=\"sd-title\">Comparte esto:<\/h3><div class=\"sd-content\"><ul><li class=\"share-twitter\"><a rel=\"nofollow noopener noreferrer\" data-shared=\"sharing-twitter-39177\" class=\"share-twitter sd-button share-icon no-text\" href=\"http:\/\/www.rtvnoticias.com.ar\/?p=39177&amp;share=twitter\" target=\"_blank\" title=\"Haz clic para compartir en Twitter\"><span><\/span><span class=\"sharing-screen-reader-text\">Haz clic para compartir en Twitter (Se abre en una ventana nueva)<\/span><\/a><\/li><li class=\"share-facebook\"><a rel=\"nofollow noopener noreferrer\" data-shared=\"sharing-facebook-39177\" class=\"share-facebook sd-button share-icon no-text\" href=\"http:\/\/www.rtvnoticias.com.ar\/?p=39177&amp;share=facebook\" target=\"_blank\" title=\"Haz clic para compartir en Facebook\"><span><\/span><span class=\"sharing-screen-reader-text\">Haz clic para compartir en Facebook (Se abre en una ventana nueva)<\/span><\/a><\/li><li class=\"share-jetpack-whatsapp\"><a rel=\"nofollow noopener noreferrer\" data-shared=\"\" class=\"share-jetpack-whatsapp sd-button share-icon no-text\" href=\"http:\/\/www.rtvnoticias.com.ar\/?p=39177&amp;share=jetpack-whatsapp\" target=\"_blank\" title=\"Haz clic para compartir en WhatsApp\"><span><\/span><span class=\"sharing-screen-reader-text\">Haz clic para compartir en WhatsApp (Se abre en una ventana nueva)<\/span><\/a><\/li><li class=\"share-telegram\"><a rel=\"nofollow noopener noreferrer\" data-shared=\"\" class=\"share-telegram sd-button share-icon no-text\" href=\"http:\/\/www.rtvnoticias.com.ar\/?p=39177&amp;share=telegram\" target=\"_blank\" title=\"Haz clic para compartir en Telegram\"><span><\/span><span class=\"sharing-screen-reader-text\">Haz clic para compartir en Telegram (Se abre en una ventana nueva)<\/span><\/a><\/li><li class=\"share-end\"><\/li><\/ul><\/div><\/div><\/div>","protected":false},"author":5,"featured_media":39178,"comment_status":"closed","ping_status":"closed","sticky":false,"template":"","format":"standard","meta":{"spay_email":"","jetpack_publicize_message":"","jetpack_is_tweetstorm":false,"jetpack_publicize_feature_enabled":true},"categories":[3],"tags":[],"jetpack_featured_media_url":"http:\/\/www.rtvnoticias.com.ar\/wp-content\/uploads\/2023\/11\/ferro-asamblea.jpg","jetpack_publicize_connections":[],"jetpack_sharing_enabled":true,"_links":{"self":[{"href":"http:\/\/www.rtvnoticias.com.ar\/index.php?rest_route=\/wp\/v2\/posts\/39177"}],"collection":[{"href":"http:\/\/www.rtvnoticias.com.ar\/index.php?rest_route=\/wp\/v2\/posts"}],"about":[{"href":"http:\/\/www.rtvnoticias.com.ar\/index.php?rest_route=\/wp\/v2\/types\/post"}],"author":[{"embeddable":true,"href":"http:\/\/www.rtvnoticias.com.ar\/index.php?rest_route=\/wp\/v2\/users\/5"}],"replies":[{"embeddable":true,"href":"http:\/\/www.rtvnoticias.com.ar\/index.php?rest_route=%2Fwp%2Fv2%2Fcomments&post=39177"}],"version-history":[{"count":1,"href":"http:\/\/www.rtvnoticias.com.ar\/index.php?rest_route=\/wp\/v2\/posts\/39177\/revisions"}],"predecessor-version":[{"id":39179,"href":"http:\/\/www.rtvnoticias.com.ar\/index.php?rest_route=\/wp\/v2\/posts\/39177\/revisions\/39179"}],"wp:featuredmedia":[{"embeddable":true,"href":"http:\/\/www.rtvnoticias.com.ar\/index.php?rest_route=\/wp\/v2\/media\/39178"}],"wp:attachment":[{"href":"http:\/\/www.rtvnoticias.com.ar\/index.php?rest_route=%2Fwp%2Fv2%2Fmedia&parent=39177"}],"wp:term":[{"taxonomy":"category","embeddable":true,"href":"http:\/\/www.rtvnoticias.com.ar\/index.php?rest_route=%2Fwp%2Fv2%2Fcategories&post=39177"},{"taxonomy":"post_tag","embeddable":true,"href":"http:\/\/www.rtvnoticias.com.ar\/index.php?rest_route=%2Fwp%2Fv2%2Ftags&post=39177"}],"curies":[{"name":"wp","href":"https:\/\/api.w.org\/{rel}","templated":true}]}}