{"id":40969,"date":"2024-05-17T07:10:00","date_gmt":"2024-05-17T10:10:00","guid":{"rendered":"http:\/\/www.rtvnoticias.com.ar\/?p=40969"},"modified":"2024-05-16T20:14:14","modified_gmt":"2024-05-16T23:14:14","slug":"entregaron-prendas-de-abrigo-a-instituciones-piquenses","status":"publish","type":"post","link":"http:\/\/www.rtvnoticias.com.ar\/?p=40969","title":{"rendered":"Entregaron prendas de abrigo a instituciones piquenses"},"content":{"rendered":"\n<p id=\"geom_inter_1715900967875_11_34\">La Municipalidad de General Pico hizo entrega, a trav\u00e9s de la Direcci\u00f3n de Desarrollo Econ\u00f3mico y Productivo, de elementos de abrigo a distintas instituciones piquenses. Los acolchados fueron confeccionados gracias a la producci\u00f3n realizada en la Incubadora de Emprendimientos de Indumentaria.<\/p>\n\n\n\n<p id=\"geom_inter_1715900974876_52_39\">Los productos con los que se concret\u00f3 la confecci\u00f3n de estas prendas se logr\u00f3 gracias a la donaci\u00f3n de materia prima por parte firmas del medio.<\/p>\n\n\n\n<p id=\"geom_inter_1715900967869_72_32\">Participaron de la entrega y recorrido por el CDI Arco Iris, CDI Rebeca y Hogar de Mujeres, la secretaria de Desarrollo Social, Gabriela Luna Echegaray; el director de Desarrollo Econ\u00f3mico y Productivo, Lisandro Patek e Ivana P\u00e9rez Santill\u00e1n, directora de Familia.&nbsp;&nbsp;<\/p>\n\n\n\n<p id=\"geom_inter_1715900967876_67_35\">En torno a ello, Patek se\u00f1al\u00f3: \u201cMediante IDEDI, quienes vienen trabajando en las diversas propuestas de formaci\u00f3n, reciclaron y reutilizaron diversas telas que fueron aportadas por empresas locales y la idea era poder brind\u00e1rselas a diferentes espacios como los antes mencionados\u201d.<\/p>\n\n\n\n<p id=\"geom_inter_1715900974876_93_40\">Agreg\u00f3 que \u201cse armaron kits para cada uno de ellos para su utilizaci\u00f3n en \u00e9pocas de bajas temperaturas\u201d.&nbsp;<\/p>\n\n\n\n<p id=\"geom_inter_1715900976875_13_45\">\u201cPara nosotros, es importante que las personas se puedan capacitar porque el v\u00ednculo entre el sector p\u00fablico-privado nos permite generar algunas cosas y que para nosotros es de utilidad, no s\u00f3lo para las instituciones que son parte del municipio sino para familias que demandan y con las cuales colaboramos en la medida que podemos\u201d, afirm\u00f3.<\/p>\n\n\n\n<p id=\"geom_inter_1715900975875_28_44\">Por \u00faltimo, indic\u00f3 que \u201cen la visita realizada estuvimos viendo cu\u00e1les eran las necesidades en cada lugar y la voluntad es traslad\u00e1rselas al equipo para que puedan desempe\u00f1arse en base a ello\u201d.<\/p>\n<div class=\"sharedaddy sd-sharing-enabled\"><div class=\"robots-nocontent sd-block sd-social sd-social-icon sd-sharing\"><h3 class=\"sd-title\">Comparte esto:<\/h3><div class=\"sd-content\"><ul><li class=\"share-twitter\"><a rel=\"nofollow noopener noreferrer\" data-shared=\"sharing-twitter-40969\" class=\"share-twitter sd-button share-icon no-text\" href=\"http:\/\/www.rtvnoticias.com.ar\/?p=40969&amp;share=twitter\" target=\"_blank\" title=\"Haz clic para compartir en Twitter\"><span><\/span><span class=\"sharing-screen-reader-text\">Haz clic para compartir en Twitter (Se abre en una ventana nueva)<\/span><\/a><\/li><li class=\"share-facebook\"><a rel=\"nofollow noopener noreferrer\" data-shared=\"sharing-facebook-40969\" class=\"share-facebook sd-button share-icon no-text\" href=\"http:\/\/www.rtvnoticias.com.ar\/?p=40969&amp;share=facebook\" target=\"_blank\" title=\"Haz clic para compartir en Facebook\"><span><\/span><span class=\"sharing-screen-reader-text\">Haz clic para compartir en Facebook (Se abre en una ventana nueva)<\/span><\/a><\/li><li class=\"share-jetpack-whatsapp\"><a rel=\"nofollow noopener noreferrer\" data-shared=\"\" class=\"share-jetpack-whatsapp sd-button share-icon no-text\" href=\"http:\/\/www.rtvnoticias.com.ar\/?p=40969&amp;share=jetpack-whatsapp\" target=\"_blank\" title=\"Haz clic para compartir en WhatsApp\"><span><\/span><span class=\"sharing-screen-reader-text\">Haz clic para compartir en WhatsApp (Se abre en una ventana nueva)<\/span><\/a><\/li><li class=\"share-telegram\"><a rel=\"nofollow noopener noreferrer\" data-shared=\"\" class=\"share-telegram sd-button share-icon no-text\" href=\"http:\/\/www.rtvnoticias.com.ar\/?p=40969&amp;share=telegram\" target=\"_blank\" title=\"Haz clic para compartir en Telegram\"><span><\/span><span class=\"sharing-screen-reader-text\">Haz clic para compartir en Telegram (Se abre en una ventana nueva)<\/span><\/a><\/li><li class=\"share-end\"><\/li><\/ul><\/div><\/div><\/div>","protected":false},"excerpt":{"rendered":"<p>La Municipalidad de General Pico hizo entrega, a trav\u00e9s de la Direcci\u00f3n de Desarrollo Econ\u00f3mico y Productivo, de elementos de abrigo a distintas instituciones piquenses.<\/p>\n<div class=\"sharedaddy sd-sharing-enabled\"><div class=\"robots-nocontent sd-block sd-social sd-social-icon sd-sharing\"><h3 class=\"sd-title\">Comparte esto:<\/h3><div class=\"sd-content\"><ul><li class=\"share-twitter\"><a rel=\"nofollow noopener noreferrer\" data-shared=\"sharing-twitter-40969\" class=\"share-twitter sd-button share-icon no-text\" href=\"http:\/\/www.rtvnoticias.com.ar\/?p=40969&amp;share=twitter\" target=\"_blank\" title=\"Haz clic para compartir en Twitter\"><span><\/span><span class=\"sharing-screen-reader-text\">Haz clic para compartir en Twitter (Se abre en una ventana nueva)<\/span><\/a><\/li><li class=\"share-facebook\"><a rel=\"nofollow noopener noreferrer\" data-shared=\"sharing-facebook-40969\" class=\"share-facebook sd-button share-icon no-text\" href=\"http:\/\/www.rtvnoticias.com.ar\/?p=40969&amp;share=facebook\" target=\"_blank\" title=\"Haz clic para compartir en Facebook\"><span><\/span><span class=\"sharing-screen-reader-text\">Haz clic para compartir en Facebook (Se abre en una ventana nueva)<\/span><\/a><\/li><li class=\"share-jetpack-whatsapp\"><a rel=\"nofollow noopener noreferrer\" data-shared=\"\" class=\"share-jetpack-whatsapp sd-button share-icon no-text\" href=\"http:\/\/www.rtvnoticias.com.ar\/?p=40969&amp;share=jetpack-whatsapp\" target=\"_blank\" title=\"Haz clic para compartir en WhatsApp\"><span><\/span><span class=\"sharing-screen-reader-text\">Haz clic para compartir en WhatsApp (Se abre en una ventana nueva)<\/span><\/a><\/li><li class=\"share-telegram\"><a rel=\"nofollow noopener noreferrer\" data-shared=\"\" class=\"share-telegram sd-button share-icon no-text\" href=\"http:\/\/www.rtvnoticias.com.ar\/?p=40969&amp;share=telegram\" target=\"_blank\" title=\"Haz clic para compartir en Telegram\"><span><\/span><span class=\"sharing-screen-reader-text\">Haz clic para compartir en Telegram (Se abre en una ventana nueva)<\/span><\/a><\/li><li class=\"share-end\"><\/li><\/ul><\/div><\/div><\/div>","protected":false},"author":5,"featured_media":40970,"comment_status":"closed","ping_status":"closed","sticky":false,"template":"","format":"standard","meta":{"spay_email":"","jetpack_publicize_message":"","jetpack_is_tweetstorm":false,"jetpack_publicize_feature_enabled":true},"categories":[3],"tags":[4714],"jetpack_featured_media_url":"http:\/\/www.rtvnoticias.com.ar\/wp-content\/uploads\/2024\/05\/prendas-ropa.jpg","jetpack_publicize_connections":[],"jetpack_sharing_enabled":true,"_links":{"self":[{"href":"http:\/\/www.rtvnoticias.com.ar\/index.php?rest_route=\/wp\/v2\/posts\/40969"}],"collection":[{"href":"http:\/\/www.rtvnoticias.com.ar\/index.php?rest_route=\/wp\/v2\/posts"}],"about":[{"href":"http:\/\/www.rtvnoticias.com.ar\/index.php?rest_route=\/wp\/v2\/types\/post"}],"author":[{"embeddable":true,"href":"http:\/\/www.rtvnoticias.com.ar\/index.php?rest_route=\/wp\/v2\/users\/5"}],"replies":[{"embeddable":true,"href":"http:\/\/www.rtvnoticias.com.ar\/index.php?rest_route=%2Fwp%2Fv2%2Fcomments&post=40969"}],"version-history":[{"count":1,"href":"http:\/\/www.rtvnoticias.com.ar\/index.php?rest_route=\/wp\/v2\/posts\/40969\/revisions"}],"predecessor-version":[{"id":40971,"href":"http:\/\/www.rtvnoticias.com.ar\/index.php?rest_route=\/wp\/v2\/posts\/40969\/revisions\/40971"}],"wp:featuredmedia":[{"embeddable":true,"href":"http:\/\/www.rtvnoticias.com.ar\/index.php?rest_route=\/wp\/v2\/media\/40970"}],"wp:attachment":[{"href":"http:\/\/www.rtvnoticias.com.ar\/index.php?rest_route=%2Fwp%2Fv2%2Fmedia&parent=40969"}],"wp:term":[{"taxonomy":"category","embeddable":true,"href":"http:\/\/www.rtvnoticias.com.ar\/index.php?rest_route=%2Fwp%2Fv2%2Fcategories&post=40969"},{"taxonomy":"post_tag","embeddable":true,"href":"http:\/\/www.rtvnoticias.com.ar\/index.php?rest_route=%2Fwp%2Fv2%2Ftags&post=40969"}],"curies":[{"name":"wp","href":"https:\/\/api.w.org\/{rel}","templated":true}]}}