{"id":40972,"date":"2024-05-16T20:22:46","date_gmt":"2024-05-16T23:22:46","guid":{"rendered":"http:\/\/www.rtvnoticias.com.ar\/?p=40972"},"modified":"2024-05-16T20:23:00","modified_gmt":"2024-05-16T23:23:00","slug":"campo-destaco-los-beneficios-a-emprendedores-para-el-fortalecimiento-del-sector-productivo","status":"publish","type":"post","link":"http:\/\/www.rtvnoticias.com.ar\/?p=40972","title":{"rendered":"Campo destac\u00f3 los beneficios a emprendedores para el fortalecimiento del sector productivo"},"content":{"rendered":"\n<p>Una vez concluido el s\u00e9ptimo encuentro legislativo el presidente del Concejo Deliberante, Alberto Campo, hizo referencia a los temas abordados, destacando la aprobaci\u00f3n de los proyectos que benefician a emprendedores y que fortalecen al sector productivo.<\/p>\n\n\n\n<p>\u201cFueron 24 los expedientes que tratamos en esta nueva sesi\u00f3n, puntos de distintos or\u00edgenes que pasaron a las comisiones internas en donde estar\u00e1n siendo analizadas por los concejales. Algunos de estos expedientes est\u00e1n vinculados a la ampliaci\u00f3n de servicios como las distintas obras de agua potable o de cord\u00f3n cuneta, todas obras importantes para el vecino. Adem\u00e1s, contin\u00faan ingresando las rendiciones de cuenta, en este caso correspondiente al mes de abril, que es algo para resaltar ya que estamos dando cumplimento en tiempo y forma\u201d, expres\u00f3 el presidente.<\/p>\n\n\n\n<p>Alberto Campo tambi\u00e9n hizo referencia a la aprobaci\u00f3n por unanimidad de siete&nbsp;beneficios econ\u00f3micos a proyectos productivos locales en el marco de la Ley 2870 de Promoci\u00f3n Econ\u00f3mica, que establece el otorgamiento de pr\u00e9stamos en condiciones de fomento por parte de las Municipalidades con el fin de financiar proyectos productivos a desarrollarse o emplazar en la ciudad: \u201cdestacamos la aprobaci\u00f3n de estos beneficios de promoci\u00f3n econ\u00f3mica, acompa\u00f1amos al Municipio, a la Fundaci\u00f3n para el Desarrollo Regional, por supuesto a trav\u00e9s del Consejo Productivo Local, donde le facilitan a los vecinos el acceso a este tipo de pr\u00e9stamos para poder seguir desarrollando las distintas actividades de servicio que brindan en la comunidad\u201d.<\/p>\n\n\n\n<p>Consultado sobre la aprobaci\u00f3n en forma un\u00e1nime el presidente del Concejo estableci\u00f3 \u201cdesde el Concejo, presidencia y distintos bloques, formamos parte del Consejo Productivo Local y adem\u00e1s del Consejo de la Administraci\u00f3n de la Fundaci\u00f3n, por lo que venimos ya en contacto con estas solicitudes, la aprobaci\u00f3n se hace m\u00e1s r\u00e1pida porque el an\u00e1lisis se da previamente en cada uno de los espacios mencionados. En definitiva, cada solicitud realizada es evaluada y controlada por las oficinas t\u00e9cnicas competentes y con la respectiva intervenci\u00f3n del Consejo Productivo Local, en la que tienen representaci\u00f3n cada uno de los bloques que conforman el cuerpo deliberativo.&nbsp;As\u00ed que nos pusimos muy r\u00e1pidos de acuerdo para poder tratarlo y aprobarlo para que los vecinos tengan el acceso a los beneficios\u201d.<\/p>\n\n\n\n<p>Alberto Campo detall\u00f3 que \u201cel monto al que asciende este tipo de pr\u00e9stamos es de un mill\u00f3n seiscientos mil pesos, en esta ocasi\u00f3n fueron siete y continuaremos trabajando con aquellos que a\u00fan est\u00e1n en tratamiento, que pasaron por el Consejo Productivo Local, pero todav\u00eda no pasan la siguiente etapa en el camino de la aprobaci\u00f3n porque no dieron cumplimiento a ciertos requisitos formales que tienen que tener para acceder al cr\u00e9dito. Este tipo de beneficios a emprendimientos locales es fundamental para el fortalecimiento del sector productivo\u201d.<\/p>\n\n\n\n<p><strong>Adhesi\u00f3n<\/strong><\/p>\n\n\n\n<p>Otro de los ingresos que tuvo la sesi\u00f3n de este jueves fue la solicitud de aprobaci\u00f3n del modelo de convenio entre el Municipio de General Pico y el Ministerio de Educaci\u00f3n de la provincia por el uso de un inmueble para el desarrollo de un programa denominado de Integraci\u00f3n Local y Ecosistema de Innovaci\u00f3n Productiva y Emprendedora \u00abParaje la Jorobada\u201d, sobre este tema el titular del legislativo local sostuvo \u201cestar\u00e1 evalu\u00e1ndose en las comisiones internas este expediente que contiene el contrato para el uso de las instalaciones y superficie de un predio del que es titular el Ministerio de Educaci\u00f3n. Conocemos que el municipio y productores locales llevan acciones conjuntas para potenciar el sector y esta formalidad permite explotar y trabajar el espacio con la producci\u00f3n de los insumos, que luego ser\u00e1 entregado a la Facultad de Veterinarias para la producci\u00f3n de alimentos destinado a la cr\u00eda de aves para finalmente concluir el ciclo en la planta de faena de la ciudad. Sin dudas esta es otra muestra de apoyo a los sectores productivos locales\u201d.<\/p>\n\n\n\n<p>Finalmente, Alberto Campo hizo referencia al proyecto de Ordenanza impulsado por el bloque oficialista, del que \u00e9l mismo forma parte, y que tiene que ver con el&nbsp;d\u00eda Nacional de la Donaci\u00f3n de \u00d3rganos, Tejidos y C\u00e9lulas, \u201cefectivamente desde el bloque presentamos este proyecto para adherir cada 30 de mayo a este d\u00eda&nbsp;establecerlo como ordenanza y desde all\u00ed poder impulsar determinadas acciones de promoci\u00f3n y sensibilizaci\u00f3n a la tem\u00e1tica\u201d.<\/p>\n<div class=\"sharedaddy sd-sharing-enabled\"><div class=\"robots-nocontent sd-block sd-social sd-social-icon sd-sharing\"><h3 class=\"sd-title\">Comparte esto:<\/h3><div class=\"sd-content\"><ul><li class=\"share-twitter\"><a rel=\"nofollow noopener noreferrer\" data-shared=\"sharing-twitter-40972\" class=\"share-twitter sd-button share-icon no-text\" href=\"http:\/\/www.rtvnoticias.com.ar\/?p=40972&amp;share=twitter\" target=\"_blank\" title=\"Haz clic para compartir en Twitter\"><span><\/span><span class=\"sharing-screen-reader-text\">Haz clic para compartir en Twitter (Se abre en una ventana nueva)<\/span><\/a><\/li><li class=\"share-facebook\"><a rel=\"nofollow noopener noreferrer\" data-shared=\"sharing-facebook-40972\" class=\"share-facebook sd-button share-icon no-text\" href=\"http:\/\/www.rtvnoticias.com.ar\/?p=40972&amp;share=facebook\" target=\"_blank\" title=\"Haz clic para compartir en Facebook\"><span><\/span><span class=\"sharing-screen-reader-text\">Haz clic para compartir en Facebook (Se abre en una ventana nueva)<\/span><\/a><\/li><li class=\"share-jetpack-whatsapp\"><a rel=\"nofollow noopener noreferrer\" data-shared=\"\" class=\"share-jetpack-whatsapp sd-button share-icon no-text\" href=\"http:\/\/www.rtvnoticias.com.ar\/?p=40972&amp;share=jetpack-whatsapp\" target=\"_blank\" title=\"Haz clic para compartir en WhatsApp\"><span><\/span><span class=\"sharing-screen-reader-text\">Haz clic para compartir en WhatsApp (Se abre en una ventana nueva)<\/span><\/a><\/li><li class=\"share-telegram\"><a rel=\"nofollow noopener noreferrer\" data-shared=\"\" class=\"share-telegram sd-button share-icon no-text\" href=\"http:\/\/www.rtvnoticias.com.ar\/?p=40972&amp;share=telegram\" target=\"_blank\" title=\"Haz clic para compartir en Telegram\"><span><\/span><span class=\"sharing-screen-reader-text\">Haz clic para compartir en Telegram (Se abre en una ventana nueva)<\/span><\/a><\/li><li class=\"share-end\"><\/li><\/ul><\/div><\/div><\/div>","protected":false},"excerpt":{"rendered":"<p>Una vez concluido el s\u00e9ptimo encuentro legislativo el presidente del Concejo Deliberante, Alberto Campo, hizo referencia a los temas abordados, destacando la aprobaci\u00f3n de los<\/p>\n<div class=\"sharedaddy sd-sharing-enabled\"><div class=\"robots-nocontent sd-block sd-social sd-social-icon sd-sharing\"><h3 class=\"sd-title\">Comparte esto:<\/h3><div class=\"sd-content\"><ul><li class=\"share-twitter\"><a rel=\"nofollow noopener noreferrer\" data-shared=\"sharing-twitter-40972\" class=\"share-twitter sd-button share-icon no-text\" href=\"http:\/\/www.rtvnoticias.com.ar\/?p=40972&amp;share=twitter\" target=\"_blank\" title=\"Haz clic para compartir en Twitter\"><span><\/span><span class=\"sharing-screen-reader-text\">Haz clic para compartir en Twitter (Se abre en una ventana nueva)<\/span><\/a><\/li><li class=\"share-facebook\"><a rel=\"nofollow noopener noreferrer\" data-shared=\"sharing-facebook-40972\" class=\"share-facebook sd-button share-icon no-text\" href=\"http:\/\/www.rtvnoticias.com.ar\/?p=40972&amp;share=facebook\" target=\"_blank\" title=\"Haz clic para compartir en Facebook\"><span><\/span><span class=\"sharing-screen-reader-text\">Haz clic para compartir en Facebook (Se abre en una ventana nueva)<\/span><\/a><\/li><li class=\"share-jetpack-whatsapp\"><a rel=\"nofollow noopener noreferrer\" data-shared=\"\" class=\"share-jetpack-whatsapp sd-button share-icon no-text\" href=\"http:\/\/www.rtvnoticias.com.ar\/?p=40972&amp;share=jetpack-whatsapp\" target=\"_blank\" title=\"Haz clic para compartir en WhatsApp\"><span><\/span><span class=\"sharing-screen-reader-text\">Haz clic para compartir en WhatsApp (Se abre en una ventana nueva)<\/span><\/a><\/li><li class=\"share-telegram\"><a rel=\"nofollow noopener noreferrer\" data-shared=\"\" class=\"share-telegram sd-button share-icon no-text\" href=\"http:\/\/www.rtvnoticias.com.ar\/?p=40972&amp;share=telegram\" target=\"_blank\" title=\"Haz clic para compartir en Telegram\"><span><\/span><span class=\"sharing-screen-reader-text\">Haz clic para compartir en Telegram (Se abre en una ventana nueva)<\/span><\/a><\/li><li class=\"share-end\"><\/li><\/ul><\/div><\/div><\/div>","protected":false},"author":5,"featured_media":40973,"comment_status":"closed","ping_status":"closed","sticky":false,"template":"","format":"standard","meta":{"spay_email":"","jetpack_publicize_message":"","jetpack_is_tweetstorm":false,"jetpack_publicize_feature_enabled":true},"categories":[3],"tags":[197],"jetpack_featured_media_url":"http:\/\/www.rtvnoticias.com.ar\/wp-content\/uploads\/2024\/05\/campo-pte-concejo.jpg","jetpack_publicize_connections":[],"jetpack_sharing_enabled":true,"_links":{"self":[{"href":"http:\/\/www.rtvnoticias.com.ar\/index.php?rest_route=\/wp\/v2\/posts\/40972"}],"collection":[{"href":"http:\/\/www.rtvnoticias.com.ar\/index.php?rest_route=\/wp\/v2\/posts"}],"about":[{"href":"http:\/\/www.rtvnoticias.com.ar\/index.php?rest_route=\/wp\/v2\/types\/post"}],"author":[{"embeddable":true,"href":"http:\/\/www.rtvnoticias.com.ar\/index.php?rest_route=\/wp\/v2\/users\/5"}],"replies":[{"embeddable":true,"href":"http:\/\/www.rtvnoticias.com.ar\/index.php?rest_route=%2Fwp%2Fv2%2Fcomments&post=40972"}],"version-history":[{"count":1,"href":"http:\/\/www.rtvnoticias.com.ar\/index.php?rest_route=\/wp\/v2\/posts\/40972\/revisions"}],"predecessor-version":[{"id":40974,"href":"http:\/\/www.rtvnoticias.com.ar\/index.php?rest_route=\/wp\/v2\/posts\/40972\/revisions\/40974"}],"wp:featuredmedia":[{"embeddable":true,"href":"http:\/\/www.rtvnoticias.com.ar\/index.php?rest_route=\/wp\/v2\/media\/40973"}],"wp:attachment":[{"href":"http:\/\/www.rtvnoticias.com.ar\/index.php?rest_route=%2Fwp%2Fv2%2Fmedia&parent=40972"}],"wp:term":[{"taxonomy":"category","embeddable":true,"href":"http:\/\/www.rtvnoticias.com.ar\/index.php?rest_route=%2Fwp%2Fv2%2Fcategories&post=40972"},{"taxonomy":"post_tag","embeddable":true,"href":"http:\/\/www.rtvnoticias.com.ar\/index.php?rest_route=%2Fwp%2Fv2%2Ftags&post=40972"}],"curies":[{"name":"wp","href":"https:\/\/api.w.org\/{rel}","templated":true}]}}