{"id":40978,"date":"2024-05-19T19:02:56","date_gmt":"2024-05-19T22:02:56","guid":{"rendered":"http:\/\/www.rtvnoticias.com.ar\/?p=40978"},"modified":"2024-05-19T19:03:03","modified_gmt":"2024-05-19T22:03:03","slug":"milei-llamo-corrupta-a-la-mujer-de-sanchez-y-desato-una-crisis-diplomatica","status":"publish","type":"post","link":"http:\/\/www.rtvnoticias.com.ar\/?p=40978","title":{"rendered":"Milei llam\u00f3 \u201ccorrupta\u201d a la mujer de S\u00e1nchez y desat\u00f3 una crisis diplom\u00e1tica"},"content":{"rendered":"\n<p>El presidente Javier Milei tuvo una entrada a su estilo en el acto de Vox 2024, donde comenz\u00f3 con su t\u00edpico grito de \u201cViva la libertad carajo\u201d, y continu\u00f3 cantando al ritmo de Panic Show, la canci\u00f3n de La Renga: \u201cHola a todos, yo soy el le\u00f3n\u2026 lloran los zurdos\u201d.<\/p>\n\n\n\n<p>Durante su discurso, el l\u00edder libertario habl\u00f3 de sus principales objetivos de cara a 2027, y critic\u00f3 al socialismo ante Europa Viva 2024, la cumbre que nuclea a distintos l\u00edderes conservadores organizada por el titular de Vox, Santiago Abascal.<\/p>\n\n\n\n<p>Por otra parte, se refiri\u00f3 a su par de Espa\u00f1a, Pedro S\u00e1nchez, a quien cuestion\u00f3 sin mencionarlo tras varias cr\u00edticas de los ministros espa\u00f1oles hacia su figura. Luego de reiterados cuestionamientos recibidos de ministros que responden al mandatario espa\u00f1ol,&nbsp;<strong>Milei acus\u00f3 de \u00abcorrupta\u00bb a Bego\u00f1a G\u00f3mez, la esposa de S\u00e1nchez.<\/strong><\/p>\n\n\n\n<p>\u00abLas elites globales no se dan cuenta de lo destructivo que puede llegar a ser implementar las ideas del socialismo, porque lo tienen demasiado lejos, no saben qu\u00e9 tipo de sociedad y pa\u00eds puede producir, y qu\u00e9 cala\u00f1a de gente atornillada al poder y qu\u00e9 niveles de abuso puede llegar a generar. Digo, digo, a\u00fan cuando tenga la mujer corrupta digamos, se ensucia y se tome cinco d\u00edas para pensarlo\u201d, sostuvo desde Madrid.<\/p>\n\n\n\n<p>Las cr\u00edticas al oficialista generaron una fuerte reacci\u00f3n entre la decena de presentes que aplaudieron y vitorearon al jefe de Estado argentino.<\/p>\n\n\n\n<p>Fue el propio Abascal el encargado de presentarlo e invitarlo al escario, y tras el ingreso la arena del predio, ambos referentes conservadores se fundieron en un abrazo sentido. \u201cNo quieren o\u00edr hablar de \u00e9l, derrot\u00f3 a todos y con el apoyo del pueblo argentino se convirti\u00f3 en presidente. El presidente que va a devolver a Argentina al lugar que se merece\u201d, describi\u00f3 una voz en off sobre el libertario.<\/p>\n\n\n\n<p>\u201cLibertad, libertad\u201d, coreaban desde el p\u00fablico a lo que el Presidente respondi\u00f3 con su frase de cabecera \u201cViva la libertad carajo\u201d, que repiti\u00f3 tres veces. Inmediatamente, utiliz\u00f3 su muletilla de presentaci\u00f3n, y cant\u00f3 su adaptaci\u00f3n de P\u00e1nic Show de La Renga.<\/p>\n\n\n\n<p><\/p>\n<div class=\"sharedaddy sd-sharing-enabled\"><div class=\"robots-nocontent sd-block sd-social sd-social-icon sd-sharing\"><h3 class=\"sd-title\">Comparte esto:<\/h3><div class=\"sd-content\"><ul><li class=\"share-twitter\"><a rel=\"nofollow noopener noreferrer\" data-shared=\"sharing-twitter-40978\" class=\"share-twitter sd-button share-icon no-text\" href=\"http:\/\/www.rtvnoticias.com.ar\/?p=40978&amp;share=twitter\" target=\"_blank\" title=\"Haz clic para compartir en Twitter\"><span><\/span><span class=\"sharing-screen-reader-text\">Haz clic para compartir en Twitter (Se abre en una ventana nueva)<\/span><\/a><\/li><li class=\"share-facebook\"><a rel=\"nofollow noopener noreferrer\" data-shared=\"sharing-facebook-40978\" class=\"share-facebook sd-button share-icon no-text\" href=\"http:\/\/www.rtvnoticias.com.ar\/?p=40978&amp;share=facebook\" target=\"_blank\" title=\"Haz clic para compartir en Facebook\"><span><\/span><span class=\"sharing-screen-reader-text\">Haz clic para compartir en Facebook (Se abre en una ventana nueva)<\/span><\/a><\/li><li class=\"share-jetpack-whatsapp\"><a rel=\"nofollow noopener noreferrer\" data-shared=\"\" class=\"share-jetpack-whatsapp sd-button share-icon no-text\" href=\"http:\/\/www.rtvnoticias.com.ar\/?p=40978&amp;share=jetpack-whatsapp\" target=\"_blank\" title=\"Haz clic para compartir en WhatsApp\"><span><\/span><span class=\"sharing-screen-reader-text\">Haz clic para compartir en WhatsApp (Se abre en una ventana nueva)<\/span><\/a><\/li><li class=\"share-telegram\"><a rel=\"nofollow noopener noreferrer\" data-shared=\"\" class=\"share-telegram sd-button share-icon no-text\" href=\"http:\/\/www.rtvnoticias.com.ar\/?p=40978&amp;share=telegram\" target=\"_blank\" title=\"Haz clic para compartir en Telegram\"><span><\/span><span class=\"sharing-screen-reader-text\">Haz clic para compartir en Telegram (Se abre en una ventana nueva)<\/span><\/a><\/li><li class=\"share-end\"><\/li><\/ul><\/div><\/div><\/div>","protected":false},"excerpt":{"rendered":"<p>El presidente Javier Milei tuvo una entrada a su estilo en el acto de Vox 2024, donde comenz\u00f3 con su t\u00edpico grito de \u201cViva la<\/p>\n<div class=\"sharedaddy sd-sharing-enabled\"><div class=\"robots-nocontent sd-block sd-social sd-social-icon sd-sharing\"><h3 class=\"sd-title\">Comparte esto:<\/h3><div class=\"sd-content\"><ul><li class=\"share-twitter\"><a rel=\"nofollow noopener noreferrer\" data-shared=\"sharing-twitter-40978\" class=\"share-twitter sd-button share-icon no-text\" href=\"http:\/\/www.rtvnoticias.com.ar\/?p=40978&amp;share=twitter\" target=\"_blank\" title=\"Haz clic para compartir en Twitter\"><span><\/span><span class=\"sharing-screen-reader-text\">Haz clic para compartir en Twitter (Se abre en una ventana nueva)<\/span><\/a><\/li><li class=\"share-facebook\"><a rel=\"nofollow noopener noreferrer\" data-shared=\"sharing-facebook-40978\" class=\"share-facebook sd-button share-icon no-text\" href=\"http:\/\/www.rtvnoticias.com.ar\/?p=40978&amp;share=facebook\" target=\"_blank\" title=\"Haz clic para compartir en Facebook\"><span><\/span><span class=\"sharing-screen-reader-text\">Haz clic para compartir en Facebook (Se abre en una ventana nueva)<\/span><\/a><\/li><li class=\"share-jetpack-whatsapp\"><a rel=\"nofollow noopener noreferrer\" data-shared=\"\" class=\"share-jetpack-whatsapp sd-button share-icon no-text\" href=\"http:\/\/www.rtvnoticias.com.ar\/?p=40978&amp;share=jetpack-whatsapp\" target=\"_blank\" title=\"Haz clic para compartir en WhatsApp\"><span><\/span><span class=\"sharing-screen-reader-text\">Haz clic para compartir en WhatsApp (Se abre en una ventana nueva)<\/span><\/a><\/li><li class=\"share-telegram\"><a rel=\"nofollow noopener noreferrer\" data-shared=\"\" class=\"share-telegram sd-button share-icon no-text\" href=\"http:\/\/www.rtvnoticias.com.ar\/?p=40978&amp;share=telegram\" target=\"_blank\" title=\"Haz clic para compartir en Telegram\"><span><\/span><span class=\"sharing-screen-reader-text\">Haz clic para compartir en Telegram (Se abre en una ventana nueva)<\/span><\/a><\/li><li class=\"share-end\"><\/li><\/ul><\/div><\/div><\/div>","protected":false},"author":5,"featured_media":40979,"comment_status":"closed","ping_status":"closed","sticky":false,"template":"","format":"standard","meta":{"spay_email":"","jetpack_publicize_message":"","jetpack_is_tweetstorm":false,"jetpack_publicize_feature_enabled":true},"categories":[7],"tags":[4716],"jetpack_featured_media_url":"http:\/\/www.rtvnoticias.com.ar\/wp-content\/uploads\/2024\/05\/milei-espana.jpg","jetpack_publicize_connections":[],"jetpack_sharing_enabled":true,"_links":{"self":[{"href":"http:\/\/www.rtvnoticias.com.ar\/index.php?rest_route=\/wp\/v2\/posts\/40978"}],"collection":[{"href":"http:\/\/www.rtvnoticias.com.ar\/index.php?rest_route=\/wp\/v2\/posts"}],"about":[{"href":"http:\/\/www.rtvnoticias.com.ar\/index.php?rest_route=\/wp\/v2\/types\/post"}],"author":[{"embeddable":true,"href":"http:\/\/www.rtvnoticias.com.ar\/index.php?rest_route=\/wp\/v2\/users\/5"}],"replies":[{"embeddable":true,"href":"http:\/\/www.rtvnoticias.com.ar\/index.php?rest_route=%2Fwp%2Fv2%2Fcomments&post=40978"}],"version-history":[{"count":1,"href":"http:\/\/www.rtvnoticias.com.ar\/index.php?rest_route=\/wp\/v2\/posts\/40978\/revisions"}],"predecessor-version":[{"id":40980,"href":"http:\/\/www.rtvnoticias.com.ar\/index.php?rest_route=\/wp\/v2\/posts\/40978\/revisions\/40980"}],"wp:featuredmedia":[{"embeddable":true,"href":"http:\/\/www.rtvnoticias.com.ar\/index.php?rest_route=\/wp\/v2\/media\/40979"}],"wp:attachment":[{"href":"http:\/\/www.rtvnoticias.com.ar\/index.php?rest_route=%2Fwp%2Fv2%2Fmedia&parent=40978"}],"wp:term":[{"taxonomy":"category","embeddable":true,"href":"http:\/\/www.rtvnoticias.com.ar\/index.php?rest_route=%2Fwp%2Fv2%2Fcategories&post=40978"},{"taxonomy":"post_tag","embeddable":true,"href":"http:\/\/www.rtvnoticias.com.ar\/index.php?rest_route=%2Fwp%2Fv2%2Ftags&post=40978"}],"curies":[{"name":"wp","href":"https:\/\/api.w.org\/{rel}","templated":true}]}}