{"id":40987,"date":"2024-05-22T09:57:47","date_gmt":"2024-05-22T12:57:47","guid":{"rendered":"http:\/\/www.rtvnoticias.com.ar\/?p=40987"},"modified":"2024-05-22T09:57:53","modified_gmt":"2024-05-22T12:57:53","slug":"mendoza-pone-en-marcha-una-prueba-piloto-para-que-los-presos-trabajen","status":"publish","type":"post","link":"http:\/\/www.rtvnoticias.com.ar\/?p=40987","title":{"rendered":"Mendoza pone en marcha una prueba piloto para que los presos trabajen"},"content":{"rendered":"\n<p>El gobierno de Mendoza puso en marcha una prueba piloto para que los presos del moderno penal Almafuerte realicen trabajos de manera remunerada.&nbsp;<\/p>\n\n\n\n<p>Ya en su primera gesti\u00f3n el gobernador Alfredo Conejo present\u00f3 un proyecto que obligaba a los reclusos a participar de talleres y capacitaciones para acceder a diferentes beneficios y ahora esto se complementa con un programa que les dar\u00e1 la posibilidad de desempe\u00f1arse en el \u00e1mbito privado como empleados formales.&nbsp;<\/p>\n\n\n\n<p>Lo de ahora se trata de una prueba piloto para que diferentes firmas se establezcan en el predio del moderno complejo penal Almafuerte.<\/p>\n\n\n\n<p>En conferencia de prensa, Cornejo dijo que quieren a los presos trabajando en oficios concretos que luego permitan la resocializaci\u00f3n posterior, cuando salgan en libertad, una vez cumplida la condena.<\/p>\n\n\n\n<p>El objetivo es que \u00abpuedan trabajar en cosas que realmente a la ciudadan\u00eda le hagan falta y le hagan falta al mercado\u00bb.<\/p>\n\n\n\n<p>\u00abHay empresas que hacen construcciones livianas, que est\u00e1 ofreciendo poner un taller ah\u00ed y pagarles el sueldo a ellos. Hay pinturer\u00edas que han preguntado si pueden llevar sus equipamientos y trabajar\u00edan all\u00ed\u00bb, detall\u00f3.&nbsp;<\/p>\n\n\n\n<p>El gobernador mendocino sostuvo que hay mucha gente trabajando en los talleres, pero no con el sector privado. La propuesta estar\u00e1 destinada a los presos con buena conducta.<\/p>\n\n\n\n<p>Adem\u00e1s, el Intendente de Las Heras, Francisco Lo Presti, firm\u00f3 un convenio con el Servicio Penitenciario Provincial para tener la prioridad a la hora de comprar los productos que van a generar los presos y dicen, le va a generar a la comuna un ahorro de 20 millones de pesos.&nbsp;<\/p>\n\n\n\n<p>Los presos van a continuar privados de la libertad hasta que cumplan su condena, pero van a tener la posibilidad de tener de este modo un trabajo que les permita cobrar un sueldo.&nbsp;<\/p>\n<div class=\"sharedaddy sd-sharing-enabled\"><div class=\"robots-nocontent sd-block sd-social sd-social-icon sd-sharing\"><h3 class=\"sd-title\">Comparte esto:<\/h3><div class=\"sd-content\"><ul><li class=\"share-twitter\"><a rel=\"nofollow noopener noreferrer\" data-shared=\"sharing-twitter-40987\" class=\"share-twitter sd-button share-icon no-text\" href=\"http:\/\/www.rtvnoticias.com.ar\/?p=40987&amp;share=twitter\" target=\"_blank\" title=\"Haz clic para compartir en Twitter\"><span><\/span><span class=\"sharing-screen-reader-text\">Haz clic para compartir en Twitter (Se abre en una ventana nueva)<\/span><\/a><\/li><li class=\"share-facebook\"><a rel=\"nofollow noopener noreferrer\" data-shared=\"sharing-facebook-40987\" class=\"share-facebook sd-button share-icon no-text\" href=\"http:\/\/www.rtvnoticias.com.ar\/?p=40987&amp;share=facebook\" target=\"_blank\" title=\"Haz clic para compartir en Facebook\"><span><\/span><span class=\"sharing-screen-reader-text\">Haz clic para compartir en Facebook (Se abre en una ventana nueva)<\/span><\/a><\/li><li class=\"share-jetpack-whatsapp\"><a rel=\"nofollow noopener noreferrer\" data-shared=\"\" class=\"share-jetpack-whatsapp sd-button share-icon no-text\" href=\"http:\/\/www.rtvnoticias.com.ar\/?p=40987&amp;share=jetpack-whatsapp\" target=\"_blank\" title=\"Haz clic para compartir en WhatsApp\"><span><\/span><span class=\"sharing-screen-reader-text\">Haz clic para compartir en WhatsApp (Se abre en una ventana nueva)<\/span><\/a><\/li><li class=\"share-telegram\"><a rel=\"nofollow noopener noreferrer\" data-shared=\"\" class=\"share-telegram sd-button share-icon no-text\" href=\"http:\/\/www.rtvnoticias.com.ar\/?p=40987&amp;share=telegram\" target=\"_blank\" title=\"Haz clic para compartir en Telegram\"><span><\/span><span class=\"sharing-screen-reader-text\">Haz clic para compartir en Telegram (Se abre en una ventana nueva)<\/span><\/a><\/li><li class=\"share-end\"><\/li><\/ul><\/div><\/div><\/div>","protected":false},"excerpt":{"rendered":"<p>El gobierno de Mendoza puso en marcha una prueba piloto para que los presos del moderno penal Almafuerte realicen trabajos de manera remunerada.&nbsp; Ya en<\/p>\n<div class=\"sharedaddy sd-sharing-enabled\"><div class=\"robots-nocontent sd-block sd-social sd-social-icon sd-sharing\"><h3 class=\"sd-title\">Comparte esto:<\/h3><div class=\"sd-content\"><ul><li class=\"share-twitter\"><a rel=\"nofollow noopener noreferrer\" data-shared=\"sharing-twitter-40987\" class=\"share-twitter sd-button share-icon no-text\" href=\"http:\/\/www.rtvnoticias.com.ar\/?p=40987&amp;share=twitter\" target=\"_blank\" title=\"Haz clic para compartir en Twitter\"><span><\/span><span class=\"sharing-screen-reader-text\">Haz clic para compartir en Twitter (Se abre en una ventana nueva)<\/span><\/a><\/li><li class=\"share-facebook\"><a rel=\"nofollow noopener noreferrer\" data-shared=\"sharing-facebook-40987\" class=\"share-facebook sd-button share-icon no-text\" href=\"http:\/\/www.rtvnoticias.com.ar\/?p=40987&amp;share=facebook\" target=\"_blank\" title=\"Haz clic para compartir en Facebook\"><span><\/span><span class=\"sharing-screen-reader-text\">Haz clic para compartir en Facebook (Se abre en una ventana nueva)<\/span><\/a><\/li><li class=\"share-jetpack-whatsapp\"><a rel=\"nofollow noopener noreferrer\" data-shared=\"\" class=\"share-jetpack-whatsapp sd-button share-icon no-text\" href=\"http:\/\/www.rtvnoticias.com.ar\/?p=40987&amp;share=jetpack-whatsapp\" target=\"_blank\" title=\"Haz clic para compartir en WhatsApp\"><span><\/span><span class=\"sharing-screen-reader-text\">Haz clic para compartir en WhatsApp (Se abre en una ventana nueva)<\/span><\/a><\/li><li class=\"share-telegram\"><a rel=\"nofollow noopener noreferrer\" data-shared=\"\" class=\"share-telegram sd-button share-icon no-text\" href=\"http:\/\/www.rtvnoticias.com.ar\/?p=40987&amp;share=telegram\" target=\"_blank\" title=\"Haz clic para compartir en Telegram\"><span><\/span><span class=\"sharing-screen-reader-text\">Haz clic para compartir en Telegram (Se abre en una ventana nueva)<\/span><\/a><\/li><li class=\"share-end\"><\/li><\/ul><\/div><\/div><\/div>","protected":false},"author":5,"featured_media":40988,"comment_status":"closed","ping_status":"closed","sticky":false,"template":"","format":"standard","meta":{"spay_email":"","jetpack_publicize_message":"","jetpack_is_tweetstorm":false,"jetpack_publicize_feature_enabled":true},"categories":[5],"tags":[4718],"jetpack_featured_media_url":"http:\/\/www.rtvnoticias.com.ar\/wp-content\/uploads\/2024\/05\/carcel-almafuerte.jpg","jetpack_publicize_connections":[],"jetpack_sharing_enabled":true,"_links":{"self":[{"href":"http:\/\/www.rtvnoticias.com.ar\/index.php?rest_route=\/wp\/v2\/posts\/40987"}],"collection":[{"href":"http:\/\/www.rtvnoticias.com.ar\/index.php?rest_route=\/wp\/v2\/posts"}],"about":[{"href":"http:\/\/www.rtvnoticias.com.ar\/index.php?rest_route=\/wp\/v2\/types\/post"}],"author":[{"embeddable":true,"href":"http:\/\/www.rtvnoticias.com.ar\/index.php?rest_route=\/wp\/v2\/users\/5"}],"replies":[{"embeddable":true,"href":"http:\/\/www.rtvnoticias.com.ar\/index.php?rest_route=%2Fwp%2Fv2%2Fcomments&post=40987"}],"version-history":[{"count":1,"href":"http:\/\/www.rtvnoticias.com.ar\/index.php?rest_route=\/wp\/v2\/posts\/40987\/revisions"}],"predecessor-version":[{"id":40989,"href":"http:\/\/www.rtvnoticias.com.ar\/index.php?rest_route=\/wp\/v2\/posts\/40987\/revisions\/40989"}],"wp:featuredmedia":[{"embeddable":true,"href":"http:\/\/www.rtvnoticias.com.ar\/index.php?rest_route=\/wp\/v2\/media\/40988"}],"wp:attachment":[{"href":"http:\/\/www.rtvnoticias.com.ar\/index.php?rest_route=%2Fwp%2Fv2%2Fmedia&parent=40987"}],"wp:term":[{"taxonomy":"category","embeddable":true,"href":"http:\/\/www.rtvnoticias.com.ar\/index.php?rest_route=%2Fwp%2Fv2%2Fcategories&post=40987"},{"taxonomy":"post_tag","embeddable":true,"href":"http:\/\/www.rtvnoticias.com.ar\/index.php?rest_route=%2Fwp%2Fv2%2Ftags&post=40987"}],"curies":[{"name":"wp","href":"https:\/\/api.w.org\/{rel}","templated":true}]}}