{"id":42366,"date":"2024-09-19T07:25:00","date_gmt":"2024-09-19T10:25:00","guid":{"rendered":"http:\/\/www.rtvnoticias.com.ar\/?p=42366"},"modified":"2024-09-18T20:28:59","modified_gmt":"2024-09-18T23:28:59","slug":"reunion-de-defensa-civil","status":"publish","type":"post","link":"http:\/\/www.rtvnoticias.com.ar\/?p=42366","title":{"rendered":"Reuni\u00f3n de Defensa Civil"},"content":{"rendered":"\n<p>Integrantes de la Junta Municipal de Defensa Civil se reunieron para delinear estrategias de prevenci\u00f3n frente al dengue. A su vez, se dieron a conocer las distintas actividades que tendr\u00e1n lugar en General Pico hasta fin de a\u00f1o, en pos de coordinar las acciones conjuntas a desarrollar.<\/p>\n\n\n\n<p>El encuentro se realiz\u00f3 en las instalaciones del cuartel de Bomberos Voluntarios donde se abordaron, adem\u00e1s de lo mencionado, cuestiones referidas al protocolo de actuaci\u00f3n frente a eventos clim\u00e1ticos y tormentas.<\/p>\n\n\n\n<p>Este organismo fue creado por ordenanza municipal y se encuentra integrado por el Concejo Deliberante, Bomberos, Radio Club Pampeano, Corpico, Hospital Gobernador Centeno, Polic\u00eda Federal y de la provincia de La Pampa, el Regimiento de Caballer\u00eda Tanques 13 y Defensa Civil.<\/p>\n\n\n\n<p>Estuvieron presentes el secretario de Gobierno, Nicol\u00e1s Mendoza; la secretaria de Desarrollo Social, Gabriela Luna Echegaray; el secretario coordinador de Intendencia, Edgardo Privitera; la directora general de Ambiente y Desarrollo Sustentable, Melina Medus; el director de Participaci\u00f3n Ciudadana y Relaciones Institucionales, Cristian Viola; el director de Prevenci\u00f3n y Seguridad Ciudadana, Pablo Gandino; el director de Zoonosis y Vectores, Mat\u00edas Calmels; el director de Servicios P\u00fablicos, Walter Quint\u00edn; el director Girsu, Adri\u00e1n Acosta; el director de Arbolado y Parques Urbanos, Lucas Belliardo; concejales y concejalas;\u00a0el referente de Defensa Civil, Gonzalo Aragon\u00e9s;\u00a0autoridades de las dem\u00e1s instituciones participantes.\u00a0<\/p>\n\n\n\n<figure class=\"wp-block-image size-large\"><img data-attachment-id=\"42368\" data-permalink=\"http:\/\/www.rtvnoticias.com.ar\/?attachment_id=42368\" data-orig-file=\"http:\/\/www.rtvnoticias.com.ar\/wp-content\/uploads\/2024\/09\/defensacivil-2.jpg\" data-orig-size=\"600,400\" data-comments-opened=\"0\" data-image-meta=\"{&quot;aperture&quot;:&quot;0&quot;,&quot;credit&quot;:&quot;&quot;,&quot;camera&quot;:&quot;&quot;,&quot;caption&quot;:&quot;&quot;,&quot;created_timestamp&quot;:&quot;0&quot;,&quot;copyright&quot;:&quot;&quot;,&quot;focal_length&quot;:&quot;0&quot;,&quot;iso&quot;:&quot;0&quot;,&quot;shutter_speed&quot;:&quot;0&quot;,&quot;title&quot;:&quot;&quot;,&quot;orientation&quot;:&quot;0&quot;}\" data-image-title=\"defensacivil-2\" data-image-description=\"\" data-image-caption=\"\" data-medium-file=\"http:\/\/www.rtvnoticias.com.ar\/wp-content\/uploads\/2024\/09\/defensacivil-2-300x200.jpg\" data-large-file=\"http:\/\/www.rtvnoticias.com.ar\/wp-content\/uploads\/2024\/09\/defensacivil-2.jpg\" decoding=\"async\" loading=\"lazy\" width=\"600\" height=\"400\" src=\"http:\/\/www.rtvnoticias.com.ar\/wp-content\/uploads\/2024\/09\/defensacivil-2.jpg\" alt=\"\" class=\"wp-image-42368\" srcset=\"http:\/\/www.rtvnoticias.com.ar\/wp-content\/uploads\/2024\/09\/defensacivil-2.jpg 600w, http:\/\/www.rtvnoticias.com.ar\/wp-content\/uploads\/2024\/09\/defensacivil-2-300x200.jpg 300w\" sizes=\"(max-width: 600px) 100vw, 600px\" \/><\/figure>\n\n\n\n<p><strong>Trabajo articulado<\/strong><\/p>\n\n\n\n<p>Finalizada la reuni\u00f3n, Nicol\u00e1s Mendoza expres\u00f3: \u201cEn relaci\u00f3n al dengue, acordamos retomar lo vinculado al programa Patio Limpio y reforzar su aplicaci\u00f3n a trav\u00e9s de los distintos dispositivos de participaci\u00f3n con los que contamos y tambi\u00e9n continuar con la difusi\u00f3n de la prevenci\u00f3n sobre la tem\u00e1tica en redes sociales\u201d.<\/p>\n\n\n\n<p>\u201cEs indispensable en esta \u00e9poca generar las condiciones para evitar que el ciclo de vida del mosquito se complete\u201d, sostuvo.<\/p>\n\n\n\n<p>Con respecto al protocolo de actuaci\u00f3n frente a eventos clim\u00e1ticos y tormentas, refiri\u00f3: \u201cNotificaremos a cada instituci\u00f3n para que designe un responsable de mantener actualizado el inventario, el cual estar\u00e1 a disposici\u00f3n de todas las partes que integran esta Junta\u201d.<\/p>\n\n\n\n<p>A continuaci\u00f3n, agreg\u00f3: \u201cEn esta oportunidad compartimos la serie de eventos masivos que tiene proyectado concretar el municipio, iniciando este fin de semana con la Estudiantina 2024, sumado a lo que ser\u00e1 el Festival Pico Cumple, en el marco del pr\u00f3ximo aniversario de la ciudad. En este punto se comparti\u00f3 la necesidad de renovar el sistema de comunicaci\u00f3n de este organismo, ya que data de bastantes a\u00f1os\u201d.<\/p>\n\n\n\n<p>Finalmente, valor\u00f3 el buen funcionamiento de la Junta Municipal de Defensa Civil y dijo: \u201cEsto habla de la metodolog\u00eda de trabajo que impulsa la intendenta Fernanda Alonso que tiene que ver con la cogobernanza entre las instituciones representativas de la ciudad, de manera conjunta con la comunidad\u201d.<\/p>\n\n\n\n<p>Qued\u00f3 definido adem\u00e1s que el siguiente encuentro se dar\u00e1 el pr\u00f3ximo 9 de octubre, para revisar el avance de todo lo tratado en esta jornada.<\/p>\n<div class=\"sharedaddy sd-sharing-enabled\"><div class=\"robots-nocontent sd-block sd-social sd-social-icon sd-sharing\"><h3 class=\"sd-title\">Comparte esto:<\/h3><div class=\"sd-content\"><ul><li class=\"share-twitter\"><a rel=\"nofollow noopener noreferrer\" data-shared=\"sharing-twitter-42366\" class=\"share-twitter sd-button share-icon no-text\" href=\"http:\/\/www.rtvnoticias.com.ar\/?p=42366&amp;share=twitter\" target=\"_blank\" title=\"Haz clic para compartir en Twitter\"><span><\/span><span class=\"sharing-screen-reader-text\">Haz clic para compartir en Twitter (Se abre en una ventana nueva)<\/span><\/a><\/li><li class=\"share-facebook\"><a rel=\"nofollow noopener noreferrer\" data-shared=\"sharing-facebook-42366\" class=\"share-facebook sd-button share-icon no-text\" href=\"http:\/\/www.rtvnoticias.com.ar\/?p=42366&amp;share=facebook\" target=\"_blank\" title=\"Haz clic para compartir en Facebook\"><span><\/span><span class=\"sharing-screen-reader-text\">Haz clic para compartir en Facebook (Se abre en una ventana nueva)<\/span><\/a><\/li><li class=\"share-jetpack-whatsapp\"><a rel=\"nofollow noopener noreferrer\" data-shared=\"\" class=\"share-jetpack-whatsapp sd-button share-icon no-text\" href=\"http:\/\/www.rtvnoticias.com.ar\/?p=42366&amp;share=jetpack-whatsapp\" target=\"_blank\" title=\"Haz clic para compartir en WhatsApp\"><span><\/span><span class=\"sharing-screen-reader-text\">Haz clic para compartir en WhatsApp (Se abre en una ventana nueva)<\/span><\/a><\/li><li class=\"share-telegram\"><a rel=\"nofollow noopener noreferrer\" data-shared=\"\" class=\"share-telegram sd-button share-icon no-text\" href=\"http:\/\/www.rtvnoticias.com.ar\/?p=42366&amp;share=telegram\" target=\"_blank\" title=\"Haz clic para compartir en Telegram\"><span><\/span><span class=\"sharing-screen-reader-text\">Haz clic para compartir en Telegram (Se abre en una ventana nueva)<\/span><\/a><\/li><li class=\"share-end\"><\/li><\/ul><\/div><\/div><\/div>","protected":false},"excerpt":{"rendered":"<p>Integrantes de la Junta Municipal de Defensa Civil se reunieron para delinear estrategias de prevenci\u00f3n frente al dengue. A su vez, se dieron a conocer<\/p>\n<div class=\"sharedaddy sd-sharing-enabled\"><div class=\"robots-nocontent sd-block sd-social sd-social-icon sd-sharing\"><h3 class=\"sd-title\">Comparte esto:<\/h3><div class=\"sd-content\"><ul><li class=\"share-twitter\"><a rel=\"nofollow noopener noreferrer\" data-shared=\"sharing-twitter-42366\" class=\"share-twitter sd-button share-icon no-text\" href=\"http:\/\/www.rtvnoticias.com.ar\/?p=42366&amp;share=twitter\" target=\"_blank\" title=\"Haz clic para compartir en Twitter\"><span><\/span><span class=\"sharing-screen-reader-text\">Haz clic para compartir en Twitter (Se abre en una ventana nueva)<\/span><\/a><\/li><li class=\"share-facebook\"><a rel=\"nofollow noopener noreferrer\" data-shared=\"sharing-facebook-42366\" class=\"share-facebook sd-button share-icon no-text\" href=\"http:\/\/www.rtvnoticias.com.ar\/?p=42366&amp;share=facebook\" target=\"_blank\" title=\"Haz clic para compartir en Facebook\"><span><\/span><span class=\"sharing-screen-reader-text\">Haz clic para compartir en Facebook (Se abre en una ventana nueva)<\/span><\/a><\/li><li class=\"share-jetpack-whatsapp\"><a rel=\"nofollow noopener noreferrer\" data-shared=\"\" class=\"share-jetpack-whatsapp sd-button share-icon no-text\" href=\"http:\/\/www.rtvnoticias.com.ar\/?p=42366&amp;share=jetpack-whatsapp\" target=\"_blank\" title=\"Haz clic para compartir en WhatsApp\"><span><\/span><span class=\"sharing-screen-reader-text\">Haz clic para compartir en WhatsApp (Se abre en una ventana nueva)<\/span><\/a><\/li><li class=\"share-telegram\"><a rel=\"nofollow noopener noreferrer\" data-shared=\"\" class=\"share-telegram sd-button share-icon no-text\" href=\"http:\/\/www.rtvnoticias.com.ar\/?p=42366&amp;share=telegram\" target=\"_blank\" title=\"Haz clic para compartir en Telegram\"><span><\/span><span class=\"sharing-screen-reader-text\">Haz clic para compartir en Telegram (Se abre en una ventana nueva)<\/span><\/a><\/li><li class=\"share-end\"><\/li><\/ul><\/div><\/div><\/div>","protected":false},"author":5,"featured_media":42367,"comment_status":"closed","ping_status":"closed","sticky":false,"template":"","format":"standard","meta":{"spay_email":"","jetpack_publicize_message":"","jetpack_is_tweetstorm":false,"jetpack_publicize_feature_enabled":true},"categories":[3],"tags":[416],"jetpack_featured_media_url":"http:\/\/www.rtvnoticias.com.ar\/wp-content\/uploads\/2024\/09\/defensacivil.jpg","jetpack_publicize_connections":[],"jetpack_sharing_enabled":true,"_links":{"self":[{"href":"http:\/\/www.rtvnoticias.com.ar\/index.php?rest_route=\/wp\/v2\/posts\/42366"}],"collection":[{"href":"http:\/\/www.rtvnoticias.com.ar\/index.php?rest_route=\/wp\/v2\/posts"}],"about":[{"href":"http:\/\/www.rtvnoticias.com.ar\/index.php?rest_route=\/wp\/v2\/types\/post"}],"author":[{"embeddable":true,"href":"http:\/\/www.rtvnoticias.com.ar\/index.php?rest_route=\/wp\/v2\/users\/5"}],"replies":[{"embeddable":true,"href":"http:\/\/www.rtvnoticias.com.ar\/index.php?rest_route=%2Fwp%2Fv2%2Fcomments&post=42366"}],"version-history":[{"count":1,"href":"http:\/\/www.rtvnoticias.com.ar\/index.php?rest_route=\/wp\/v2\/posts\/42366\/revisions"}],"predecessor-version":[{"id":42369,"href":"http:\/\/www.rtvnoticias.com.ar\/index.php?rest_route=\/wp\/v2\/posts\/42366\/revisions\/42369"}],"wp:featuredmedia":[{"embeddable":true,"href":"http:\/\/www.rtvnoticias.com.ar\/index.php?rest_route=\/wp\/v2\/media\/42367"}],"wp:attachment":[{"href":"http:\/\/www.rtvnoticias.com.ar\/index.php?rest_route=%2Fwp%2Fv2%2Fmedia&parent=42366"}],"wp:term":[{"taxonomy":"category","embeddable":true,"href":"http:\/\/www.rtvnoticias.com.ar\/index.php?rest_route=%2Fwp%2Fv2%2Fcategories&post=42366"},{"taxonomy":"post_tag","embeddable":true,"href":"http:\/\/www.rtvnoticias.com.ar\/index.php?rest_route=%2Fwp%2Fv2%2Ftags&post=42366"}],"curies":[{"name":"wp","href":"https:\/\/api.w.org\/{rel}","templated":true}]}}