{"id":42373,"date":"2024-09-19T18:25:45","date_gmt":"2024-09-19T21:25:45","guid":{"rendered":"http:\/\/www.rtvnoticias.com.ar\/?p=42373"},"modified":"2024-09-19T18:25:48","modified_gmt":"2024-09-19T21:25:48","slug":"sesiono-el-concejo-deliberante-tratando-19-temas-que-integraban-el-orden-del-dia","status":"publish","type":"post","link":"http:\/\/www.rtvnoticias.com.ar\/?p=42373","title":{"rendered":"Sesion\u00f3 el Concejo Deliberante tratando 19 temas que integraban el orden del d\u00eda"},"content":{"rendered":"\n<p>Tuvo lugar un nuevo encuentro legislativo en el Concejo Deliberante de la ciudad de General Pico. Con la presencia de la totalidad de las y los ediles y un orden del d\u00eda compuesto por 19 expedientes se desarroll\u00f3 la d\u00e9cimo sexta sesi\u00f3n del per\u00edodo ordinario.<\/p>\n\n\n\n<p>El presidente del cuerpo deliberativo, Alberto Campo, marc\u00f3 el inicio de esta sesi\u00f3n llevando adelante el izamiento del pabell\u00f3n nacional. Seguidamente inici\u00f3 el abordaje del orden del d\u00eda con la aprobaci\u00f3n por unanimidad del acta correspondiente al encuentro anterior.<\/p>\n\n\n\n<p>Para el tratamiento en las comisiones ingresaron ocho expedientes con diversos or\u00edgenes entre los cuales estuvo el proyecto de Ordenanza elevado por el Ejecutivo Municipal, que solicita la aprobaci\u00f3n de un convenio marco de colaboraci\u00f3n\u00a0y cooperaci\u00f3n entre la Confederaci\u00f3n Argentina de la Mediana Empresa, la C\u00e1mara de Comercio Afines de General Pico y la Municipalidad de General Pico. <\/p>\n\n\n\n<p>Dicho convenio\u00a0tiene como objetivo aunar esfuerzos a fines de promover y fomentar el desarrollo de una amplia oferta de cursos online gratuitos, que favorezcan y posibiliten el enriquecimiento de los diferentes sectores de la comunidad. Adem\u00e1s, en este encuentro, ingres\u00f3\u00a0la solicitud de desafectaci\u00f3n de uso y autorizaci\u00f3n para la ejecuci\u00f3n de la obra caratulada \u201cEstacionamientos futuros Hospital Bicentenario y Posta Sanitaria Barrio Federal General Pico\u201d, que tendr\u00e1 su abordaje en las comisiones.<\/p>\n\n\n\n<p>Las y los ediles locales tambi\u00e9n estar\u00e1n abordando en los pr\u00f3ximos d\u00edas otros expedientes ingresados como la solicitud de adhesi\u00f3n al 10 de septiembre de cada a\u00f1o al \u201cD\u00eda Mundial para la Prevenci\u00f3n del Suicidio\u201d, en consonancia con la fecha dispuesta internacionalmente por iniciativa de la Asociaci\u00f3n Internacional para la prevenci\u00f3n del Suicidio, la Organizaci\u00f3n Mundial de la Salud (OMS) y la Rep\u00fablica Argentina. Tambi\u00e9n y entre otros temas, analizar\u00e1n la correspondencia recibida por parte de la Asociaci\u00f3n Italiana XX de Septiembre de Socorros Mutuos que solicita la declaraci\u00f3n de inter\u00e9s del 8\u00b0 Festival Nacional de Cine de General Pico, que tendr\u00e1 lugar del 14 al 20 de noviembre de 2024 en nuestra ciudad.<\/p>\n\n\n\n<p><strong>Aprobados<\/strong><\/p>\n\n\n\n<p>Cinco fueron los proyectos aprobados en este nuevo encuentro legislativo, cuatro de ellos por la totalidad de las y los concejales. Entre estos estuvo el proyecto de decreto impulsado por el bloque del Frente Justicialista Pampeano que propone iluminar el edificio del Concejo Deliberante en conmemoraci\u00f3n del D\u00eda Nacional de las Personas Sordas (19 de septiembre) y el D\u00eda Internacional del Lenguaje de Se\u00f1as (23 de septiembre). Este proyecto, ya aprobado, contempla la iluminaci\u00f3n del edificio de color azul desde el 19 al 23 de septiembre.<\/p>\n\n\n\n<p>Presentados por el bloque oficialista tambi\u00e9n fueron aprobados por unanimidad dos proyectos que incluyen declaraciones de inter\u00e9s legislativo: la octava edici\u00f3n de la EXPO-FIERROS 2024 a desarrollarse el 28 y 29 de septiembre en el \u00abParador\u201d, dicho evento es de car\u00e1cter solidario y nucleara a participantes de nuestra ciudad y de otras regiones ligadas a la actividad, en donde se expondr\u00e1n m\u00e1s de 250 veh\u00edculos. Mismo acompa\u00f1amiento obtuvo la declaraci\u00f3n de inter\u00e9s legislativo del Festival A\u00e9reo \u201cPico Vuela\u201d, que tendr\u00e1 lugar los d\u00edas 5 y 6 de octubre en el marco del 80\u00b0 aniversario del Aeroclub nuestra ciudad.<\/p>\n\n\n\n<p>Otro de los proyectos que cont\u00f3 con el acompa\u00f1amiento un\u00e1nime del recinto fue el presentado por el bloque Juntos por el Cambio, que establece el reconocimiento a la docente Giselle Crespo por su participaci\u00f3n en el concurso \u201cDocentes que Inspiran\u201d.<\/p>\n\n\n\n<p>Finalmente, por mayor\u00eda (con votos oficialistas) result\u00f3 aprobado el proyecto impulsado por el bloque Frente Justicialista Pampeano manifestando preocupaci\u00f3n por el accionar de la ministra de Seguridad de la Naci\u00f3n, Patricia Bullrich, \u201cdesconociendo hechos de las fuerzas de seguridad, ocurridos el pasado 11 de septiembre\u201d. Mientras que, a comisiones, por mociones aprobadas por unanimidad, pasaron los proyectos de resoluci\u00f3n presentados por el bloque Juntos por el Cambio, vinculados al funcionamiento e inclusi\u00f3n en la Ordenanza Fiscal y Tarifaria del Fondo Comunitario para la Producci\u00f3n y el Desarrollo.<\/p>\n\n\n\n<p><strong>Despachos<\/strong><\/p>\n\n\n\n<p>Como despacho de la comisi\u00f3n de Administraci\u00f3n, Reglamentaci\u00f3n y de Salud P\u00fablica aprobaron por unanimidad el proyecto de Ordenanza del bloque del Frente Justicialista Pampeano que establece la colocaci\u00f3n de una placa homenaje al reconocido escritor piquense Juan Jos\u00e9 Sena, que fue un cuentista, poeta, dramaturgo, novelista, traductor y ensayista que particip\u00f3 en varias investigaciones en el campo de la antropolog\u00eda y la ling\u00fc\u00edstica. Que adem\u00e1s ejerci\u00f3 el periodismo, la docencia y durante mucho tiempo se dedic\u00f3 a la coordinaci\u00f3n de talleres de creaci\u00f3n literaria en nuestra ciudad.&nbsp;<\/p>\n\n\n\n<p>El escritor tendr\u00e1 su reconocimiento, con el descubrimiento de la placa establecida en el proyecto de ordenanza, durante el pr\u00f3ximo fin de semana en el marco del desarrollo de la Feria Provincial del Libro Infantil y Juvenil en General Pico.<\/p>\n\n\n\n<p>Finalmente, el cuerpo legislativo local en su totalidad aprob\u00f3 la solicitud recibida por parte del instituto Roberto Petit de Meurville por medio de la cual se declara de inter\u00e9s la conferencia Petit Talk 2024, que se llevar\u00e1 a cabo el d\u00eda 21 de septiembre del corriente a\u00f1o, en el Cine Teatro Pico de 8:00 a 16:00 horas.<\/p>\n<div class=\"sharedaddy sd-sharing-enabled\"><div class=\"robots-nocontent sd-block sd-social sd-social-icon sd-sharing\"><h3 class=\"sd-title\">Comparte esto:<\/h3><div class=\"sd-content\"><ul><li class=\"share-twitter\"><a rel=\"nofollow noopener noreferrer\" data-shared=\"sharing-twitter-42373\" class=\"share-twitter sd-button share-icon no-text\" href=\"http:\/\/www.rtvnoticias.com.ar\/?p=42373&amp;share=twitter\" target=\"_blank\" title=\"Haz clic para compartir en Twitter\"><span><\/span><span class=\"sharing-screen-reader-text\">Haz clic para compartir en Twitter (Se abre en una ventana nueva)<\/span><\/a><\/li><li class=\"share-facebook\"><a rel=\"nofollow noopener noreferrer\" data-shared=\"sharing-facebook-42373\" class=\"share-facebook sd-button share-icon no-text\" href=\"http:\/\/www.rtvnoticias.com.ar\/?p=42373&amp;share=facebook\" target=\"_blank\" title=\"Haz clic para compartir en Facebook\"><span><\/span><span class=\"sharing-screen-reader-text\">Haz clic para compartir en Facebook (Se abre en una ventana nueva)<\/span><\/a><\/li><li class=\"share-jetpack-whatsapp\"><a rel=\"nofollow noopener noreferrer\" data-shared=\"\" class=\"share-jetpack-whatsapp sd-button share-icon no-text\" href=\"http:\/\/www.rtvnoticias.com.ar\/?p=42373&amp;share=jetpack-whatsapp\" target=\"_blank\" title=\"Haz clic para compartir en WhatsApp\"><span><\/span><span class=\"sharing-screen-reader-text\">Haz clic para compartir en WhatsApp (Se abre en una ventana nueva)<\/span><\/a><\/li><li class=\"share-telegram\"><a rel=\"nofollow noopener noreferrer\" data-shared=\"\" class=\"share-telegram sd-button share-icon no-text\" href=\"http:\/\/www.rtvnoticias.com.ar\/?p=42373&amp;share=telegram\" target=\"_blank\" title=\"Haz clic para compartir en Telegram\"><span><\/span><span class=\"sharing-screen-reader-text\">Haz clic para compartir en Telegram (Se abre en una ventana nueva)<\/span><\/a><\/li><li class=\"share-end\"><\/li><\/ul><\/div><\/div><\/div>","protected":false},"excerpt":{"rendered":"<p>Tuvo lugar un nuevo encuentro legislativo en el Concejo Deliberante de la ciudad de General Pico. Con la presencia de la totalidad de las y<\/p>\n<div class=\"sharedaddy sd-sharing-enabled\"><div class=\"robots-nocontent sd-block sd-social sd-social-icon sd-sharing\"><h3 class=\"sd-title\">Comparte esto:<\/h3><div class=\"sd-content\"><ul><li class=\"share-twitter\"><a rel=\"nofollow noopener noreferrer\" data-shared=\"sharing-twitter-42373\" class=\"share-twitter sd-button share-icon no-text\" href=\"http:\/\/www.rtvnoticias.com.ar\/?p=42373&amp;share=twitter\" target=\"_blank\" title=\"Haz clic para compartir en Twitter\"><span><\/span><span class=\"sharing-screen-reader-text\">Haz clic para compartir en Twitter (Se abre en una ventana nueva)<\/span><\/a><\/li><li class=\"share-facebook\"><a rel=\"nofollow noopener noreferrer\" data-shared=\"sharing-facebook-42373\" class=\"share-facebook sd-button share-icon no-text\" href=\"http:\/\/www.rtvnoticias.com.ar\/?p=42373&amp;share=facebook\" target=\"_blank\" title=\"Haz clic para compartir en Facebook\"><span><\/span><span class=\"sharing-screen-reader-text\">Haz clic para compartir en Facebook (Se abre en una ventana nueva)<\/span><\/a><\/li><li class=\"share-jetpack-whatsapp\"><a rel=\"nofollow noopener noreferrer\" data-shared=\"\" class=\"share-jetpack-whatsapp sd-button share-icon no-text\" href=\"http:\/\/www.rtvnoticias.com.ar\/?p=42373&amp;share=jetpack-whatsapp\" target=\"_blank\" title=\"Haz clic para compartir en WhatsApp\"><span><\/span><span class=\"sharing-screen-reader-text\">Haz clic para compartir en WhatsApp (Se abre en una ventana nueva)<\/span><\/a><\/li><li class=\"share-telegram\"><a rel=\"nofollow noopener noreferrer\" data-shared=\"\" class=\"share-telegram sd-button share-icon no-text\" href=\"http:\/\/www.rtvnoticias.com.ar\/?p=42373&amp;share=telegram\" target=\"_blank\" title=\"Haz clic para compartir en Telegram\"><span><\/span><span class=\"sharing-screen-reader-text\">Haz clic para compartir en Telegram (Se abre en una ventana nueva)<\/span><\/a><\/li><li class=\"share-end\"><\/li><\/ul><\/div><\/div><\/div>","protected":false},"author":5,"featured_media":42374,"comment_status":"closed","ping_status":"closed","sticky":false,"template":"","format":"standard","meta":{"spay_email":"","jetpack_publicize_message":"","jetpack_is_tweetstorm":false,"jetpack_publicize_feature_enabled":true},"categories":[3],"tags":[3325],"jetpack_featured_media_url":"http:\/\/www.rtvnoticias.com.ar\/wp-content\/uploads\/2024\/09\/concejo-septiembre.jpg","jetpack_publicize_connections":[],"jetpack_sharing_enabled":true,"_links":{"self":[{"href":"http:\/\/www.rtvnoticias.com.ar\/index.php?rest_route=\/wp\/v2\/posts\/42373"}],"collection":[{"href":"http:\/\/www.rtvnoticias.com.ar\/index.php?rest_route=\/wp\/v2\/posts"}],"about":[{"href":"http:\/\/www.rtvnoticias.com.ar\/index.php?rest_route=\/wp\/v2\/types\/post"}],"author":[{"embeddable":true,"href":"http:\/\/www.rtvnoticias.com.ar\/index.php?rest_route=\/wp\/v2\/users\/5"}],"replies":[{"embeddable":true,"href":"http:\/\/www.rtvnoticias.com.ar\/index.php?rest_route=%2Fwp%2Fv2%2Fcomments&post=42373"}],"version-history":[{"count":1,"href":"http:\/\/www.rtvnoticias.com.ar\/index.php?rest_route=\/wp\/v2\/posts\/42373\/revisions"}],"predecessor-version":[{"id":42375,"href":"http:\/\/www.rtvnoticias.com.ar\/index.php?rest_route=\/wp\/v2\/posts\/42373\/revisions\/42375"}],"wp:featuredmedia":[{"embeddable":true,"href":"http:\/\/www.rtvnoticias.com.ar\/index.php?rest_route=\/wp\/v2\/media\/42374"}],"wp:attachment":[{"href":"http:\/\/www.rtvnoticias.com.ar\/index.php?rest_route=%2Fwp%2Fv2%2Fmedia&parent=42373"}],"wp:term":[{"taxonomy":"category","embeddable":true,"href":"http:\/\/www.rtvnoticias.com.ar\/index.php?rest_route=%2Fwp%2Fv2%2Fcategories&post=42373"},{"taxonomy":"post_tag","embeddable":true,"href":"http:\/\/www.rtvnoticias.com.ar\/index.php?rest_route=%2Fwp%2Fv2%2Ftags&post=42373"}],"curies":[{"name":"wp","href":"https:\/\/api.w.org\/{rel}","templated":true}]}}