{"id":42376,"date":"2024-09-19T18:31:46","date_gmt":"2024-09-19T21:31:46","guid":{"rendered":"http:\/\/www.rtvnoticias.com.ar\/?p=42376"},"modified":"2024-09-19T18:31:52","modified_gmt":"2024-09-19T21:31:52","slug":"la-fundacion-para-el-desarrollo-regional-celebro-30-anos-de-actividad","status":"publish","type":"post","link":"http:\/\/www.rtvnoticias.com.ar\/?p=42376","title":{"rendered":"La Fundaci\u00f3n para el Desarrollo Regional celebr\u00f3 30 a\u00f1os de actividad"},"content":{"rendered":"\n<p>La Fundaci\u00f3n para el Desarrollo Regional concret\u00f3 una jornada para conmemorar el 30\u00b0 Aniversario de su creaci\u00f3n, con dos actividades que tuvieron lugar en el Sindicato de Camioneros. En primer orden, un panel denominado \u201cLa transformaci\u00f3n tecnol\u00f3gica\u201d y, en una segunda etapa, el acto formal.\u00a0<\/p>\n\n\n\n<p>Al comienzo, el secretario del Consejo de Administraci\u00f3n y viceintendente, Alberto Campo dio la bienvenida a las y los presentes. A continuaci\u00f3n, lo propio hizo la directora general de Econom\u00eda del Conocimiento de La Pampa, Laura Biasotti.&nbsp;&nbsp;&nbsp;<\/p>\n\n\n\n<p>Posteriormente, la vicedecana de la Facultad de Ingenier\u00eda de la UNLPam, Carolina Salto moder\u00f3 la mesa antes mencionada, en la que se abordaron temas relacionados con la digitalizaci\u00f3n, innovaci\u00f3n, big data, inteligencia artificial, e impactos y desaf\u00edos para el ecosistema empresarial y emprendedor.<\/p>\n\n\n\n<figure class=\"wp-block-image size-large\"><img data-attachment-id=\"42378\" data-permalink=\"http:\/\/www.rtvnoticias.com.ar\/?attachment_id=42378\" data-orig-file=\"http:\/\/www.rtvnoticias.com.ar\/wp-content\/uploads\/2024\/09\/funcacion2.jpg\" data-orig-size=\"600,399\" data-comments-opened=\"0\" data-image-meta=\"{&quot;aperture&quot;:&quot;0&quot;,&quot;credit&quot;:&quot;&quot;,&quot;camera&quot;:&quot;&quot;,&quot;caption&quot;:&quot;&quot;,&quot;created_timestamp&quot;:&quot;0&quot;,&quot;copyright&quot;:&quot;&quot;,&quot;focal_length&quot;:&quot;0&quot;,&quot;iso&quot;:&quot;0&quot;,&quot;shutter_speed&quot;:&quot;0&quot;,&quot;title&quot;:&quot;&quot;,&quot;orientation&quot;:&quot;1&quot;}\" data-image-title=\"funcacion2\" data-image-description=\"\" data-image-caption=\"\" data-medium-file=\"http:\/\/www.rtvnoticias.com.ar\/wp-content\/uploads\/2024\/09\/funcacion2-300x200.jpg\" data-large-file=\"http:\/\/www.rtvnoticias.com.ar\/wp-content\/uploads\/2024\/09\/funcacion2.jpg\" decoding=\"async\" loading=\"lazy\" width=\"600\" height=\"399\" src=\"http:\/\/www.rtvnoticias.com.ar\/wp-content\/uploads\/2024\/09\/funcacion2.jpg\" alt=\"\" class=\"wp-image-42378\" srcset=\"http:\/\/www.rtvnoticias.com.ar\/wp-content\/uploads\/2024\/09\/funcacion2.jpg 600w, http:\/\/www.rtvnoticias.com.ar\/wp-content\/uploads\/2024\/09\/funcacion2-300x200.jpg 300w\" sizes=\"(max-width: 600px) 100vw, 600px\" \/><\/figure>\n\n\n\n<p>Disertaron Alejandrina Vigna, a cargo de la Direcci\u00f3n T\u00e9cnica de Transformaci\u00f3n Digital del INTI; Kevin Mazza, especialista en inteligencia artificial y Germ\u00e1n Tarasewiez, l\u00edder en innovaci\u00f3n y tecnolog\u00eda fueron quienes disertaron en la jornada.&nbsp;<\/p>\n\n\n\n<p>Tras su finalizaci\u00f3n, se desarroll\u00f3 una propuesta de \u00edndole participativa entre las y los asistentes, coordinada por el director de Participaci\u00f3n Ciudadana y Relaciones Institucionales, Cristian Viola.&nbsp;<\/p>\n\n\n\n<p>Dando inicio a la instancia formal, se proyect\u00f3 un video en el que se explic\u00f3 la constituci\u00f3n actual de la FDR.&nbsp;<\/p>\n\n\n\n<p>Luego, la intendenta Fernanda Alonso brind\u00f3 la resoluci\u00f3n que declara de inter\u00e9s municipal el 30 aniversario del organismo.&nbsp;<\/p>\n\n\n\n<p>Autoridades otorgaron presentes recordatorios a los miembros fundadores del mismo, ex gerentes y ex gerenta como as\u00ed tambi\u00e9n a presidentes anteriores del Consejo de Administraci\u00f3n.&nbsp;<\/p>\n\n\n\n<p>Lo propio sucedi\u00f3 con intendentes y la actual mandataria que acompa\u00f1aron el fortalecimiento de la FDR.&nbsp;<\/p>\n\n\n\n<p>En este marco, la jefa comunal piquense hizo entrega de una placa recordatoria por los 30 a\u00f1os de la Fundaci\u00f3n a su presidenta, Yolanda Carrizo, que luego ser\u00e1 colocada en el frente del edificio sede.<\/p>\n\n\n\n<p>Estuvieron, adem\u00e1s, la vicegobernadora, Alicia Mayoral; la ministra de la Producci\u00f3n, Fernanda Gonz\u00e1lez; la gerenta de la FDR, Mar\u00eda del Carmen Garc\u00eda Su\u00e1rez; diputadas y diputados, intendentes con mandato cumplido, funcionarias y funcionarios municipales y provinciales; integrantes del primer Consejo de Administraci\u00f3n, entre otros.&nbsp;<\/p>\n\n\n\n<p><strong>Nuevo aniversario<\/strong><\/p>\n\n\n\n<p>La intendenta Fernanda Alonso se dirigi\u00f3 al auditorio: \u201cPasaron 30 a\u00f1os desde aquel momento. En \u00e9se entonces eran fundaciones las que les daban el formato jur\u00eddico para que un organismo de segundo grado agrupe a otros representando esta sinergia entre lo p\u00fablico, lo privado y lo acad\u00e9mico\u201d.&nbsp;<\/p>\n\n\n\n<p>\u201cEntiendo que es por ah\u00ed, y m\u00e1s en estos momentos donde todo est\u00e1 puesto en duda, debemos fortalecer lo que tenemos. En la FDR, cada una y uno brinda lo suyo, a partir de all\u00ed surgen cosas, se analizan las necesidades y se buscan las respuestas con recursos de la comunidad\u201d, a\u00f1adi\u00f3.<\/p>\n\n\n\n<p>Asegur\u00f3 que \u201cas\u00ed se acompa\u00f1\u00f3, de manera ininterrumpida, el aporte para que la Fundaci\u00f3n se sostenga\u201d.<\/p>\n\n\n\n<p>\u201cEso es lo que hace este espacio interinstitucional, articular los requerimientos de distintos sectores y, de manera conjunta, generar alternativas. As\u00ed es que fuimos a solicitarles que nos ayuden a conformar la Agenda 6360 para poder escuchar a todas la voces de la ciudad y ver qu\u00e9 Pico quer\u00edamos tener\u201d, dijo.&nbsp;<\/p>\n\n\n\n<p>Agreg\u00f3 que \u201che estado en el proceso y festejo mucho eso porque la historia nos hace grandes y la tenemos que escribir juntos. Tenemos que celebrar 30 a\u00f1os de una instituci\u00f3n que debe seguir fortaleci\u00e9ndose con cada una de sus partes sent\u00e1ndose en la mesa\u201d.&nbsp;<\/p>\n\n\n\n<p>La ministra Gonz\u00e1lez tambi\u00e9n se expidi\u00f3 frente al p\u00fablico. \u201cAqu\u00ed hay un pedazo de la historia de Pico, de su crecimiento y desarrollo regional. Ha sido un lugar desde donde han salido diferentes actividades vinculadas con el ecosistema emprendedor, empresarial e industrial, demostrando c\u00f3mo se puede trabajar en una sociedad ordenada\u201d.<\/p>\n\n\n\n<figure class=\"wp-block-image size-large\"><img data-attachment-id=\"42379\" data-permalink=\"http:\/\/www.rtvnoticias.com.ar\/?attachment_id=42379\" data-orig-file=\"http:\/\/www.rtvnoticias.com.ar\/wp-content\/uploads\/2024\/09\/fundacion3.jpg\" data-orig-size=\"600,399\" data-comments-opened=\"0\" data-image-meta=\"{&quot;aperture&quot;:&quot;0&quot;,&quot;credit&quot;:&quot;&quot;,&quot;camera&quot;:&quot;&quot;,&quot;caption&quot;:&quot;&quot;,&quot;created_timestamp&quot;:&quot;0&quot;,&quot;copyright&quot;:&quot;&quot;,&quot;focal_length&quot;:&quot;0&quot;,&quot;iso&quot;:&quot;0&quot;,&quot;shutter_speed&quot;:&quot;0&quot;,&quot;title&quot;:&quot;&quot;,&quot;orientation&quot;:&quot;1&quot;}\" data-image-title=\"fundacion3\" data-image-description=\"\" data-image-caption=\"\" data-medium-file=\"http:\/\/www.rtvnoticias.com.ar\/wp-content\/uploads\/2024\/09\/fundacion3-300x200.jpg\" data-large-file=\"http:\/\/www.rtvnoticias.com.ar\/wp-content\/uploads\/2024\/09\/fundacion3.jpg\" decoding=\"async\" loading=\"lazy\" width=\"600\" height=\"399\" src=\"http:\/\/www.rtvnoticias.com.ar\/wp-content\/uploads\/2024\/09\/fundacion3.jpg\" alt=\"\" class=\"wp-image-42379\" srcset=\"http:\/\/www.rtvnoticias.com.ar\/wp-content\/uploads\/2024\/09\/fundacion3.jpg 600w, http:\/\/www.rtvnoticias.com.ar\/wp-content\/uploads\/2024\/09\/fundacion3-300x200.jpg 300w\" sizes=\"(max-width: 600px) 100vw, 600px\" \/><\/figure>\n\n\n\n<p>A su turno, Yolanda Carrizo indic\u00f3: \u201cEn General Pico hay algo que nos tira para ac\u00e1, hay mucha red en qu\u00e9 apoyarse. Debemos valorar lo que tenemos, los tejidos, la confianza y los acuerdos con una pluralidad que vale la pena\u201d.&nbsp;<\/p>\n\n\n\n<p>\u201cTodo esto es la base fundamental que ustedes construyeron pero para adelante hay mucho m\u00e1s. El futuro nos encontrar\u00e1 trabajando juntas y juntos, no s\u00f3lo por la ciudad, sino por la regi\u00f3n y m\u00e1s localidades, por eso estamos buscando socios en la provincia, en el pa\u00eds y el exterior. Por suerte, contamos con el apoyo del Gobierno de La Pampa\u201d, sostuvo.<\/p>\n\n\n\n<p>Al tomar la palabra, el primer presidente de la FDR, Jorge Tebes, llev\u00f3 a cabo un relato hist\u00f3rico del surgimiento de la Fundaci\u00f3n y c\u00f3mo fue su evoluci\u00f3n hasta su conformaci\u00f3n actual.&nbsp;<\/p>\n<div class=\"sharedaddy sd-sharing-enabled\"><div class=\"robots-nocontent sd-block sd-social sd-social-icon sd-sharing\"><h3 class=\"sd-title\">Comparte esto:<\/h3><div class=\"sd-content\"><ul><li class=\"share-twitter\"><a rel=\"nofollow noopener noreferrer\" data-shared=\"sharing-twitter-42376\" class=\"share-twitter sd-button share-icon no-text\" href=\"http:\/\/www.rtvnoticias.com.ar\/?p=42376&amp;share=twitter\" target=\"_blank\" title=\"Haz clic para compartir en Twitter\"><span><\/span><span class=\"sharing-screen-reader-text\">Haz clic para compartir en Twitter (Se abre en una ventana nueva)<\/span><\/a><\/li><li class=\"share-facebook\"><a rel=\"nofollow noopener noreferrer\" data-shared=\"sharing-facebook-42376\" class=\"share-facebook sd-button share-icon no-text\" href=\"http:\/\/www.rtvnoticias.com.ar\/?p=42376&amp;share=facebook\" target=\"_blank\" title=\"Haz clic para compartir en Facebook\"><span><\/span><span class=\"sharing-screen-reader-text\">Haz clic para compartir en Facebook (Se abre en una ventana nueva)<\/span><\/a><\/li><li class=\"share-jetpack-whatsapp\"><a rel=\"nofollow noopener noreferrer\" data-shared=\"\" class=\"share-jetpack-whatsapp sd-button share-icon no-text\" href=\"http:\/\/www.rtvnoticias.com.ar\/?p=42376&amp;share=jetpack-whatsapp\" target=\"_blank\" title=\"Haz clic para compartir en WhatsApp\"><span><\/span><span class=\"sharing-screen-reader-text\">Haz clic para compartir en WhatsApp (Se abre en una ventana nueva)<\/span><\/a><\/li><li class=\"share-telegram\"><a rel=\"nofollow noopener noreferrer\" data-shared=\"\" class=\"share-telegram sd-button share-icon no-text\" href=\"http:\/\/www.rtvnoticias.com.ar\/?p=42376&amp;share=telegram\" target=\"_blank\" title=\"Haz clic para compartir en Telegram\"><span><\/span><span class=\"sharing-screen-reader-text\">Haz clic para compartir en Telegram (Se abre en una ventana nueva)<\/span><\/a><\/li><li class=\"share-end\"><\/li><\/ul><\/div><\/div><\/div>","protected":false},"excerpt":{"rendered":"<p>La Fundaci\u00f3n para el Desarrollo Regional concret\u00f3 una jornada para conmemorar el 30\u00b0 Aniversario de su creaci\u00f3n, con dos actividades que tuvieron lugar en el<\/p>\n<div class=\"sharedaddy sd-sharing-enabled\"><div class=\"robots-nocontent sd-block sd-social sd-social-icon sd-sharing\"><h3 class=\"sd-title\">Comparte esto:<\/h3><div class=\"sd-content\"><ul><li class=\"share-twitter\"><a rel=\"nofollow noopener noreferrer\" data-shared=\"sharing-twitter-42376\" class=\"share-twitter sd-button share-icon no-text\" href=\"http:\/\/www.rtvnoticias.com.ar\/?p=42376&amp;share=twitter\" target=\"_blank\" title=\"Haz clic para compartir en Twitter\"><span><\/span><span class=\"sharing-screen-reader-text\">Haz clic para compartir en Twitter (Se abre en una ventana nueva)<\/span><\/a><\/li><li class=\"share-facebook\"><a rel=\"nofollow noopener noreferrer\" data-shared=\"sharing-facebook-42376\" class=\"share-facebook sd-button share-icon no-text\" href=\"http:\/\/www.rtvnoticias.com.ar\/?p=42376&amp;share=facebook\" target=\"_blank\" title=\"Haz clic para compartir en Facebook\"><span><\/span><span class=\"sharing-screen-reader-text\">Haz clic para compartir en Facebook (Se abre en una ventana nueva)<\/span><\/a><\/li><li class=\"share-jetpack-whatsapp\"><a rel=\"nofollow noopener noreferrer\" data-shared=\"\" class=\"share-jetpack-whatsapp sd-button share-icon no-text\" href=\"http:\/\/www.rtvnoticias.com.ar\/?p=42376&amp;share=jetpack-whatsapp\" target=\"_blank\" title=\"Haz clic para compartir en WhatsApp\"><span><\/span><span class=\"sharing-screen-reader-text\">Haz clic para compartir en WhatsApp (Se abre en una ventana nueva)<\/span><\/a><\/li><li class=\"share-telegram\"><a rel=\"nofollow noopener noreferrer\" data-shared=\"\" class=\"share-telegram sd-button share-icon no-text\" href=\"http:\/\/www.rtvnoticias.com.ar\/?p=42376&amp;share=telegram\" target=\"_blank\" title=\"Haz clic para compartir en Telegram\"><span><\/span><span class=\"sharing-screen-reader-text\">Haz clic para compartir en Telegram (Se abre en una ventana nueva)<\/span><\/a><\/li><li class=\"share-end\"><\/li><\/ul><\/div><\/div><\/div>","protected":false},"author":5,"featured_media":42377,"comment_status":"closed","ping_status":"closed","sticky":false,"template":"","format":"standard","meta":{"spay_email":"","jetpack_publicize_message":"","jetpack_is_tweetstorm":false,"jetpack_publicize_feature_enabled":true},"categories":[3],"tags":[4969],"jetpack_featured_media_url":"http:\/\/www.rtvnoticias.com.ar\/wp-content\/uploads\/2024\/09\/fundacion.jpg","jetpack_publicize_connections":[],"jetpack_sharing_enabled":true,"_links":{"self":[{"href":"http:\/\/www.rtvnoticias.com.ar\/index.php?rest_route=\/wp\/v2\/posts\/42376"}],"collection":[{"href":"http:\/\/www.rtvnoticias.com.ar\/index.php?rest_route=\/wp\/v2\/posts"}],"about":[{"href":"http:\/\/www.rtvnoticias.com.ar\/index.php?rest_route=\/wp\/v2\/types\/post"}],"author":[{"embeddable":true,"href":"http:\/\/www.rtvnoticias.com.ar\/index.php?rest_route=\/wp\/v2\/users\/5"}],"replies":[{"embeddable":true,"href":"http:\/\/www.rtvnoticias.com.ar\/index.php?rest_route=%2Fwp%2Fv2%2Fcomments&post=42376"}],"version-history":[{"count":1,"href":"http:\/\/www.rtvnoticias.com.ar\/index.php?rest_route=\/wp\/v2\/posts\/42376\/revisions"}],"predecessor-version":[{"id":42380,"href":"http:\/\/www.rtvnoticias.com.ar\/index.php?rest_route=\/wp\/v2\/posts\/42376\/revisions\/42380"}],"wp:featuredmedia":[{"embeddable":true,"href":"http:\/\/www.rtvnoticias.com.ar\/index.php?rest_route=\/wp\/v2\/media\/42377"}],"wp:attachment":[{"href":"http:\/\/www.rtvnoticias.com.ar\/index.php?rest_route=%2Fwp%2Fv2%2Fmedia&parent=42376"}],"wp:term":[{"taxonomy":"category","embeddable":true,"href":"http:\/\/www.rtvnoticias.com.ar\/index.php?rest_route=%2Fwp%2Fv2%2Fcategories&post=42376"},{"taxonomy":"post_tag","embeddable":true,"href":"http:\/\/www.rtvnoticias.com.ar\/index.php?rest_route=%2Fwp%2Fv2%2Ftags&post=42376"}],"curies":[{"name":"wp","href":"https:\/\/api.w.org\/{rel}","templated":true}]}}