{"id":42381,"date":"2024-09-20T01:36:00","date_gmt":"2024-09-20T04:36:00","guid":{"rendered":"http:\/\/www.rtvnoticias.com.ar\/?p=42381"},"modified":"2024-09-19T18:38:33","modified_gmt":"2024-09-19T21:38:33","slug":"alumnos-de-los-caldenes-presenciaron-debate-oral","status":"publish","type":"post","link":"http:\/\/www.rtvnoticias.com.ar\/?p=42381","title":{"rendered":"Alumnos de Los Caldenes presenciaron debate oral"},"content":{"rendered":"\n<p>Estudiantes de 6to a\u00f1o del Centro Educativo Los Caldenes de General Pico presenciaron un debate oral y una charla con funcionarios en el Edificio Judicial piquense, en el marco del Programa Educaci\u00f3n + Justicia.<\/p>\n\n\n\n<p>El debate estuvo coordinado por el juez de audiencia de juicio Marcelo Pagano. Intervinieron en representaci\u00f3n del Ministerio P\u00fablico Fiscal, el fiscal Dami\u00e1n Campos, acompa\u00f1ado por integrantes de la fiscal\u00eda, Vanina Galv\u00e1n e Ivana Pascual. Por parte de la defensa t\u00e9cnica intervino el defensor oficial Alejandro Caram.<\/p>\n\n\n\n<p>Las\/los alumnas\/os estuvieron acompa\u00f1ados por el docente de Construcci\u00f3n de la Ciudadan\u00eda, Jos\u00e9 Koncurat.<\/p>\n\n\n\n<p>Los estudiantes escucharon los alegatos de inicio del debate- por parte del fiscal y el defensor oficial- ; el testimonio de once testigos y los alegatos finales.<\/p>\n\n\n\n<p>Luego de finalizado el juicio, los\/las alumnos\/as tuvieron oportunidad de conversar con el juez Marcelo Pagano, el fiscal Dami\u00e1n Campos y el defensor Alejandro Caram.<\/p>\n\n\n\n<p>Dialogaron sobre diferentes tem\u00e1ticas, como por ejemplo como se inicia, se desarrolla y se finaliza el proceso penal, los roles de cada una de las partes- jueces, fiscales, defensores- en un debate oral, as\u00ed como tambi\u00e9n los roles de los testigos y los peritos, las diferentes salidas alternativas al proceso penal- como el juicio abreviado o la suspensi\u00f3n de juicio a prueba- y las distintas fiscal\u00edas tem\u00e1ticas que funcionan en la segunda circunscripci\u00f3n judicial. Tambi\u00e9n los estudiantes evacuaron dudas y consultas.<\/p>\n\n\n\n<p><strong>Educaci\u00f3n + Justicia<\/strong><\/p>\n\n\n\n<p>\u201cEducaci\u00f3n + Justicia\u201d es una iniciativa del Superior Tribunal de Justicia que comenz\u00f3 en 2015 y que tiene, como objetivo central, brindar un acercamiento real del Poder Judicial a la comunidad pampeana y, especialmente, a los estudiantes que est\u00e1n pr\u00f3ximos a cumplir la mayor\u00eda de edad.<\/p>\n\n\n\n<p>El programa tiene una variedad de ofertas pedag\u00f3gicas que van desde las charlas de funcionarios y magistrados en escuelas de toda la provincia, hasta la organizaci\u00f3n de simulacros de juicio; pasando por la concurrencia de alumnos secundarios a debates orales y p\u00fablicos, las visitas guiadas a edificios judiciales y charla con funcionarios.<\/p>\n\n\n\n<p>El programa cuenta con el respaldo del Ministerio de Educaci\u00f3n y la C\u00e1mara de Diputados lo declar\u00f3 de inter\u00e9s legislativo.<\/p>\n<div class=\"sharedaddy sd-sharing-enabled\"><div class=\"robots-nocontent sd-block sd-social sd-social-icon sd-sharing\"><h3 class=\"sd-title\">Comparte esto:<\/h3><div class=\"sd-content\"><ul><li class=\"share-twitter\"><a rel=\"nofollow noopener noreferrer\" data-shared=\"sharing-twitter-42381\" class=\"share-twitter sd-button share-icon no-text\" href=\"http:\/\/www.rtvnoticias.com.ar\/?p=42381&amp;share=twitter\" target=\"_blank\" title=\"Haz clic para compartir en Twitter\"><span><\/span><span class=\"sharing-screen-reader-text\">Haz clic para compartir en Twitter (Se abre en una ventana nueva)<\/span><\/a><\/li><li class=\"share-facebook\"><a rel=\"nofollow noopener noreferrer\" data-shared=\"sharing-facebook-42381\" class=\"share-facebook sd-button share-icon no-text\" href=\"http:\/\/www.rtvnoticias.com.ar\/?p=42381&amp;share=facebook\" target=\"_blank\" title=\"Haz clic para compartir en Facebook\"><span><\/span><span class=\"sharing-screen-reader-text\">Haz clic para compartir en Facebook (Se abre en una ventana nueva)<\/span><\/a><\/li><li class=\"share-jetpack-whatsapp\"><a rel=\"nofollow noopener noreferrer\" data-shared=\"\" class=\"share-jetpack-whatsapp sd-button share-icon no-text\" href=\"http:\/\/www.rtvnoticias.com.ar\/?p=42381&amp;share=jetpack-whatsapp\" target=\"_blank\" title=\"Haz clic para compartir en WhatsApp\"><span><\/span><span class=\"sharing-screen-reader-text\">Haz clic para compartir en WhatsApp (Se abre en una ventana nueva)<\/span><\/a><\/li><li class=\"share-telegram\"><a rel=\"nofollow noopener noreferrer\" data-shared=\"\" class=\"share-telegram sd-button share-icon no-text\" href=\"http:\/\/www.rtvnoticias.com.ar\/?p=42381&amp;share=telegram\" target=\"_blank\" title=\"Haz clic para compartir en Telegram\"><span><\/span><span class=\"sharing-screen-reader-text\">Haz clic para compartir en Telegram (Se abre en una ventana nueva)<\/span><\/a><\/li><li class=\"share-end\"><\/li><\/ul><\/div><\/div><\/div>","protected":false},"excerpt":{"rendered":"<p>Estudiantes de 6to a\u00f1o del Centro Educativo Los Caldenes de General Pico presenciaron un debate oral y una charla con funcionarios en el Edificio Judicial<\/p>\n<div class=\"sharedaddy sd-sharing-enabled\"><div class=\"robots-nocontent sd-block sd-social sd-social-icon sd-sharing\"><h3 class=\"sd-title\">Comparte esto:<\/h3><div class=\"sd-content\"><ul><li class=\"share-twitter\"><a rel=\"nofollow noopener noreferrer\" data-shared=\"sharing-twitter-42381\" class=\"share-twitter sd-button share-icon no-text\" href=\"http:\/\/www.rtvnoticias.com.ar\/?p=42381&amp;share=twitter\" target=\"_blank\" title=\"Haz clic para compartir en Twitter\"><span><\/span><span class=\"sharing-screen-reader-text\">Haz clic para compartir en Twitter (Se abre en una ventana nueva)<\/span><\/a><\/li><li class=\"share-facebook\"><a rel=\"nofollow noopener noreferrer\" data-shared=\"sharing-facebook-42381\" class=\"share-facebook sd-button share-icon no-text\" href=\"http:\/\/www.rtvnoticias.com.ar\/?p=42381&amp;share=facebook\" target=\"_blank\" title=\"Haz clic para compartir en Facebook\"><span><\/span><span class=\"sharing-screen-reader-text\">Haz clic para compartir en Facebook (Se abre en una ventana nueva)<\/span><\/a><\/li><li class=\"share-jetpack-whatsapp\"><a rel=\"nofollow noopener noreferrer\" data-shared=\"\" class=\"share-jetpack-whatsapp sd-button share-icon no-text\" href=\"http:\/\/www.rtvnoticias.com.ar\/?p=42381&amp;share=jetpack-whatsapp\" target=\"_blank\" title=\"Haz clic para compartir en WhatsApp\"><span><\/span><span class=\"sharing-screen-reader-text\">Haz clic para compartir en WhatsApp (Se abre en una ventana nueva)<\/span><\/a><\/li><li class=\"share-telegram\"><a rel=\"nofollow noopener noreferrer\" data-shared=\"\" class=\"share-telegram sd-button share-icon no-text\" href=\"http:\/\/www.rtvnoticias.com.ar\/?p=42381&amp;share=telegram\" target=\"_blank\" title=\"Haz clic para compartir en Telegram\"><span><\/span><span class=\"sharing-screen-reader-text\">Haz clic para compartir en Telegram (Se abre en una ventana nueva)<\/span><\/a><\/li><li class=\"share-end\"><\/li><\/ul><\/div><\/div><\/div>","protected":false},"author":5,"featured_media":42382,"comment_status":"closed","ping_status":"closed","sticky":false,"template":"","format":"standard","meta":{"spay_email":"","jetpack_publicize_message":"","jetpack_is_tweetstorm":false,"jetpack_publicize_feature_enabled":true},"categories":[3],"tags":[4970],"jetpack_featured_media_url":"http:\/\/www.rtvnoticias.com.ar\/wp-content\/uploads\/2024\/09\/calddenes-juiciooral.jpg","jetpack_publicize_connections":[],"jetpack_sharing_enabled":true,"_links":{"self":[{"href":"http:\/\/www.rtvnoticias.com.ar\/index.php?rest_route=\/wp\/v2\/posts\/42381"}],"collection":[{"href":"http:\/\/www.rtvnoticias.com.ar\/index.php?rest_route=\/wp\/v2\/posts"}],"about":[{"href":"http:\/\/www.rtvnoticias.com.ar\/index.php?rest_route=\/wp\/v2\/types\/post"}],"author":[{"embeddable":true,"href":"http:\/\/www.rtvnoticias.com.ar\/index.php?rest_route=\/wp\/v2\/users\/5"}],"replies":[{"embeddable":true,"href":"http:\/\/www.rtvnoticias.com.ar\/index.php?rest_route=%2Fwp%2Fv2%2Fcomments&post=42381"}],"version-history":[{"count":1,"href":"http:\/\/www.rtvnoticias.com.ar\/index.php?rest_route=\/wp\/v2\/posts\/42381\/revisions"}],"predecessor-version":[{"id":42383,"href":"http:\/\/www.rtvnoticias.com.ar\/index.php?rest_route=\/wp\/v2\/posts\/42381\/revisions\/42383"}],"wp:featuredmedia":[{"embeddable":true,"href":"http:\/\/www.rtvnoticias.com.ar\/index.php?rest_route=\/wp\/v2\/media\/42382"}],"wp:attachment":[{"href":"http:\/\/www.rtvnoticias.com.ar\/index.php?rest_route=%2Fwp%2Fv2%2Fmedia&parent=42381"}],"wp:term":[{"taxonomy":"category","embeddable":true,"href":"http:\/\/www.rtvnoticias.com.ar\/index.php?rest_route=%2Fwp%2Fv2%2Fcategories&post=42381"},{"taxonomy":"post_tag","embeddable":true,"href":"http:\/\/www.rtvnoticias.com.ar\/index.php?rest_route=%2Fwp%2Fv2%2Ftags&post=42381"}],"curies":[{"name":"wp","href":"https:\/\/api.w.org\/{rel}","templated":true}]}}