{"id":42392,"date":"2024-09-21T13:00:04","date_gmt":"2024-09-21T16:00:04","guid":{"rendered":"http:\/\/www.rtvnoticias.com.ar\/?p=42392"},"modified":"2024-09-21T13:00:08","modified_gmt":"2024-09-21T16:00:08","slug":"cierra-la-3edicion-de-la-feria-provincial-del-libro-infantil-y-juvenil-con-la-tradicional-estudiantina","status":"publish","type":"post","link":"http:\/\/www.rtvnoticias.com.ar\/?p=42392","title":{"rendered":"Cierra la 3\u00b0Edici\u00f3n de la Feria Provincial del Libro Infantil y Juvenil con la tradicional \u00abEstudiantina\u00bb"},"content":{"rendered":"\n<p>Cierra hoy la 3\u00b0 Edici\u00f3n de la Feria Provincial del Libro Infantil y Juvenil que organiz\u00f3 de manera conjunta la Secretar\u00eda de Cultura del Gobierno de La Pampa y la Municipalidad de General Pico.<\/p>\n\n\n\n<p>La propuesta, de car\u00e1cter libre y gratuito, present\u00f3 m\u00e1s de 40 editoriales de todo el pa\u00eds, obras de teatro, cine, talleres, presentaci\u00f3n de libros y m\u00fasica. Fueron m\u00faltiples las alternativas y estuvo abierta a todo el p\u00fablico.<\/p>\n\n\n\n<p>Las actividades de la \u00faltima jornada contempla desde las 9:00 la apertura de stands de El Viejo Galp\u00f3n.<\/p>\n\n\n\n<p>Por la ma\u00f1ana, la \u00faltima fecha tendr\u00e1 dos propuestas planificadas para adultas y adultos: a las 9 horas, un taller de ex Libris en la Sala 2 a cargo de Carina Barroso y a las 11:00, \u201cExperiencias de leer y escribir. Un camino de construcci\u00f3n y juego\u201d, con Adriana Maggio.<\/p>\n\n\n\n<p>Por la tarde, a las 14:00, tendr\u00e1 lugar una Jam Literaria que reunir\u00e1 a artistas, m\u00fasicos, m\u00fasicas, escritoras y escritores. En sincron\u00eda, se presentar\u00e1 \u201cDentro de una nube\u201d, escrito por Nidia Tineo.<br>A las 15:00 una suelta de poes\u00edas.<\/p>\n\n\n\n<p>A las 15:30 en la Biblioteca se concretar\u00e1 \u201cCartas para ma\u00f1ana\u201d y la marat\u00f3n de escritura. En el Museo tendr\u00e1n lugar \u201cInterviniendo la historia\u201d y \u201cHerbario + Diaproyecciones\u201d.<\/p>\n\n\n\n<p>A las 16:00 en el Centro Cultural Marac\u00f3 tendr\u00e1 lugar el taller \u201cLibro de artista\u201d. En El Viejo Galp\u00f3n se desarrollar\u00e1 \u201cTender nombres\u201d.<\/p>\n\n\n\n<p>Asimismo, a las 17:00 se presentar\u00e1 \u201cJugando a las escondidas\u201d, del taller Laboratorio entre Palabras y Papeles del Centro de Salud G. Brown.<\/p>\n\n\n\n<p>A las 18:00 ser\u00e1 el cierre de la Feria Provincial del Libro en el Paseo Ferroviario, en el contexto de la tradicional Estudiantina.<\/p>\n\n\n\n<p>En el marco de la culminaci\u00f3n de todas las opciones mencionadas, se colocar\u00e1 una placa recordatoria del lugar donde se ubicaba la casa del escritor piquense, Juan Jos\u00e9 Sena. En la misma fecha en que se conmemora su cumplea\u00f1os es, adem\u00e1s, el D\u00eda del Escritor piquense.<\/p>\n<div class=\"sharedaddy sd-sharing-enabled\"><div class=\"robots-nocontent sd-block sd-social sd-social-icon sd-sharing\"><h3 class=\"sd-title\">Comparte esto:<\/h3><div class=\"sd-content\"><ul><li class=\"share-twitter\"><a rel=\"nofollow noopener noreferrer\" data-shared=\"sharing-twitter-42392\" class=\"share-twitter sd-button share-icon no-text\" href=\"http:\/\/www.rtvnoticias.com.ar\/?p=42392&amp;share=twitter\" target=\"_blank\" title=\"Haz clic para compartir en Twitter\"><span><\/span><span class=\"sharing-screen-reader-text\">Haz clic para compartir en Twitter (Se abre en una ventana nueva)<\/span><\/a><\/li><li class=\"share-facebook\"><a rel=\"nofollow noopener noreferrer\" data-shared=\"sharing-facebook-42392\" class=\"share-facebook sd-button share-icon no-text\" href=\"http:\/\/www.rtvnoticias.com.ar\/?p=42392&amp;share=facebook\" target=\"_blank\" title=\"Haz clic para compartir en Facebook\"><span><\/span><span class=\"sharing-screen-reader-text\">Haz clic para compartir en Facebook (Se abre en una ventana nueva)<\/span><\/a><\/li><li class=\"share-jetpack-whatsapp\"><a rel=\"nofollow noopener noreferrer\" data-shared=\"\" class=\"share-jetpack-whatsapp sd-button share-icon no-text\" href=\"http:\/\/www.rtvnoticias.com.ar\/?p=42392&amp;share=jetpack-whatsapp\" target=\"_blank\" title=\"Haz clic para compartir en WhatsApp\"><span><\/span><span class=\"sharing-screen-reader-text\">Haz clic para compartir en WhatsApp (Se abre en una ventana nueva)<\/span><\/a><\/li><li class=\"share-telegram\"><a rel=\"nofollow noopener noreferrer\" data-shared=\"\" class=\"share-telegram sd-button share-icon no-text\" href=\"http:\/\/www.rtvnoticias.com.ar\/?p=42392&amp;share=telegram\" target=\"_blank\" title=\"Haz clic para compartir en Telegram\"><span><\/span><span class=\"sharing-screen-reader-text\">Haz clic para compartir en Telegram (Se abre en una ventana nueva)<\/span><\/a><\/li><li class=\"share-end\"><\/li><\/ul><\/div><\/div><\/div>","protected":false},"excerpt":{"rendered":"<p>Cierra hoy la 3\u00b0 Edici\u00f3n de la Feria Provincial del Libro Infantil y Juvenil que organiz\u00f3 de manera conjunta la Secretar\u00eda de Cultura del Gobierno<\/p>\n<div class=\"sharedaddy sd-sharing-enabled\"><div class=\"robots-nocontent sd-block sd-social sd-social-icon sd-sharing\"><h3 class=\"sd-title\">Comparte esto:<\/h3><div class=\"sd-content\"><ul><li class=\"share-twitter\"><a rel=\"nofollow noopener noreferrer\" data-shared=\"sharing-twitter-42392\" class=\"share-twitter sd-button share-icon no-text\" href=\"http:\/\/www.rtvnoticias.com.ar\/?p=42392&amp;share=twitter\" target=\"_blank\" title=\"Haz clic para compartir en Twitter\"><span><\/span><span class=\"sharing-screen-reader-text\">Haz clic para compartir en Twitter (Se abre en una ventana nueva)<\/span><\/a><\/li><li class=\"share-facebook\"><a rel=\"nofollow noopener noreferrer\" data-shared=\"sharing-facebook-42392\" class=\"share-facebook sd-button share-icon no-text\" href=\"http:\/\/www.rtvnoticias.com.ar\/?p=42392&amp;share=facebook\" target=\"_blank\" title=\"Haz clic para compartir en Facebook\"><span><\/span><span class=\"sharing-screen-reader-text\">Haz clic para compartir en Facebook (Se abre en una ventana nueva)<\/span><\/a><\/li><li class=\"share-jetpack-whatsapp\"><a rel=\"nofollow noopener noreferrer\" data-shared=\"\" class=\"share-jetpack-whatsapp sd-button share-icon no-text\" href=\"http:\/\/www.rtvnoticias.com.ar\/?p=42392&amp;share=jetpack-whatsapp\" target=\"_blank\" title=\"Haz clic para compartir en WhatsApp\"><span><\/span><span class=\"sharing-screen-reader-text\">Haz clic para compartir en WhatsApp (Se abre en una ventana nueva)<\/span><\/a><\/li><li class=\"share-telegram\"><a rel=\"nofollow noopener noreferrer\" data-shared=\"\" class=\"share-telegram sd-button share-icon no-text\" href=\"http:\/\/www.rtvnoticias.com.ar\/?p=42392&amp;share=telegram\" target=\"_blank\" title=\"Haz clic para compartir en Telegram\"><span><\/span><span class=\"sharing-screen-reader-text\">Haz clic para compartir en Telegram (Se abre en una ventana nueva)<\/span><\/a><\/li><li class=\"share-end\"><\/li><\/ul><\/div><\/div><\/div>","protected":false},"author":5,"featured_media":0,"comment_status":"closed","ping_status":"closed","sticky":false,"template":"","format":"standard","meta":{"spay_email":"","jetpack_publicize_message":"","jetpack_is_tweetstorm":false,"jetpack_publicize_feature_enabled":true},"categories":[1],"tags":[],"jetpack_featured_media_url":"","jetpack_publicize_connections":[],"jetpack_sharing_enabled":true,"_links":{"self":[{"href":"http:\/\/www.rtvnoticias.com.ar\/index.php?rest_route=\/wp\/v2\/posts\/42392"}],"collection":[{"href":"http:\/\/www.rtvnoticias.com.ar\/index.php?rest_route=\/wp\/v2\/posts"}],"about":[{"href":"http:\/\/www.rtvnoticias.com.ar\/index.php?rest_route=\/wp\/v2\/types\/post"}],"author":[{"embeddable":true,"href":"http:\/\/www.rtvnoticias.com.ar\/index.php?rest_route=\/wp\/v2\/users\/5"}],"replies":[{"embeddable":true,"href":"http:\/\/www.rtvnoticias.com.ar\/index.php?rest_route=%2Fwp%2Fv2%2Fcomments&post=42392"}],"version-history":[{"count":1,"href":"http:\/\/www.rtvnoticias.com.ar\/index.php?rest_route=\/wp\/v2\/posts\/42392\/revisions"}],"predecessor-version":[{"id":42393,"href":"http:\/\/www.rtvnoticias.com.ar\/index.php?rest_route=\/wp\/v2\/posts\/42392\/revisions\/42393"}],"wp:attachment":[{"href":"http:\/\/www.rtvnoticias.com.ar\/index.php?rest_route=%2Fwp%2Fv2%2Fmedia&parent=42392"}],"wp:term":[{"taxonomy":"category","embeddable":true,"href":"http:\/\/www.rtvnoticias.com.ar\/index.php?rest_route=%2Fwp%2Fv2%2Fcategories&post=42392"},{"taxonomy":"post_tag","embeddable":true,"href":"http:\/\/www.rtvnoticias.com.ar\/index.php?rest_route=%2Fwp%2Fv2%2Ftags&post=42392"}],"curies":[{"name":"wp","href":"https:\/\/api.w.org\/{rel}","templated":true}]}}